{"id":172166,"date":"2023-12-19T15:04:01","date_gmt":"2023-12-19T14:04:01","guid":{"rendered":"https:\/\/us.edu.pl\/wydzial\/wnst\/?p=172166"},"modified":"2023-12-21T11:38:25","modified_gmt":"2023-12-21T10:38:25","slug":"aliaz-sztuki-i-technologii-podczas-dni-otwartych-w-liceum-in-altum-w-katowicach","status":"publish","type":"post","link":"https:\/\/us.edu.pl\/wydzial\/wnst\/2023\/12\/19\/aliaz-sztuki-i-technologii-podczas-dni-otwartych-w-liceum-in-altum-w-katowicach\/","title":{"rendered":"Alia\u017c sztuki i technologii podczas dni otwartych w Liceum In Altum w Katowicach"},"content":{"rendered":"<p>[vc_row][vc_column width=&#8221;2\/3&#8243;]\r\n                <div class=\"text-modules\">\r\n                    <div class=\"container\">\r\n                        \r\n                        <div class=\"text-modules__content\"><p>W grudniu, w Liceum \u00a0In Altum w Katowicach w ramach dnia otwartego\u00a0zosta\u0142y przeprowadzone warsztaty dotycz\u0105ce <a href=\"https:\/\/us.edu.pl\/instytut\/ii\/badania-i-nauka\/projekty\" target=\"_blank\" rel=\"noopener\">wystawy Instytutu Informatyki<\/a> <strong>\u201eAlia\u017c sztuki i technologii&#8221;<\/strong>.\u00a0Razem z kampani\u0105\u00a0<strong>Not_Stand.art<\/strong>\u00a0rozmawiano o sztuce i\u00a0 dzie\u0142ach prezentowanych na wystawie.<\/p>\n<p>Wyja\u015bniono na czym polega sztuka generatywna, pokazano proces powstawania niekt\u00f3rych prac czy nawet parametry algorytm\u00f3w dla wybranych obraz\u00f3w. Podczas wsp\u00f3lnej prelekcji uczniowie zanurzyli si\u0119 na chwil\u0119 w \u015bwiecie sztuki, nauki i technologii. Wszyscy poczuli, jak ciekawe s\u0105 te dziedziny, a po\u0142\u0105czone, stanowi\u0105 obraz kreuj\u0105cej si\u0119 przysz\u0142o\u015bci.<\/p>\n<p>Podczas prezentacji obraz\u00f3w Van Gogha pojawi\u0142 si\u0119 tak\u017ce temat jego \u017cyciorysu, inspiracji czy motyw\u00f3w, kt\u00f3re kierowa\u0142y artyst\u0105 podczas tworzenia autoportret\u00f3w oraz s\u0142ynnego obrazu \u201eGwie\u017adzista noc\u201d.<\/p>\n<p>Spotkanie sta\u0142o si\u0119 pretekstem do rozm\u00f3w, wymiany my\u015bli i do\u015bwiadcze\u0144.<\/p>\n<\/div>\r\n                    <\/div>\r\n                <\/div>[\/vc_column][vc_column width=&#8221;1\/3&#8243;][vc_single_image image=&#8221;172165&#8243; img_size=&#8221;large&#8221; alignment=&#8221;center&#8221; style=&#8221;vc_box_rounded&#8221;][\/vc_column][\/vc_row][vc_row][vc_column]            \r\n                    <div class=\"container\">\r\n                        <div class=\"gallery gallery_2\" data-images-in-row=\"2\">\r\n                            \r\n                            <div class=\"row m-0\">\r\n                                <a data-fancybox-group=\"button\" title=\"Alia\u017c sztuki i technologii  w LO In Altum w Katowicach\" data-fancybox=\"4094\" href=\"https:\/\/us.edu.pl\/wydzial\/wnst\/wp-content\/uploads\/sites\/18\/zdjecia-wydarzenia\/zd3.jpg\" class=\"gallery__item thumbnail\"\r\n                                    style=\"background-image: url(https:\/\/us.edu.pl\/wydzial\/wnst\/wp-content\/uploads\/sites\/18\/zdjecia-wydarzenia\/zd3-1024x768.jpg)\"> <span class=\"d-none\">https:\/\/us.edu.pl\/wydzial\/wnst\/wp-content\/uploads\/sites\/18\/zdjecia-wydarzenia\/zd3.jpg<\/span> <\/a><a data-fancybox-group=\"button\" title=\"Alia\u017c sztuki i technologii  w LO In Altum w Katowicach\" data-fancybox=\"4094\" href=\"https:\/\/us.edu.pl\/wydzial\/wnst\/wp-content\/uploads\/sites\/18\/zdjecia-wydarzenia\/zd8.jpg\" class=\"gallery__item thumbnail\"\r\n                                    style=\"background-image: url(https:\/\/us.edu.pl\/wydzial\/wnst\/wp-content\/uploads\/sites\/18\/zdjecia-wydarzenia\/zd8.jpg)\"> <span class=\"d-none\">https:\/\/us.edu.pl\/wydzial\/wnst\/wp-content\/uploads\/sites\/18\/zdjecia-wydarzenia\/zd8.jpg<\/span> <\/a><a data-fancybox-group=\"button\" title=\"Alia\u017c sztuki i technologii  w LO In Altum w Katowicach\" data-fancybox=\"4094\" href=\"https:\/\/us.edu.pl\/wydzial\/wnst\/wp-content\/uploads\/sites\/18\/zdjecia-wydarzenia\/zd7.jpg\" class=\"gallery__item thumbnail\"\r\n                                    style=\"background-image: url(https:\/\/us.edu.pl\/wydzial\/wnst\/wp-content\/uploads\/sites\/18\/zdjecia-wydarzenia\/zd7.jpg)\"> <span class=\"d-none\">https:\/\/us.edu.pl\/wydzial\/wnst\/wp-content\/uploads\/sites\/18\/zdjecia-wydarzenia\/zd7.jpg<\/span> <\/a><a data-fancybox-group=\"button\" title=\"Alia\u017c sztuki i technologii  w LO In Altum w Katowicach\" data-fancybox=\"4094\" href=\"https:\/\/us.edu.pl\/wydzial\/wnst\/wp-content\/uploads\/sites\/18\/zdjecia-wydarzenia\/zd6.jpg\" class=\"gallery__item thumbnail\"\r\n                                    style=\"background-image: url(https:\/\/us.edu.pl\/wydzial\/wnst\/wp-content\/uploads\/sites\/18\/zdjecia-wydarzenia\/zd6-1024x768.jpg)\"> <span class=\"d-none\">https:\/\/us.edu.pl\/wydzial\/wnst\/wp-content\/uploads\/sites\/18\/zdjecia-wydarzenia\/zd6.jpg<\/span> <\/a><a data-fancybox-group=\"button\" title=\"Alia\u017c sztuki i technologii  w LO In Altum w Katowicach\" data-fancybox=\"4094\" href=\"https:\/\/us.edu.pl\/wydzial\/wnst\/wp-content\/uploads\/sites\/18\/zdjecia-wydarzenia\/zd5.jpg\" class=\"gallery__item thumbnail\"\r\n                                    style=\"background-image: url(https:\/\/us.edu.pl\/wydzial\/wnst\/wp-content\/uploads\/sites\/18\/zdjecia-wydarzenia\/zd5-1024x768.jpg)\"> <span class=\"d-none\">https:\/\/us.edu.pl\/wydzial\/wnst\/wp-content\/uploads\/sites\/18\/zdjecia-wydarzenia\/zd5.jpg<\/span> <\/a><a data-fancybox-group=\"button\" title=\"Alia\u017c sztuki i technologii  w LO In Altum w Katowicach\" data-fancybox=\"4094\" href=\"https:\/\/us.edu.pl\/wydzial\/wnst\/wp-content\/uploads\/sites\/18\/zdjecia-wydarzenia\/zd4.jpg\" class=\"gallery__item thumbnail\"\r\n                                    style=\"background-image: url(https:\/\/us.edu.pl\/wydzial\/wnst\/wp-content\/uploads\/sites\/18\/zdjecia-wydarzenia\/zd4-1024x768.jpg)\"> <span class=\"d-none\">https:\/\/us.edu.pl\/wydzial\/wnst\/wp-content\/uploads\/sites\/18\/zdjecia-wydarzenia\/zd4.jpg<\/span> <\/a>\r\n                            <\/div>\r\n                    <\/div>\r\n                <\/div>[\/vc_column][\/vc_row]<\/p>","protected":false},"excerpt":{"rendered":"<p>[vc_row][vc_column width=&#8221;2\/3&#8243;][\/vc_column][vc_column width=&#8221;1\/3&#8243;][vc_single_image image=&#8221;172165&#8243; img_size=&#8221;large&#8221; alignment=&#8221;center&#8221; style=&#8221;vc_box_rounded&#8221;][\/vc_column][\/vc_row][vc_row][vc_column][\/vc_column][\/vc_row] [&#8230;]<\/p>\n<p><a class=\"btn btn-secondary understrap-read-more-link\" href=\"https:\/\/us.edu.pl\/wydzial\/wnst\/2023\/12\/19\/aliaz-sztuki-i-technologii-podczas-dni-otwartych-w-liceum-in-altum-w-katowicach\/\">Read More&#8230;<\/a><\/p>\n","protected":false},"author":92,"featured_media":172170,"comment_status":"open","ping_status":"open","sticky":false,"template":"","format":"standard","meta":{"_expiration-date-status":"","_expiration-date":0,"_expiration-date-type":"","_expiration-date-categories":[],"_expiration-date-options":[]},"categories":[322,9],"tags":[],"acf":[],"_links":{"self":[{"href":"https:\/\/us.edu.pl\/wydzial\/wnst\/wp-json\/wp\/v2\/posts\/172166"}],"collection":[{"href":"https:\/\/us.edu.pl\/wydzial\/wnst\/wp-json\/wp\/v2\/posts"}],"about":[{"href":"https:\/\/us.edu.pl\/wydzial\/wnst\/wp-json\/wp\/v2\/types\/post"}],"author":[{"embeddable":true,"href":"https:\/\/us.edu.pl\/wydzial\/wnst\/wp-json\/wp\/v2\/users\/92"}],"replies":[{"embeddable":true,"href":"https:\/\/us.edu.pl\/wydzial\/wnst\/wp-json\/wp\/v2\/comments?post=172166"}],"version-history":[{"count":3,"href":"https:\/\/us.edu.pl\/wydzial\/wnst\/wp-json\/wp\/v2\/posts\/172166\/revisions"}],"predecessor-version":[{"id":172225,"href":"https:\/\/us.edu.pl\/wydzial\/wnst\/wp-json\/wp\/v2\/posts\/172166\/revisions\/172225"}],"wp:featuredmedia":[{"embeddable":true,"href":"https:\/\/us.edu.pl\/wydzial\/wnst\/wp-json\/wp\/v2\/media\/172170"}],"wp:attachment":[{"href":"https:\/\/us.edu.pl\/wydzial\/wnst\/wp-json\/wp\/v2\/media?parent=172166"}],"wp:term":[{"taxonomy":"category","embeddable":true,"href":"https:\/\/us.edu.pl\/wydzial\/wnst\/wp-json\/wp\/v2\/categories?post=172166"},{"taxonomy":"post_tag","embeddable":true,"href":"https:\/\/us.edu.pl\/wydzial\/wnst\/wp-json\/wp\/v2\/tags?post=172166"}],"curies":[{"name":"wp","href":"https:\/\/api.w.org\/{rel}","templated":true}]}}