{"id":174302,"date":"2024-04-23T15:02:21","date_gmt":"2024-04-23T13:02:21","guid":{"rendered":"https:\/\/us.edu.pl\/wydzial\/wnst\/?p=174302"},"modified":"2024-04-24T08:42:47","modified_gmt":"2024-04-24T06:42:47","slug":"swiatowy-dzien-swiadomosci-korozyjnej-dr-adrian-gudwanski","status":"publish","type":"post","link":"https:\/\/us.edu.pl\/wydzial\/wnst\/2024\/04\/23\/swiatowy-dzien-swiadomosci-korozyjnej-dr-adrian-gudwanski\/","title":{"rendered":"\u015awiatowy Dzie\u0144 \u015awiadomo\u015bci Korozyjnej | dr Adrian Gudwa\u0144ski"},"content":{"rendered":"<p>[vc_row][vc_column][vc_column_text][\/vc_column_text][\/vc_column][\/vc_row][vc_row content_placement=&#8221;middle&#8221; css=&#8221;.vc_custom_1656671476236{margin-bottom: 0px !important;border-bottom-width: 0px !important;padding-bottom: 0px !important;}&#8221;][vc_column width=&#8221;1\/4&#8243;]\r\n                <div class=\"text-modules\">\r\n                    <div class=\"container\">\r\n                        \r\n                        <div class=\"text-modules__content\"><\/p>\n<p style=\"text-align: right;\"><strong><small><span style=\"letter-spacing: 0.6mm; color: #011535; font-size: 140%; font-family: 'PT Sans Narrow';\">24 kwietnia<\/span><\/small><\/strong><\/p>\n<p style=\"text-align: right;\"><strong><small><span style=\"letter-spacing: 0.4mm; color: #9b132a; font-size: 160%; font-family: PT Sans Narrow;\">\u015aWIATOWY DZIE\u0143 \u015aWIADOMO\u015aCI KOROZYJNEJ<br \/>\n<\/span><\/small><\/strong><\/p>\n<p>\n<\/div>\r\n                    <\/div>\r\n                <\/div>[vc_single_image image=&#8221;16858&#8243; img_size=&#8221;full&#8221; alignment=&#8221;center&#8221; style=&#8221;vc_box_rounded&#8221;][\/vc_column][vc_column width=&#8221;3\/4&#8243;]\r\n                <div class=\"text-modules\">\r\n                    <div class=\"container\">\r\n                        \r\n                        <div class=\"text-modules__content\"><p><a href=\"https:\/\/us.edu.pl\/wydzial\/wnst\/event\/?strona=1&amp;widok=lista&amp;odbiorca=&amp;kategoria=343&amp;lokalizacja=&amp;rok=&amp;miesiac=\">\u201eKartka z kalendarza\u201d<\/a> to cykl artyku\u0142\u00f3w, kt\u00f3re powstawa\u0142y z okazji r\u00f3\u017cnych nietypowych \u015bwi\u0105t. Autorami prezentowanych materia\u0142\u00f3w s\u0105 studenci, doktoranci i pracownicy Wydzia\u0142u Nauk \u015acis\u0142ych i Technicznych U\u015a.<\/p>\n<\/div>\r\n                    <\/div>\r\n                <\/div>[vc_separator color=&#8221;custom&#8221; accent_color=&#8221;#9b132a&#8221;]\r\n                <div class=\"text-modules\">\r\n                    <div class=\"container\">\r\n                        \r\n                        <div class=\"text-modules__content\"><p>W 2010 roku \u015awiatowa Organizacja Korozyjna (<em>World Corrosion Organization<\/em>\u00a0\u2013 WCO) og\u0142osi\u0142a dzie\u0144\u00a024 kwietnia jako \u015awiatowy Dzie\u0144 \u015awiadomo\u015bci Korozyjnej. Korozja jest problemem globalnym, a celem \u015awiatowego Dnia \u015awiadomo\u015bci Korozyjnej jest u\u015bwiadamianie spo\u0142ecze\u0144stwu zagro\u017ce\u0144, jakie wynikaj\u0105 z korodowania materia\u0142\u00f3w. Jak szacuj\u0105 eksperci, koszty usuwania zniszcze\u0144 korozyjnych w Polsce wynosz\u0105 oko\u0142o 90 miliard\u00f3w z\u0142otych rocznie. Nie s\u0105 to jedyne koszty, poniewa\u017c coraz cz\u0119\u015bciej pokrywa si\u0119 r\u00f3\u017cne materia\u0142y pow\u0142okami ochronnymi przed korozj\u0105, a to zwi\u0119ksza koszty napraw.<\/p>\n<\/div>\r\n                    <\/div>\r\n                <\/div>[\/vc_column][\/vc_row][vc_row css=&#8221;.vc_custom_1711462333911{margin-bottom: 0px !important;border-bottom-width: 0px !important;padding-bottom: 0px !important;}&#8221;][vc_column width=&#8221;1\/4&#8243;][vc_column_text el_class=&#8221;foto&#8221;]<a href=\"https:\/\/us.edu.pl\/wydzial\/wnst\/wp-content\/uploads\/sites\/18\/Bez-kategorii\/Gudwanski-Adrian.jpg\" target=\"_blank\" rel=\"noopener\"><img class=\"wp-image-174906 size-full\" src=\"https:\/\/us.edu.pl\/wydzial\/wnst\/wp-content\/uploads\/sites\/18\/Bez-kategorii\/Gudwanski-Adrian.jpg\" alt=\"\" width=\"100%\" height=\"auto\" srcset=\"https:\/\/us.edu.pl\/wydzial\/wnst\/wp-content\/uploads\/sites\/18\/Bez-kategorii\/Gudwanski-Adrian.jpg 1299w, https:\/\/us.edu.pl\/wydzial\/wnst\/wp-content\/uploads\/sites\/18\/Bez-kategorii\/Gudwanski-Adrian-300x225.jpg 300w, https:\/\/us.edu.pl\/wydzial\/wnst\/wp-content\/uploads\/sites\/18\/Bez-kategorii\/Gudwanski-Adrian-1024x768.jpg 1024w, https:\/\/us.edu.pl\/wydzial\/wnst\/wp-content\/uploads\/sites\/18\/Bez-kategorii\/Gudwanski-Adrian-768x576.jpg 768w, https:\/\/us.edu.pl\/wydzial\/wnst\/wp-content\/uploads\/sites\/18\/Bez-kategorii\/Gudwanski-Adrian-575x431.jpg 575w\" sizes=\"(max-width: 1299px) 100vw, 1299px\" \/><\/a><\/p>\n<p style=\"text-align: center;\"><small><em>Fot. archiwum prywatne<br \/>\n<\/em><\/small><\/p>\n<p>[\/vc_column_text]\r\n                <div class=\"text-modules\">\r\n                    <div class=\"container\">\r\n                        \r\n                        <div class=\"text-modules__content\"><p><span style=\"letter-spacing: 0.4mm; color: #002e5a; font-size: 200%; font-family: PT Sans Narrow;\"><small><strong>dr ADRIAN GUDWA\u0143SKI<br \/>\n<\/strong><\/small><\/span><\/p>\n<hr \/>\n<p><small>Biuro ds. Infrastruktury Badawczo-Dydaktycznej Wydzia\u0142u Nauk \u015acis\u0142ych i Technicznych<\/small><br \/>\n<small><\/small><\/p>\n<ul>\n<li><small>Absolwent Uniwersytetu \u015al\u0105skiego w Katowicach. Doktor Nauk \u015bcis\u0142ych i przyrodniczych w dyscyplinie nauk chemicznych.<\/small><\/li>\n<li><small>Specjalista w akredytowanym Laboratorium Bada\u0144 Korozyjnych mieszcz\u0105cym si\u0119 w Instytucie In\u017cynierii Materia\u0142owej Wydzia\u0142u Nauk \u015acis\u0142ych i Technicznych Uniwersytetu \u015al\u0105skiego w Katowicach. Wsp\u00f3\u0142pracuje z wieloma ga\u0142\u0119ziami przemys\u0142u prowadz\u0105c\u00a0przyspieszone\u00a0badania\u00a0korozyjne\u00a0w\u00a0komorach\u00a0solnych.<\/small><\/li>\n<li><small>Zainteresowania naukowe: chemia organiczna i nieorganiczna, badania odporno\u015bci korozyjnej materia\u0142\u00f3w (metali i ich stop\u00f3w, kompozyt\u00f3w, pow\u0142ok metalowych anodowych i katodowych, pow\u0142ok konwersyjnych, pow\u0142ok anodowych tlenkowych, pow\u0142ok organicznych na materia\u0142ach metalowych).<\/small><\/li>\n<li><small>Hobby: sport (w szczeg\u00f3lno\u015bci pi\u0142ka no\u017cna), historia, nauki \u015bcis\u0142e.<\/small><\/li>\n<\/ul>\n<p><a href=\"https:\/\/ab.us.edu.pl\/emp?id=63373&amp;view=P\" target=\"_blank\" rel=\"noopener\"><small>Wy\u015bwietl publikacje<\/small><\/a><small><\/small><\/p>\n<\/div>\r\n                    <\/div>\r\n                <\/div>[\/vc_column][vc_column width=&#8221;3\/4&#8243;]\r\n                <div class=\"text-modules\">\r\n                    <div class=\"container\">\r\n                        \r\n                        <div class=\"text-modules__content\"><\/p>\n<h3><span style=\"color: #002a5e;\"><strong>Korozja to nie jest do ko\u0144ca sprawa \u201eprzyziemna\u201d\u2026, czyli rola korozji w katastrofach lotniczych<\/strong><\/span><\/h3>\n<p>W dniu 24 kwietnia obchodzimy \u015awiatowy Dzie\u0144 \u015awiadomo\u015bci Korozyjnej.<br \/>\nMimo rozwoju technologii i pojawiania si\u0119 coraz to nowszych i lepszych metod ochrony przed korozj\u0105 w dalszym ci\u0105gu nie jeste\u015bmy w stanie wyeliminowa\u0107 korozji raz na zawsze. Wed\u0142ug oblicze\u0144 w ci\u0105gu roku w skali globu zniszczeniu przez korozj\u0119 ulega 25 mln ton stali, a globalny roczny koszt strat z ni\u0105 zwi\u0105zanych szacuje si\u0119 na 2,5 biliona dolar\u00f3w. Problem korozji dotyka praktycznie wszystkie obszary infrastruktury, mi\u0119dzy innymi budownictwo, przemys\u0142 motoryzacyjny, lotniczy, morski, chemiczny czy naftowy. Opr\u00f3cz strat materia\u0142owych czy finansowych korozja mo\u017ce doprowadzi\u0107 po\u015brednio lub bezpo\u015brednio tak\u017ce do strat bardziej tragicznych w skutkach \u2013 strat zdrowia i\/lub \u017cycia ludzkiego. Niniejszy artyku\u0142 zawiera przyk\u0142ady katastrof lotniczych, w kt\u00f3rych swoj\u0105 rol\u0119 odegra\u0142a korozja.<\/p>\n<p style=\"text-align: center;\"><strong>Katastrofa samolotu MiG-23M pod Kortrijk (4 lipca 1989 r.)<\/strong><\/p>\n<p style=\"text-align: center;\"><img class=\"size-full wp-image-174902 aligncenter\" src=\"https:\/\/us.edu.pl\/wydzial\/wnst\/wp-content\/uploads\/sites\/18\/Bez-kategorii\/korozja-1.jpg\" alt=\"wrak samolotu\" width=\"80%\" height=\"auto\" srcset=\"https:\/\/us.edu.pl\/wydzial\/wnst\/wp-content\/uploads\/sites\/18\/Bez-kategorii\/korozja-1.jpg 1080w, https:\/\/us.edu.pl\/wydzial\/wnst\/wp-content\/uploads\/sites\/18\/Bez-kategorii\/korozja-1-300x143.jpg 300w, https:\/\/us.edu.pl\/wydzial\/wnst\/wp-content\/uploads\/sites\/18\/Bez-kategorii\/korozja-1-1024x489.jpg 1024w, https:\/\/us.edu.pl\/wydzial\/wnst\/wp-content\/uploads\/sites\/18\/Bez-kategorii\/korozja-1-768x367.jpg 768w, https:\/\/us.edu.pl\/wydzial\/wnst\/wp-content\/uploads\/sites\/18\/Bez-kategorii\/korozja-1-575x275.jpg 575w\" sizes=\"(max-width: 1080px) 100vw, 1080px\" \/><\/p>\n<p style=\"text-align: center;\"><small>\u017ar\u00f3d\u0142o: <a href=\"https:\/\/www.smartage.pl\/wp-content\/uploads\/2021\/10\/3555-1080x516.jpg\" target=\"_blank\" rel=\"noopener\">https:\/\/www.smartage.pl\/wp-content\/uploads\/2021\/10\/3555-1080&#215;516.jpg<\/a><\/small><\/p>\n<p>W dniu 4 lipca 1989 roku w belgijskim mie\u015bcie Kortrijk rozbi\u0142 si\u0119 radziecki samolot MiG-23M o numerze bocznym 29, za sterami kt\u00f3rego zasiad\u0142 radziecki pilot pu\u0142kownik Niko\u0142aj Skuridin. Samolot wystartowa\u0142 feralnego dnia z wojskowego lotniska Ko\u0142obrzeg \u2013 Bagicz o godzinie 9:14, kieruj\u0105c si\u0119 w stron\u0119 Morza Ba\u0142tyckiego. Po starcie samolotu na wysoko\u015bci 100 \u2013 150 metr\u00f3w pilot w\u0142\u0105czy\u0142 dopalacz zwi\u0119kszaj\u0105cy ci\u0105g silnika, jednak po tym obroty silnika spad\u0142y w spos\u00f3b wyra\u017any, powoduj\u0105c obni\u017cenie mocy oraz utrat\u0119 pr\u0119dko\u015bci samolotu. Pilot obserwuj\u0105c taki stan rzeczy stwierdzi\u0142, \u017ce silnik uleg\u0142 uszkodzeniu b\u0105d\u017a wy\u0142\u0105czeniu i opu\u015bci\u0142 maszyn\u0119 katapultuj\u0105c si\u0119, a na koniec l\u0105duj\u0105c w spos\u00f3b bezpieczny w morzu, sk\u0105d zosta\u0142 zabrany \u015bmig\u0142owcem. Samolot lecia\u0142 jednak jeszcze oko\u0142o 900 km przelatuj\u0105c nad kilkoma pa\u0144stwami europejskimi, po czym finalnie rozbi\u0142 si\u0119 dopiero po wyczerpaniu paliwa w mie\u015bcie Kortrijk oko\u0142o godziny 10:37 czasu lokalnego. W wyniku katastrofy \u015bmie\u0107 ponios\u0142a 1 osoba \u2013 mieszkaniec Kortrijk.<\/p>\n<p>Pierwszym pytaniem, jakie si\u0119 nasuwa w tych okoliczno\u015bciach jest pytanie o to, jak to mo\u017cliwe, \u017ce samolot z niesprawnym silnikiem przelecia\u0142 jeszcze taki d\u0142ugi dystans zamiast si\u0119 rozbi\u0107? \u015aledztwo przeprowadzone po katastrofie wykaza\u0142o, \u017ce silnik nie zosta\u0142 uszkodzony ca\u0142kowicie, lecz na skutek korozji elektrochemicznej \u00a0jednego z element\u00f3w uk\u0142adu elektrycznego (powsta\u0142ej w wyniku ci\u0105g\u0142ego dzia\u0142ania wody morskiej na przewodach w silniku), chwilowo nast\u0105pi\u0142 spadek jego mocy. Po katapultowaniu si\u0119 pilota, obroty silnika uleg\u0142y zwi\u0119kszeniu do warto\u015bci maksymalnej, co spowodowa\u0142o wzbicie si\u0119 samolotu na wysoko\u015b\u0107 12300 metr\u00f3w, a w\u0142\u0105czony system kontroluj\u0105cy parametry lotu (autopilot), w kt\u00f3ry samolot by\u0142 wyposa\u017cony, utrzymywa\u0142 samolot w powietrzu po wyznaczonym kursie i wysoko\u015bci, a\u017c\u00a0 do wyczerpania paliwa i rozbicia si\u0119 o ziemi\u0119.<\/p>\n<p style=\"text-align: center;\"><strong>Katastrofa KC-130T (10 lipca 2017 r.)<\/strong><\/p>\n<p style=\"text-align: center;\"><img class=\"aligncenter size-full wp-image-174903\" src=\"https:\/\/us.edu.pl\/wydzial\/wnst\/wp-content\/uploads\/sites\/18\/Bez-kategorii\/korozja-2.jpg\" alt=\"wrak samolotu\" width=\"80%\" height=\"auto\" srcset=\"https:\/\/us.edu.pl\/wydzial\/wnst\/wp-content\/uploads\/sites\/18\/Bez-kategorii\/korozja-2.jpg 962w, https:\/\/us.edu.pl\/wydzial\/wnst\/wp-content\/uploads\/sites\/18\/Bez-kategorii\/korozja-2-300x190.jpg 300w, https:\/\/us.edu.pl\/wydzial\/wnst\/wp-content\/uploads\/sites\/18\/Bez-kategorii\/korozja-2-768x485.jpg 768w, https:\/\/us.edu.pl\/wydzial\/wnst\/wp-content\/uploads\/sites\/18\/Bez-kategorii\/korozja-2-575x363.jpg 575w\" sizes=\"(max-width: 962px) 100vw, 962px\" \/><\/p>\n<p style=\"text-align: center;\"><small>\u017ar\u00f3d\u0142o: <a href=\"https:\/\/i.dailymail.co.uk\/i\/pix\/2017\/07\/11\/16\/42389AF200000578-4683912-image-a-16_1499785203087.jpg\" target=\"_blank\" rel=\"noopener\">https:\/\/i.dailymail.co.uk\/i\/pix\/2017\/07\/11\/16\/42389AF200000578-4683912-image-a-16_1499785203087.jpg<\/a><\/small><\/p>\n<p>W dniu 10 lipca 2017 roku o godzinie 15:49 czasu lokalnego (godzina 22:49 czasu polskiego) w\u00a0pobli\u017cu miasta Greenwood\u00a0w stanie\u00a0Missisipi rozbi\u0142 si\u0119 samolot Lockheed Martin KC-130 nale\u017c\u0105cy do ameryka\u0144skich si\u0142 zbrojnych, transportuj\u0105cy \u00a0amunicj\u0119 oraz pojazdy dla \u017co\u0142nierzy. Jako przyczyn\u0119 katastrofy uznano oderwanie si\u0119 \u0142opaty \u015bmig\u0142a, a nast\u0119pnie jej uderzenie w kad\u0142ub na wysoko\u015bci oko\u0142o 6100 metr\u00f3w. W wyniku tego uderzenia dosz\u0142o do ci\u0105gu nast\u0119puj\u0105cych po sobie awarii: oderwania cz\u0119\u015bci poszycia, przeci\u0105\u017cenia wa\u0142u nap\u0119dowego jednego z silnik\u00f3w (nr 3), oderwania \u015bmig\u0142a z tego\u017c silnika i jego wbicia si\u0119 w kad\u0142ub samolotu oraz uderzenia w statecznik poziomy i oderwanie jego cz\u0119\u015bci. Konsekwencj\u0105 tych zdarze\u0144 by\u0142 najpierw rozpad kad\u0142uba samolotu przez dekompresj\u0119 na trzy cz\u0119\u015bci,\u00a0a\u00a0nast\u0119pnie\u00a0jeszcze\u00a0na\u00a0mniejsze\u00a0cz\u0119\u015bci.\u00a0W\u00a0katastrofie\u00a0\u015bmier\u0107\u00a0ponios\u0142o\u00a016\u00a0os\u00f3b.<br \/>\nW wyniku przeprowadzonego \u015bledztwa ustalono, \u017ce na 16 \u0142opat \u015bmigie\u0142 nap\u0119dzaj\u0105cych samolot 12 z nich posiada\u0142o \u015blady g\u0142\u0119bokiej korozji (korozja w\u017cerowa). \u015alady te jak si\u0119 okaza\u0142o, obecne by\u0142y jeszcze przed przeprowadzonym w 2011 roku procesem regeneracji technicznej (wykonywanym po up\u0142ywie 5000 godzin pracy), a najciekawszy jest fakt, i\u017c wszystkie \u015bmig\u0142a przesz\u0142y pomy\u015blnie przez etap kontroli jako\u015bci bez wykazania nieprawid\u0142owo\u015bci. Jak jest zatem mo\u017cliwe, \u017ce \u015blady korozji nie zosta\u0142y zauwa\u017cone przed rozpocz\u0119ciem procesu regeneracji? Do przyczyn zaliczy\u0107 mo\u017cna na przyk\u0142ad:<\/p>\n<ul>\n<li>prawdopodobny brak wykonania bada\u0144 \u0142opat metod\u0105 pr\u0105d\u00f3w wirowych podczas pocz\u0105tkowych bada\u0144 defektoskopowych, co poskutkowa\u0142o przeoczeniem \u015blad\u00f3w korozji na \u0142opatach \u015bmigie\u0142 (takowe badania s\u0105 wymagane przez marynark\u0119 oraz korpus piechoty morskiej),<\/li>\n<li>brak wykrycia \u015blad\u00f3w antykorozyjnych pow\u0142ok epoksydowych na \u0142opatach \u015bmigie\u0142\u00a0 \u00a0(r\u00f3wnie\u017c wymaganych przez marynark\u0119 i korpus piechoty morskiej),<\/li>\n<li>procedury zezwalaj\u0105ce na usuni\u0119cie dokumentacji dotycz\u0105cej przegl\u0105du \u0142opat po up\u0142ywie dw\u00f3ch lat od jego przeprowadzenia, kt\u00f3re jednocze\u015bnie uniemo\u017cliwi\u0142y p\u00f3\u017aniejsze znalezienie odpowiedzi na pytania o to kto i jak wykonywa\u0142 prace serwisowe, czy nak\u0142adane by\u0142y pow\u0142oki ochronne (je\u017celi tak, to kiedy i w jaki spos\u00f3b) oraz czy zosta\u0142o potwierdzone wykonanie prac serwisowych (je\u017celi tak, to kto i kiedy dokonywa\u0142 potwierdzenia).<\/li>\n<\/ul>\n<p>Po katastrofie powo\u0142any zosta\u0142 zesp\u00f3\u0142, kt\u00f3rego celem by\u0142o opracowanie zalece\u0144 i procedur maj\u0105cych uniemo\u017cliwi\u0107 powt\u00f3rzenie podobnych b\u0142\u0119d\u00f3w w przysz\u0142o\u015bci.<\/p>\n<p style=\"text-align: center;\"><strong>Katastrofa lotu Aloha Airlines 243 (28 kwietnia 1988 r.)<\/strong><\/p>\n<p style=\"text-align: center;\"><small><img class=\"alignnone size-full wp-image-174904\" src=\"https:\/\/us.edu.pl\/wydzial\/wnst\/wp-content\/uploads\/sites\/18\/Bez-kategorii\/korozja-3.jpeg\" alt=\"wrak samolotu\" width=\"80%\" height=\"auto\" srcset=\"https:\/\/us.edu.pl\/wydzial\/wnst\/wp-content\/uploads\/sites\/18\/Bez-kategorii\/korozja-3.jpeg 1000w, https:\/\/us.edu.pl\/wydzial\/wnst\/wp-content\/uploads\/sites\/18\/Bez-kategorii\/korozja-3-300x164.jpeg 300w, https:\/\/us.edu.pl\/wydzial\/wnst\/wp-content\/uploads\/sites\/18\/Bez-kategorii\/korozja-3-768x421.jpeg 768w, https:\/\/us.edu.pl\/wydzial\/wnst\/wp-content\/uploads\/sites\/18\/Bez-kategorii\/korozja-3-575x315.jpeg 575w\" sizes=\"(max-width: 1000px) 100vw, 1000px\" \/><\/small><\/p>\n<p style=\"text-align: center;\"><small>\u017ar\u00f3d\u0142o: <a href=\"https:\/\/upload.wikimedia.org\/wikipedia\/commons\/8\/89\/Aloha_Airlines_Flight_243_fuselage_left_side.jpeg\" target=\"_blank\" rel=\"noopener\">https:\/\/upload.wikimedia.org\/wikipedia\/commons\/8\/89\/Aloha_Airlines_Flight_243_fuselage_left_side.jpeg<\/a><\/small><\/p>\n<p>W dniu 28 kwietnia 1988 r. na lotnisku \u00a0Kahului na wyspie Maui na Hawajach wyl\u0105dowa\u0142 uszkodzony samolot \u00a0Boeing 737-297 linii Aloha Airlines o numerze bocznym N73711 lec\u0105cy z lotniska Hilo do Honolulu. W wyniku uszkodzenia samolotu 65 os\u00f3b zosta\u0142o rannych, a 1 osoba zgin\u0119\u0142a. Oko\u0142o godziny 13:48 czasu lokalnego (0:48 czasu polskiego) na wysoko\u015bci 7300 metr\u00f3w w odleg\u0142o\u015bci oko\u0142o 43 km od \u00a0Kahulu pasa\u017cerowie zajmuj\u0105cy miejsca z przodu samolotu us\u0142yszeli ha\u0142as dobiegaj\u0105cy z g\u00f3rnej cz\u0119\u015bci kad\u0142uba, a tak\u017ce zaobserwowali p\u0119kni\u0119cie w poszyciu. W wyniku jego szybkiego powi\u0119kszania si\u0119 dosz\u0142o do eksplozywnej dekompresji powoduj\u0105cej oderwanie du\u017cego fragmentu poszycia (na d\u0142ugo\u015bci oko\u0142o 5 \u2013 6 metr\u00f3w). Na skutek takiego zdarzenia za\u0142oga zosta\u0142a zmuszona najpierw do szybkiego zej\u015bcia na wysoko\u015b\u0107 umo\u017cliwiaj\u0105c\u0105 oddychanie powietrzem atmosferycznym (ze wzgl\u0119du na fakt, i\u017c w wyniku oderwania poszycia kad\u0142uba cz\u0119\u015b\u0107 pasa\u017cer\u00f3w zosta\u0142a pozbawiona masek z tlenem), a nast\u0119pnie do awaryjnego l\u0105dowania, kt\u00f3re to zako\u0144czy\u0142o si\u0119 powodzeniem o godzinie 13:58 czasu lokalnego (0:58 czasu polskiego). Za\u0142odze uda\u0142o si\u0119 wyl\u0105dowa\u0107 mimo, \u017ce dodatkowo podczas szybkiego zni\u017cania przesta\u0142 dzia\u0142a\u0107 lewy silnik, a za\u0142oga nie mia\u0142a pewno\u015bci co do stanu wysuni\u0119cia podwozia.<\/p>\n<p>W wyniku \u015bledztwa przeprowadzonego przez Narodow\u0105 Rad\u0119 Bezpiecze\u0144stwa Transportu (National Transportation Safety Board \u2013 NTSB) jako bezpo\u015bredni\u0105 przyczyn\u0119 katastrofy uznano zm\u0119czenie materia\u0142u po\u0142\u0105czone z korozj\u0105 szkieletu samolotu (korozja szczelinowa). Korozj\u0119 spowodowa\u0142a du\u017ca wilgotno\u015b\u0107 panuj\u0105ca w rejonie Hawaj\u00f3w, a samolot wykonywa\u0142 na tym obszarze cz\u0119ste loty przez okres niemal\u017ce 20 lat. Dodatkowo wykazano, \u017ce p\u0119kniecie poszycia by\u0142o na pocz\u0105tku zdecydowanie mniejsze, jednak wci\u0105gni\u0119cie jednej ze stewardess w owe p\u0119kni\u0119cie (znajduj\u0105cej si\u0119 bezpo\u015brednio pod nim) spowodowa\u0142o jego zablokowanie oraz uniemo\u017cliwi\u0142o wyr\u00f3wnanie ci\u015bnienia, co<br \/>\nw konsekwencji doprowadzi\u0142o do oderwania si\u0119 wi\u0119kszej cz\u0119\u015bci poszycia. W toku \u015bledztwa wysz\u0142o r\u00f3wnie\u017c na jaw, \u017ce jeden z pasa\u017cer\u00f3w w momencie wchodzenia na pok\u0142ad samolotu by\u0142 naocznym \u015bwiadkiem obecno\u015bci p\u0119kni\u0119cia w kad\u0142ubie, jednak z nieznanych przyczyn nie poinformowa\u0142 o tym fakcie nikogo z za\u0142ogi.<\/p>\n<p style=\"text-align: center;\"><strong>Katastrofa lotu Far Eastern Air Transport 103 (22 sierpnia 1981 r.)<\/strong><\/p>\n<p style=\"text-align: center;\"><small><img class=\"aligncenter size-full wp-image-174905\" src=\"https:\/\/us.edu.pl\/wydzial\/wnst\/wp-content\/uploads\/sites\/18\/Bez-kategorii\/korozja-4.jpg\" alt=\"cz\u0119\u015b\u0107 blachy rozbitego samolotu\" width=\"80%\" height=\"auto\" srcset=\"https:\/\/us.edu.pl\/wydzial\/wnst\/wp-content\/uploads\/sites\/18\/Bez-kategorii\/korozja-4.jpg 1000w, https:\/\/us.edu.pl\/wydzial\/wnst\/wp-content\/uploads\/sites\/18\/Bez-kategorii\/korozja-4-300x152.jpg 300w, https:\/\/us.edu.pl\/wydzial\/wnst\/wp-content\/uploads\/sites\/18\/Bez-kategorii\/korozja-4-768x388.jpg 768w, https:\/\/us.edu.pl\/wydzial\/wnst\/wp-content\/uploads\/sites\/18\/Bez-kategorii\/korozja-4-575x290.jpg 575w\" sizes=\"(max-width: 1000px) 100vw, 1000px\" \/><\/small><\/p>\n<p style=\"text-align: center;\"><small>\u017ar\u00f3d\u0142o: <a href=\"https:\/\/en.wikipedia.org\/wiki\/Far_Eastern_Air_Transport_Flight_103#\/media\/File:The_wreckage_of_Far_Eastern_Air_Transport_Flight_103.jpg\" target=\"_blank\" rel=\"noopener\">https:\/\/en.wikipedia.org\/wiki\/Far_Eastern_Air_Transport_Flight_103#\/media\/File:The_wreckage_of_Far_Eastern_Air_Transport_Flight_103.jpg<\/a><\/small><\/p>\n<p>W dniu 22 sierpnia 1981 roku dosz\u0142o do katastrofy samolotu\u00a0<a href=\"https:\/\/pl.wikipedia.org\/wiki\/Boeing_737-200\">Boeing 737<\/a>-222 o numerze B-2603 nale\u017c\u0105cego do tajwa\u0144skich linii lotniczych Far Eastern Air Transport (FEAT)<strong>. <\/strong>Samolot nied\u0142ugo po starcie z lotniska w Tajpej na Tajwanie uleg\u0142 rozpadowi w powietrzu na trzy cz\u0119\u015bci, a nast\u0119pnie rozbi\u0142 si\u0119 o godzinie 10:00 czasu lokalnego (4:00 czasu polskiego) w okolicach miasta Miaoli (r\u00f3wnie\u017c na Tajwanie) zabijaj\u0105c 110 os\u00f3b.<\/p>\n<p>Na pocz\u0105tku \u015bledztwa brano pod uwag\u0119 mo\u017cliwo\u015b\u0107, \u017ce samolot sta\u0142 si\u0119 celem ataku terrorystycznego, jednak hipoteza ta szybko upad\u0142a, gdy na \u015bwiat\u0142o dzienne wysz\u0142y nowe informacje. Okaza\u0142o si\u0119 bowiem, \u017ce w trakcie lotu, kt\u00f3ry mia\u0142 miejsce na 17 dni przed katastrof\u0105, na skutek dzia\u0142ania korozji dosz\u0142o do dekompresji kad\u0142uba. W tym przypadku pilotowi uda\u0142o si\u0119 zawr\u00f3ci\u0107 i wyl\u0105dowa\u0107 na lotnisku zapobiegaj\u0105c tragedii. Samolot zosta\u0142 poddany naprawie (skorodowane cz\u0119\u015bci zosta\u0142y zaklejone), po czym zosta\u0142 przywr\u00f3cony do u\u017cytkowania. Niestety, 22 sierpnia 1981 roku p\u0119kni\u0119cie zwi\u0119kszy\u0142o si\u0119 doprowadzaj\u0105c do dekompresji, a w konsekwencji do ca\u0142kowitego rozpadu kad\u0142uba samolotu w trakcie lotu i jego p\u00f3\u017aniejszego zderzenia z ziemi\u0105.<\/p>\n<p>Ostatecznie za prawdopodobn\u0105 przyczyn\u0119 katastrofy uznano lokalne uszkodzenia korozyjne o znacznej wielko\u015bci wyst\u0119puj\u0105ce w dolnych cz\u0119\u015bciach kad\u0142uba (powsta\u0142e na skutek dzia\u0142ania korozji mi\u0119dzykrystalicznej, a tak\u017ce korozji z\u0142uszczaj\u0105cej) oraz obecno\u015b\u0107 niewykrytych wcze\u015bniej p\u0119kni\u0119\u0107.<\/p>\n<h3><span style=\"color: #002e5a;\"><strong>Podsumowanie<\/strong><\/span><\/h3>\n<p>Jak wida\u0107 na przyk\u0142adzie powy\u017cszych katastrof lotniczych, korozja stanowi ca\u0142y czas powa\u017cny problem, pomimo du\u017cego post\u0119pu, jaki dokona\u0142 si\u0119 przez lata w dziedzinie ochrony przed korozj\u0105. Je\u017celi dodatkowo we\u017amiemy pod uwag\u0119 fakt, i\u017c wed\u0142ug danych \u00a0globalnego dostawcy danych dotycz\u0105cych podr\u00f3\u017cy OAG (Official Aviation Guide of the Airways) od pocz\u0105tku 2024 roku na ca\u0142ym \u015bwiecie odby\u0142o si\u0119 ponad 8 milion\u00f3w lot\u00f3w i ka\u017cdy z samolot\u00f3w wykonuj\u0105cy lot nara\u017cony by\u0142 na awarie spowodowane przez korozj\u0119, to kwestia zabezpiecze\u0144 antykorozyjnych samolot\u00f3w jest kwesti\u0105 szalenie istotn\u0105. Oczywi\u015bcie korozja nie jest jedyn\u0105 przeciwno\u015bci\u0105, z kt\u00f3r\u0105 musi radzi\u0107 sobie bran\u017ca lotnicza, bowiem w wi\u0119kszo\u015bci katastrof nie bra\u0142a ona udzia\u0142u. Trzeba jednak wzi\u0105\u0107 pod uwag\u0119, \u017ce korozja stanowi mimo wszystko jak najbardziej realne niebezpiecze\u0144stwo, musimy j\u0105 rozumie\u0107 i by\u0107 \u015bwiadomi jej obecno\u015bci nie tylko w lotnictwie i nie tylko dzisiaj w \u015awiatowym Dniu \u015awiadomo\u015bci Korozyjnej.<\/p>\n<\/div>\r\n                    <\/div>\r\n                <\/div>\r\n                <div class=\"text-modules\">\r\n                    <div class=\"container\">\r\n                        \r\n                        <div class=\"text-modules__content\"><\/p>\n<h3>\u0179r\u00f3d\u0142o:<\/h3>\n<p><strong>[1]\u00a0<\/strong>https:\/\/www.chemiaibiznes.com.pl\/artykuly\/naukowcy-lukasiewicz-maja-patent-na-korozje (data dost\u0119pu: 25.03.2024)<\/p>\n<p><strong>[2]<\/strong> https:\/\/www.products.pcc.eu\/pl\/academy\/korozja-metali-i-sposoby-jej-zapobiegania\/ (data dost\u0119pu: 25.03.2024)<\/p>\n<p><strong>[3]<\/strong> https:\/\/spidersweb.pl\/2023\/10\/niezwykly-lot-samolotu-mig-23.html (data dost\u0119pu: 25.03.2024)<\/p>\n<p><strong>[4]<\/strong> https:\/\/www.smartage.pl\/katastrofa-mig-a-23-pod-kortrijk-1989\/ (data dost\u0119pu: 25.03.2024)<\/p>\n<p><strong>[5]<\/strong>\u00a0https:\/\/twierdzakolobrzeg.pl\/twierdza\/bagicz-rogowo-ustronie\/285-lotnisko-ukladu-warszawskiego (data dost\u0119pu: 25.03.2024)<\/p>\n<p><strong>[6]<\/strong> https:\/\/miastokolobrzeg.pl\/historia\/7032-tragiczny-lot-pod-koniec-zimnej-wojny.html (data dost\u0119pu: 25.03.2024)<\/p>\n<p><strong>[7]<\/strong> https:\/\/www.warhistoryonline.com\/cold-war\/mig-23m-farm-crash-1989.html (data dost\u0119pu: 25.03.2024)<\/p>\n<p><strong>[8]<\/strong>\u00a0https:\/\/news.usni.org\/2018\/12\/06\/marine-corps-corroded-propeller-blade-that-broke-loose-caused-2017-kc-130t-crash (data dost\u0119pu: 25.03.2024)<\/p>\n<p><strong>[9]<\/strong>\u00a0https:\/\/defence24.pl\/przemysl\/wyjasniono-przyczyne-katastrofy-kc-130t-czy-tylko-bledy-w-obsludze (data dost\u0119pu: 25.03.2024)<\/p>\n<p><strong>[10]<\/strong> https:\/\/www.konflikty.pl\/aktualnosci\/wiadomosci\/katastrofa-kc-130-w-stanie-missisipi\/ (data dost\u0119pu: 25.03.2024)<\/p>\n<p><strong>[11]<\/strong> https:\/\/www.thisdayinaviation.com\/tag\/aloha-airlines-flight-243\/ (data dost\u0119pu: 25.03.2024)<\/p>\n<p><strong>[12]<\/strong>\u00a0https:\/\/www.nzherald.co.nz\/world\/screams-then-silence-the-story-of-flight-243s-miracle-landing\/BDV7QVFFX2K23KKZDEOUWZGI54\/ (data dost\u0119pu: 25.03.2024)<\/p>\n<p><strong>[13]<\/strong>\u00a0https:\/\/podroze.onet.pl\/ciekawe\/tragiczny-lot-stewardesa-wyssana-z-samolotu-co-wydarzylo-sie-na-hawajach\/ndbtpz2 (data dost\u0119pu: 25.03.2024)<\/p>\n<p><strong>[14]<\/strong>\u00a0https:\/\/spidersweb.pl\/2023\/01\/aloha-airlines-243.html (data dost\u0119pu: 25.03.2024)<\/p>\n<p><strong>[15]<\/strong>\u00a0https:\/\/geekweek.interia.pl\/technologia\/news-najpowazniejsze-katastrofy-boeinga-737-w-historii-zginelo-ki,nId,5907392 (data dost\u0119pu: 25.03.2024)<\/p>\n<p><strong>[16]<\/strong>\u00a0https:\/\/aviation-safety.net\/database\/record.php?id=19810822-0 (data dost\u0119pu: 25.03.2024)<\/p>\n<p><strong>[17]<\/strong> https:\/\/www.oag.com\/airline-frequency-and-capacity-statistics (data dost\u0119pu: 25.03.2024)<\/p>\n<\/div>\r\n                    <\/div>\r\n                <\/div>[\/vc_column][\/vc_row][vc_row][vc_column][\/vc_column][\/vc_row]<\/p>","protected":false},"excerpt":{"rendered":"<p>[vc_row][vc_column][vc_column_text][\/vc_column_text][\/vc_column][\/vc_row][vc_row content_placement=&#8221;middle&#8221; css=&#8221;.vc_custom_1656671476236{margin-bottom: 0px !important;border-bottom-width: 0px !important;padding-bottom: 0px !important;}&#8221;][vc_column width=&#8221;1\/4&#8243;][vc_single_image image=&#8221;16858&#8243; img_size=&#8221;full&#8221; alignment=&#8221;center&#8221; style=&#8221;vc_box_rounded&#8221;][\/vc_column][vc_column width=&#8221;3\/4&#8243;][vc_separator color=&#8221;custom&#8221; accent_color=&#8221;#9b132a&#8221;][\/vc_column][\/vc_row][vc_row css=&#8221;.vc_custom_1711462333911{margin-bottom: 0px !important;border-bottom-width: 0px !important;padding-bottom: 0px !important;}&#8221;][vc_column width=&#8221;1\/4&#8243;][vc_column_text el_class=&#8221;foto&#8221;] Fot. archiwum prywatne [\/vc_column_text][\/vc_column][vc_column width=&#8221;3\/4&#8243;][\/vc_column][\/vc_row][vc_row][vc_column][\/vc_column][\/vc_row] [&#8230;]<\/p>\n<p><a class=\"btn btn-secondary understrap-read-more-link\" href=\"https:\/\/us.edu.pl\/wydzial\/wnst\/2024\/04\/23\/swiatowy-dzien-swiadomosci-korozyjnej-dr-adrian-gudwanski\/\">Read More&#8230;<\/a><\/p>\n","protected":false},"author":92,"featured_media":166173,"comment_status":"open","ping_status":"open","sticky":false,"template":"","format":"standard","meta":{"_expiration-date-status":"","_expiration-date":0,"_expiration-date-type":"","_expiration-date-categories":[],"_expiration-date-options":[]},"categories":[42,9],"tags":[],"acf":[],"_links":{"self":[{"href":"https:\/\/us.edu.pl\/wydzial\/wnst\/wp-json\/wp\/v2\/posts\/174302"}],"collection":[{"href":"https:\/\/us.edu.pl\/wydzial\/wnst\/wp-json\/wp\/v2\/posts"}],"about":[{"href":"https:\/\/us.edu.pl\/wydzial\/wnst\/wp-json\/wp\/v2\/types\/post"}],"author":[{"embeddable":true,"href":"https:\/\/us.edu.pl\/wydzial\/wnst\/wp-json\/wp\/v2\/users\/92"}],"replies":[{"embeddable":true,"href":"https:\/\/us.edu.pl\/wydzial\/wnst\/wp-json\/wp\/v2\/comments?post=174302"}],"version-history":[{"count":11,"href":"https:\/\/us.edu.pl\/wydzial\/wnst\/wp-json\/wp\/v2\/posts\/174302\/revisions"}],"predecessor-version":[{"id":175043,"href":"https:\/\/us.edu.pl\/wydzial\/wnst\/wp-json\/wp\/v2\/posts\/174302\/revisions\/175043"}],"wp:featuredmedia":[{"embeddable":true,"href":"https:\/\/us.edu.pl\/wydzial\/wnst\/wp-json\/wp\/v2\/media\/166173"}],"wp:attachment":[{"href":"https:\/\/us.edu.pl\/wydzial\/wnst\/wp-json\/wp\/v2\/media?parent=174302"}],"wp:term":[{"taxonomy":"category","embeddable":true,"href":"https:\/\/us.edu.pl\/wydzial\/wnst\/wp-json\/wp\/v2\/categories?post=174302"},{"taxonomy":"post_tag","embeddable":true,"href":"https:\/\/us.edu.pl\/wydzial\/wnst\/wp-json\/wp\/v2\/tags?post=174302"}],"curies":[{"name":"wp","href":"https:\/\/api.w.org\/{rel}","templated":true}]}}