{"id":17716,"date":"2021-10-01T14:53:23","date_gmt":"2021-10-01T12:53:23","guid":{"rendered":"https:\/\/us.edu.pl\/wydzial\/wnst\/?p=17716"},"modified":"2021-10-01T15:17:52","modified_gmt":"2021-10-01T13:17:52","slug":"zyczenia-na-nowy-rok-akademicki-od-dziekanow-wydzialu","status":"publish","type":"post","link":"https:\/\/us.edu.pl\/wydzial\/wnst\/2021\/10\/01\/zyczenia-na-nowy-rok-akademicki-od-dziekanow-wydzialu\/","title":{"rendered":"\u017byczenia na nowy rok akademicki od Dziekan\u00f3w Wydzia\u0142u"},"content":{"rendered":"<p>[vc_row][vc_column width=&#8221;2\/3&#8243;]\r\n                <div class=\"text-modules\">\r\n                    <div class=\"container\">\r\n                        \r\n                        <div class=\"text-modules__content\"><p><img class=\"wp-image-13902 size-full aligncenter\" src=\"https:\/\/us.edu.pl\/wydzial\/wnst\/wp-content\/uploads\/sites\/18\/2021\/06\/wnst_dziekani-800x600.jpg\" alt=\"Dziekani Wydzia\u0142u Nauk \u015acis\u0142ych i Technicznych\" width=\"100%\" height=\"auto\" srcset=\"https:\/\/us.edu.pl\/wydzial\/wnst\/wp-content\/uploads\/sites\/18\/2021\/06\/wnst_dziekani-800x600.jpg 800w, https:\/\/us.edu.pl\/wydzial\/wnst\/wp-content\/uploads\/sites\/18\/2021\/06\/wnst_dziekani-800x600-300x200.jpg 300w, https:\/\/us.edu.pl\/wydzial\/wnst\/wp-content\/uploads\/sites\/18\/2021\/06\/wnst_dziekani-800x600-768x512.jpg 768w, https:\/\/us.edu.pl\/wydzial\/wnst\/wp-content\/uploads\/sites\/18\/2021\/06\/wnst_dziekani-800x600-575x383.jpg 575w\" sizes=\"(max-width: 800px) 100vw, 800px\" \/><\/p>\n<\/div>\r\n                    <\/div>\r\n                <\/div>[\/vc_column][vc_column width=&#8221;1\/3&#8243;][\/vc_column][\/vc_row][vc_row][vc_column width=&#8221;2\/3&#8243;]\r\n                <div class=\"text-modules\">\r\n                    <div class=\"container\">\r\n                        \r\n                        <div class=\"text-modules__content\"><p>\ud83c\udf93 Ca\u0142ej spo\u0142eczno\u015bci Wydzia\u0142u Nauk \u015acis\u0142ych i Technicznych \u017cyczymy rado\u015bci z nowego roku akademickiego 2021\/2022, rozpoczynaj\u0105cego si\u0119 po d\u0142ugim okresie nauczania zdalnego. Wszyscy cieszymy si\u0119 na spotkanie z Wami.<\/p>\n<p>\ud83c\udf93 Niech nowy rok akademicki obfituje w jak najwi\u0119cej sukces\u00f3w naukowych, organizacyjnych i dydaktycznych.<\/p>\n<p>\ud83c\udf93 Wszystkim pracownikom Wydzia\u0142u, a wi\u0119c zar\u00f3wno kadrze naukowej jak i dydaktycznej \u017cyczymy nieustaj\u0105cej rado\u015bci z pracy ze studentami oraz pracy badawczej.<\/p>\n<p>\ud83c\udf93 Studentom, zw\u0142aszcza tym, kt\u00f3rzy dopiero wchodz\u0105 w mury uczelni i Wydzia\u0142u, \u017cyczymy wspania\u0142ej przygody jak\u0105 niew\u0105tpliwie w \u017cyciu ka\u017cdego cz\u0142owieka s\u0105 studia. Niech ta nieustaj\u0105ca praca, jak\u0105 jest nauka, da Wam nie tylko si\u0142\u0119 i umiej\u0119tno\u015bci, a tak\u017ce szans\u0119 zawodowego rozwoju oraz uczy rado\u015bci z ich korzystania.<\/p>\n<p>\ud83d\udcc6 6 pa\u017adziernika 2021 r. o godzinie 10:00 zapraszamy na uroczyst\u0105 Inauguracj\u0119 Roku Akademickiego na naszym wydziale, kt\u00f3ra odb\u0119dzie si\u0119 w auli \u015al\u0105skiego Mi\u0119dzyuczelnianego Centrum Edukacji i Bada\u0144 Interdyscyplinarnych w Chorzowie. Je\u015bli nie dacie rady odwiedzi\u0107 nas osobi\u015bcie, zach\u0119camy do obejrzenia transmisji dost\u0119pnej na kanale YouTube Uniwersytetu \u015al\u0105skiego.<\/p>\n<p>B\u0105d\u017acie zdrowi!<br \/>\nDziekani Wydzia\u0142u Nauk \u015acis\u0142ych i Technicznych<\/p>\n<\/div>\r\n                    <\/div>\r\n                <\/div>[\/vc_column][vc_column width=&#8221;1\/3&#8243;][\/vc_column][\/vc_row][vc_row][vc_column width=&#8221;2\/3&#8243;]\r\n                <div class=\"text-modules\">\r\n                    <div class=\"container\">\r\n                        \r\n                        <div class=\"text-modules__content\"><\/p>\n<p><iframe loading=\"lazy\" title=\"Inauguracja roku akademickiego na Wydziale Nauk \u015acis\u0142ych i Technicznych U\u015a\" width=\"640\" height=\"480\" src=\"https:\/\/www.youtube.com\/embed\/VDu-b9GOONc?feature=oembed\" frameborder=\"0\" allow=\"accelerometer; autoplay; clipboard-write; encrypted-media; gyroscope; picture-in-picture\" allowfullscreen><\/iframe><\/p>\n<p>\n<\/div>\r\n                    <\/div>\r\n                <\/div>[\/vc_column][vc_column width=&#8221;1\/3&#8243;][\/vc_column][\/vc_row]<\/p>","protected":false},"excerpt":{"rendered":"<p>[vc_row][vc_column width=&#8221;2\/3&#8243;][\/vc_column][vc_column width=&#8221;1\/3&#8243;][\/vc_column][\/vc_row][vc_row][vc_column width=&#8221;2\/3&#8243;][\/vc_column][vc_column width=&#8221;1\/3&#8243;][\/vc_column][\/vc_row][vc_row][vc_column width=&#8221;2\/3&#8243;][\/vc_column][vc_column width=&#8221;1\/3&#8243;][\/vc_column][\/vc_row] [&#8230;]<\/p>\n<p><a class=\"btn btn-secondary understrap-read-more-link\" href=\"https:\/\/us.edu.pl\/wydzial\/wnst\/2021\/10\/01\/zyczenia-na-nowy-rok-akademicki-od-dziekanow-wydzialu\/\">Read More&#8230;<\/a><\/p>\n","protected":false},"author":92,"featured_media":13902,"comment_status":"open","ping_status":"open","sticky":false,"template":"","format":"standard","meta":{"_expiration-date-status":"saved","_expiration-date":0,"_expiration-date-type":"","_expiration-date-categories":[],"_expiration-date-options":[]},"categories":[42,9],"tags":[],"acf":[],"_links":{"self":[{"href":"https:\/\/us.edu.pl\/wydzial\/wnst\/wp-json\/wp\/v2\/posts\/17716"}],"collection":[{"href":"https:\/\/us.edu.pl\/wydzial\/wnst\/wp-json\/wp\/v2\/posts"}],"about":[{"href":"https:\/\/us.edu.pl\/wydzial\/wnst\/wp-json\/wp\/v2\/types\/post"}],"author":[{"embeddable":true,"href":"https:\/\/us.edu.pl\/wydzial\/wnst\/wp-json\/wp\/v2\/users\/92"}],"replies":[{"embeddable":true,"href":"https:\/\/us.edu.pl\/wydzial\/wnst\/wp-json\/wp\/v2\/comments?post=17716"}],"version-history":[{"count":8,"href":"https:\/\/us.edu.pl\/wydzial\/wnst\/wp-json\/wp\/v2\/posts\/17716\/revisions"}],"predecessor-version":[{"id":17724,"href":"https:\/\/us.edu.pl\/wydzial\/wnst\/wp-json\/wp\/v2\/posts\/17716\/revisions\/17724"}],"wp:featuredmedia":[{"embeddable":true,"href":"https:\/\/us.edu.pl\/wydzial\/wnst\/wp-json\/wp\/v2\/media\/13902"}],"wp:attachment":[{"href":"https:\/\/us.edu.pl\/wydzial\/wnst\/wp-json\/wp\/v2\/media?parent=17716"}],"wp:term":[{"taxonomy":"category","embeddable":true,"href":"https:\/\/us.edu.pl\/wydzial\/wnst\/wp-json\/wp\/v2\/categories?post=17716"},{"taxonomy":"post_tag","embeddable":true,"href":"https:\/\/us.edu.pl\/wydzial\/wnst\/wp-json\/wp\/v2\/tags?post=17716"}],"curies":[{"name":"wp","href":"https:\/\/api.w.org\/{rel}","templated":true}]}}