{"id":178000,"date":"2024-09-01T19:31:29","date_gmt":"2024-09-01T17:31:29","guid":{"rendered":"https:\/\/us.edu.pl\/wydzial\/wnst\/?p=178000"},"modified":"2024-09-01T21:33:42","modified_gmt":"2024-09-01T19:33:42","slug":"178000","status":"publish","type":"post","link":"https:\/\/us.edu.pl\/wydzial\/wnst\/2024\/09\/01\/178000\/","title":{"rendered":"W\u0142adze Wydzia\u0142u Nauk \u015acis\u0142ych i Technicznych na kadencj\u0119 2024-2028"},"content":{"rendered":"<p>[vc_row][vc_column]\r\n                <div class=\"text-modules\">\r\n                    <div class=\"container\">\r\n                        \r\n                        <div class=\"text-modules__content\"><p>Od dnia 1 wrze\u015bnia 2024 r. Wydzia\u0142em Nauk \u015acis\u0142ych i Technicznych kieruj\u0105 nowe w\u0142adze dzieka\u0144skie:<\/p>\n<ul>\n<li><strong>dr hab. Seweryn Kowalski, prof. U\u015a<\/strong> &#8211; Dziekan Wydzia\u0142u<\/li>\n<li><strong>dr hab. Miros\u0142aw Chor\u0105\u017cewski, prof. U\u015a<\/strong> &#8211; prodziekan ds. nauki i wsp\u00f3\u0142pracy z zagranic\u0105<\/li>\n<li><strong>dr Joanna Maszybrocka, prof. U\u015a<\/strong> &#8211; prodziekan ds. studenckich i kszta\u0142cenia<\/li>\n<li><strong>dr hab. Agnieszka Nowak-Brzezi\u0144ska, prof. U\u015a<\/strong> &#8211; prodziekan ds. promocji i rozwoju.<\/li>\n<\/ul>\n<p><a href=\"https:\/\/us.edu.pl\/wydzial\/wnst\/strona-glowna\/wladze\/\">W\u0142adze &#8211; Wydzia\u0142 Nauk \u015acis\u0142ych i Technicznych | Uniwersytet \u015al\u0105ski w Katowicach<\/a><\/p>\n<\/div>\r\n                    <\/div>\r\n                <\/div>[\/vc_column][\/vc_row][vc_row][vc_column width=&#8221;1\/6&#8243;][\/vc_column][vc_column width=&#8221;2\/3&#8243;][vc_single_image image=&#8221;177996&#8243; img_size=&#8221;full&#8221; alignment=&#8221;center&#8221; style=&#8221;vc_box_rounded&#8221;][\/vc_column][vc_column width=&#8221;1\/6&#8243;][\/vc_column][\/vc_row][vc_row][vc_column]\r\n                <div class=\"text-modules\">\r\n                    <div class=\"container\">\r\n                        \r\n                        <div class=\"text-modules__content\"><p>Jeste\u015bmy przekonani, \u017ce nowa kadra dzieka\u0144ska wniesie \u015bwie\u017ce spojrzenie, energi\u0119 i pomys\u0142y, kt\u00f3re pozwol\u0105 naszemu Wydzia\u0142owi nadal si\u0119 rozwija\u0107.<br \/>\nZach\u0119camy do wsp\u00f3\u0142pracy i dzielenia si\u0119 swoimi pomys\u0142ami \u2013 wsp\u00f3lnie mo\u017cemy osi\u0105gn\u0105\u0107 wiele.<\/p>\n<p>Przed nami ekscytuj\u0105ca kadencja nowych wyzwa\u0144 i mo\u017cliwo\u015bci.<\/p>\n<p><a href=\"https:\/\/us.edu.pl\/wydzial\/wnst\/strona-glowna\/wladze\/\">W\u0142adze \u2013 Wydzia\u0142 Nauk \u015acis\u0142ych i Technicznych | Uniwersytet \u015al\u0105ski w Katowicach<\/a><\/p>\n<\/div>\r\n                    <\/div>\r\n                <\/div>[\/vc_column][\/vc_row]<\/p>","protected":false},"excerpt":{"rendered":"<p>[vc_row][vc_column][\/vc_column][\/vc_row][vc_row][vc_column width=&#8221;1\/6&#8243;][\/vc_column][vc_column width=&#8221;2\/3&#8243;][vc_single_image image=&#8221;177996&#8243; img_size=&#8221;full&#8221; alignment=&#8221;center&#8221; style=&#8221;vc_box_rounded&#8221;][\/vc_column][vc_column width=&#8221;1\/6&#8243;][\/vc_column][\/vc_row][vc_row][vc_column][\/vc_column][\/vc_row] [&#8230;]<\/p>\n<p><a class=\"btn btn-secondary understrap-read-more-link\" href=\"https:\/\/us.edu.pl\/wydzial\/wnst\/2024\/09\/01\/178000\/\">Read More&#8230;<\/a><\/p>\n","protected":false},"author":92,"featured_media":177996,"comment_status":"open","ping_status":"open","sticky":false,"template":"","format":"standard","meta":{"_expiration-date-status":"","_expiration-date":0,"_expiration-date-type":"","_expiration-date-categories":[],"_expiration-date-options":[]},"categories":[9],"tags":[],"acf":[],"_links":{"self":[{"href":"https:\/\/us.edu.pl\/wydzial\/wnst\/wp-json\/wp\/v2\/posts\/178000"}],"collection":[{"href":"https:\/\/us.edu.pl\/wydzial\/wnst\/wp-json\/wp\/v2\/posts"}],"about":[{"href":"https:\/\/us.edu.pl\/wydzial\/wnst\/wp-json\/wp\/v2\/types\/post"}],"author":[{"embeddable":true,"href":"https:\/\/us.edu.pl\/wydzial\/wnst\/wp-json\/wp\/v2\/users\/92"}],"replies":[{"embeddable":true,"href":"https:\/\/us.edu.pl\/wydzial\/wnst\/wp-json\/wp\/v2\/comments?post=178000"}],"version-history":[{"count":6,"href":"https:\/\/us.edu.pl\/wydzial\/wnst\/wp-json\/wp\/v2\/posts\/178000\/revisions"}],"predecessor-version":[{"id":178050,"href":"https:\/\/us.edu.pl\/wydzial\/wnst\/wp-json\/wp\/v2\/posts\/178000\/revisions\/178050"}],"wp:featuredmedia":[{"embeddable":true,"href":"https:\/\/us.edu.pl\/wydzial\/wnst\/wp-json\/wp\/v2\/media\/177996"}],"wp:attachment":[{"href":"https:\/\/us.edu.pl\/wydzial\/wnst\/wp-json\/wp\/v2\/media?parent=178000"}],"wp:term":[{"taxonomy":"category","embeddable":true,"href":"https:\/\/us.edu.pl\/wydzial\/wnst\/wp-json\/wp\/v2\/categories?post=178000"},{"taxonomy":"post_tag","embeddable":true,"href":"https:\/\/us.edu.pl\/wydzial\/wnst\/wp-json\/wp\/v2\/tags?post=178000"}],"curies":[{"name":"wp","href":"https:\/\/api.w.org\/{rel}","templated":true}]}}