{"id":182598,"date":"2024-11-25T08:59:39","date_gmt":"2024-11-25T07:59:39","guid":{"rendered":"https:\/\/us.edu.pl\/wydzial\/wnst\/?p=182598"},"modified":"2024-11-25T13:59:19","modified_gmt":"2024-11-25T12:59:19","slug":"dr-hab-seweryn-kowalski-prof-us-nominowany-do-slaskiej-nagrody-naukowej-2024","status":"publish","type":"post","link":"https:\/\/us.edu.pl\/wydzial\/wnst\/2024\/11\/25\/dr-hab-seweryn-kowalski-prof-us-nominowany-do-slaskiej-nagrody-naukowej-2024\/","title":{"rendered":"dr hab. Seweryn Kowalski, prof. U\u015a nominowany do \u015al\u0105skiej Nagrody Naukowej 2024"},"content":{"rendered":"<p>[vc_row][vc_column]\r\n                <div class=\"text-modules\">\r\n                    <div class=\"container\">\r\n                        \r\n                        <div class=\"text-modules__content\"><p>Z wielk\u0105 dum\u0105 i rado\u015bci\u0105 informujemy, \u017ce dr hab. Seweryn Kowalski, prof. U\u015a dziekan Wydzia\u0142u Nauk \u015acis\u0142ych i Technicznych zosta\u0142 nominowany do \u015al\u0105skiej Nagrody Naukowej 2024.<\/p>\n<\/div>\r\n                    <\/div>\r\n                <\/div>[\/vc_column][\/vc_row][vc_row][vc_column width=&#8221;2\/3&#8243;]\r\n                <div class=\"text-modules\">\r\n                    <div class=\"container\">\r\n                        \r\n                        <div class=\"text-modules__content\"><p><span style=\"color: #002e5a;\"><strong>O nominowanym<\/strong><\/span><\/p>\n<p><strong>Dr hab. Seweryn Kowalski, prof. U\u015a<\/strong> jest znanym fizykiem eksperymentalnym specjalizuj\u0105cym si\u0119 w fizyce cz\u0105stek elementarnych. Jest profesorem na Wydziale Nauk \u015acis\u0142ych i Technicznych Uniwersytetu \u015al\u0105skiego w Katowicach i kierownikiem zespo\u0142u badawczego w Instytucie Fizyki zwi\u0105zanego z eksperymentem NA61\/SHINE w CERN.<br \/>\nTematyka badawcza, kt\u00f3r\u0105 zajmuje si\u0119 prof. Seweryn Kowalski obejmuje badanie zderze\u0144 ci\u0119\u017ckich jon\u00f3w przy energiach po\u015brednich i relatywistycznych, przej\u015bcia fazowe w materii j\u0105drowej, poszukiwanie punktu krytycznego materii podlegaj\u0105cej oddzia\u0142ywaniom silnym oraz badanie w\u0142asno\u015bci produkcji hadron\u00f3w przy progu na powstawanie plazmy kwarkowo-gluonowej.<br \/>\nW 2024 r. zosta\u0142 wybrany na kierownika (spokesperson) wsp\u00f3\u0142pracy eksperymentu <strong><a href=\"https:\/\/shine.web.cern.ch\/\">NA61\/SHINE<\/a>\u00a0<\/strong>w\u00a0<strong>CERN<\/strong>\u00a0na trzyletni\u0105 kadencj\u0119 rozpoczynaj\u0105c\u0105 si\u0119 w grudniu bie\u017c\u0105cego roku. Jest jednym z niewielu Polak\u00f3w kieruj\u0105cych eksperymentem w\u00a0<strong>CERN. <\/strong>Wi\u0119cej o o tym presti\u017cowym stanowisku informowali\u015bmy w maju 2024 r.: <a href=\"https:\/\/us.edu.pl\/wydzial\/wnst\/2024\/05\/15\/dr-hab-seweryn-kowalski-kierownikiem-eksperymentu-w-cern\/\">dr hab. Seweryn Kowalski, prof. U\u015a kierownikiem eksperymentu w CERN<\/a><\/p>\n<p>Wi\u0119cej o Nominowanym:<\/p>\n<ul>\n<li>FILM <a title=\"Link do kana\u0142u YouTube\" href=\"https:\/\/www.youtube.com\/watch?v=XNaz-ZVBGMs\" target=\"_blank\" rel=\"noopener\">\u201eW poszukiwaniu nowych stan\u00f3w materii \u2013 NA61\/SHINE jako przyk\u0142ad eksperymentu w CERN poza LHC\u201d<\/a><\/li>\n<li>Historia wsp\u00f3\u0142praca z CERN: <a href=\"https:\/\/us.edu.pl\/wydzial\/wnst\/2021\/06\/25\/seweryn-kowalski\/\">Seweryn Kowalski &#8211; Wydzia\u0142 Nauk \u015acis\u0142ych i Technicznych | Uniwersytet \u015al\u0105ski w Katowicach<\/a><\/li>\n<li>Link do grupy badawczej:\u00a0<a href=\"https:\/\/us.edu.pl\/instytut\/ifiz\/nauka\/zespoly-badawcze\/fizyka-jadrowa-w-badaniach-oddzialywan-i-jej-zastosowania\/badanie-zderzen-ciezkich-jonow-przy-posrednich-i-wysokich-energiach\/\">Badanie zderze\u0144 ci\u0119\u017ckich jon\u00f3w przy po\u015brednich i wysokich energiach | Instytut Fizyki im. Augusta Che\u0142kowskiego<\/a><\/li>\n<\/ul>\n<p>Gratulujemy i trzymamy kciuki!<\/p>\n<\/div>\r\n                    <\/div>\r\n                <\/div>[\/vc_column][vc_column width=&#8221;1\/3&#8243;][vc_single_image image=&#8221;179728&#8243; img_size=&#8221;large&#8221; alignment=&#8221;center&#8221;][\/vc_column][\/vc_row][vc_row][vc_column]<div class=\"container\"><div class=\"separator\" style=\"background-color: #002E5A\"><\/div><\/div>\r\n                <div class=\"text-modules\">\r\n                    <div class=\"container\">\r\n                        \r\n                        <div class=\"text-modules__content\"><p><span style=\"color: #002e5a;\"><strong>O \u015al\u0105skiej Nagrodzie Naukowej<\/strong><\/span><\/p>\n<p>\u015al\u0105ska Nagroda Naukowa Nagroda jest wyr\u00f3\u017cnieniem dla tych, kt\u00f3rzy w znacz\u0105cy spos\u00f3b przyczyniaj\u0105 si\u0119 do rozwoju nauki i prezentuj\u0105 wybitne osi\u0105gni\u0119cia artystyczne, jak r\u00f3wnie\u017c promuj\u0105 \u015bl\u0105sk\u0105 nauk\u0119 na arenie krajowej i mi\u0119dzynarodowej. Jest wr\u0119czana w ramach ramach \u015al\u0105skiego Festiwalu Nauki KATOWICE. Osoby nagrodzone wybiera Kapitu\u0142a Nagrody, w kt\u00f3rej sk\u0142ad wchodz\u0105 przedstawiciele ka\u017cdej z Uczelni. Jej pracami kieruje prof. dr hab. Maciej Nowak z Uniwersytetu Ekonomicznego w Katowicach.<\/p>\n<p>Tegoroczna gala wr\u0119czenia \u015al\u0105skiej Nagrody Naukowej odb\u0119dzie si\u0119 ju\u017c 8 grudnia o godzinie 19:00 na Scenie Doliny Rawy (Mi\u0119dzynarodowe Centrum Kongresowe w Katowicach).<\/p>\n<p><a href=\"https:\/\/slaskifestiwalnauki.pl\/gala-wreczenia-slaskiej-nagrody-naukowej-2024\">Wi\u0119cej na stronach \u015al\u0105skiego Festiwalu Nauki Katowice<\/a><\/p>\n<p>Gratulujemy i trzymamy kciuki!<\/p>\n<\/div>\r\n                    <\/div>\r\n                <\/div>[\/vc_column][\/vc_row]<\/p>","protected":false},"excerpt":{"rendered":"<p>[vc_row][vc_column][\/vc_column][\/vc_row][vc_row][vc_column width=&#8221;2\/3&#8243;][\/vc_column][vc_column width=&#8221;1\/3&#8243;][vc_single_image image=&#8221;179728&#8243; img_size=&#8221;large&#8221; alignment=&#8221;center&#8221;][\/vc_column][\/vc_row][vc_row][vc_column][\/vc_column][\/vc_row] [&#8230;]<\/p>\n<p><a class=\"btn btn-secondary understrap-read-more-link\" href=\"https:\/\/us.edu.pl\/wydzial\/wnst\/2024\/11\/25\/dr-hab-seweryn-kowalski-prof-us-nominowany-do-slaskiej-nagrody-naukowej-2024\/\">Read More&#8230;<\/a><\/p>\n","protected":false},"author":92,"featured_media":182642,"comment_status":"open","ping_status":"open","sticky":false,"template":"","format":"standard","meta":{"_expiration-date-status":"","_expiration-date":0,"_expiration-date-type":"","_expiration-date-categories":[],"_expiration-date-options":[]},"categories":[492],"tags":[],"acf":[],"_links":{"self":[{"href":"https:\/\/us.edu.pl\/wydzial\/wnst\/wp-json\/wp\/v2\/posts\/182598"}],"collection":[{"href":"https:\/\/us.edu.pl\/wydzial\/wnst\/wp-json\/wp\/v2\/posts"}],"about":[{"href":"https:\/\/us.edu.pl\/wydzial\/wnst\/wp-json\/wp\/v2\/types\/post"}],"author":[{"embeddable":true,"href":"https:\/\/us.edu.pl\/wydzial\/wnst\/wp-json\/wp\/v2\/users\/92"}],"replies":[{"embeddable":true,"href":"https:\/\/us.edu.pl\/wydzial\/wnst\/wp-json\/wp\/v2\/comments?post=182598"}],"version-history":[{"count":4,"href":"https:\/\/us.edu.pl\/wydzial\/wnst\/wp-json\/wp\/v2\/posts\/182598\/revisions"}],"predecessor-version":[{"id":182610,"href":"https:\/\/us.edu.pl\/wydzial\/wnst\/wp-json\/wp\/v2\/posts\/182598\/revisions\/182610"}],"wp:featuredmedia":[{"embeddable":true,"href":"https:\/\/us.edu.pl\/wydzial\/wnst\/wp-json\/wp\/v2\/media\/182642"}],"wp:attachment":[{"href":"https:\/\/us.edu.pl\/wydzial\/wnst\/wp-json\/wp\/v2\/media?parent=182598"}],"wp:term":[{"taxonomy":"category","embeddable":true,"href":"https:\/\/us.edu.pl\/wydzial\/wnst\/wp-json\/wp\/v2\/categories?post=182598"},{"taxonomy":"post_tag","embeddable":true,"href":"https:\/\/us.edu.pl\/wydzial\/wnst\/wp-json\/wp\/v2\/tags?post=182598"}],"curies":[{"name":"wp","href":"https:\/\/api.w.org\/{rel}","templated":true}]}}