{"id":189024,"date":"2025-03-26T07:10:53","date_gmt":"2025-03-26T06:10:53","guid":{"rendered":"https:\/\/us.edu.pl\/wydzial\/wnst\/?p=189024"},"modified":"2025-03-27T09:22:41","modified_gmt":"2025-03-27T08:22:41","slug":"zmarla-ewa-talik","status":"publish","type":"post","link":"https:\/\/us.edu.pl\/wydzial\/wnst\/2025\/03\/26\/zmarla-ewa-talik\/","title":{"rendered":"Zmar\u0142a prof. dr hab. Ewa Talik"},"content":{"rendered":"<p>[vc_row][vc_column width=&#8221;1\/6&#8243;][\/vc_column][vc_column width=&#8221;2\/3&#8243; css=&#8221;.vc_custom_1702289802747{border-top-width: 5px !important;border-right-width: 5px !important;border-bottom-width: 5px !important;border-left-width: 5px !important;background-color: #f7f7f7 !important;border-left-color: #000000 !important;border-left-style: solid !important;border-right-color: #000000 !important;border-right-style: solid !important;border-top-color: #000000 !important;border-top-style: solid !important;border-bottom-color: #000000 !important;border-bottom-style: solid !important;}&#8221;]\r\n                <div class=\"text-modules\">\r\n                    <div class=\"container\">\r\n                        \r\n                        <div class=\"text-modules__content\"><\/p>\n<p style=\"text-align: center;\">Z g\u0142\u0119bokim \u017calem zawiadamiamy,<br \/>\n\u017ce w dniu 25 marca 2025 roku<br \/>\nzmar\u0142a<\/p>\n<p style=\"text-align: center;\"><strong>\u015bp.<br \/>\n<\/strong><strong>prof. dr hab. Ewa Talik<\/strong><\/p>\n<p>&nbsp;<\/p>\n<p style=\"text-align: center;\">\u017begnamy cenionego naukowca, nauczyciela akademickiego,<br \/>\nwychowawc\u0119 wielu pokole\u0144 student\u00f3w.<\/p>\n<p>&nbsp;<\/p>\n<p>&nbsp;<\/p>\n<p style=\"text-align: center;\">Cze\u015b\u0107 Jej pami\u0119ci.<\/p>\n<p>&nbsp;<\/p>\n<p style=\"text-align: center;\">M\u0119\u017cowi, c\u00f3rce, krewnym i bliskim Zmar\u0142ej,<br \/>\nsk\u0142adamy najserdeczniejsze wyrazy wsp\u00f3\u0142czucia.<br \/>\nNasze my\u015bli s\u0105 teraz z Wami.<\/p>\n<p style=\"text-align: center;\">Dziekan, Pracownicy i Studenci<br \/>\nWydzia\u0142u Nauk \u015acis\u0142ych i Technicznych<\/p>\n<p style=\"text-align: center;\">Uroczysto\u015bci pogrzebowe odb\u0119d\u0105 si\u0119 w\u00a0<strong>sobot\u0119, 29 marca br. o godzinie 12:00<br \/>\n<\/strong>w ko\u015bciele Matki Bo\u017cej Wspomo\u017cenia Wiernych w Katowicach Zarzeczu.<\/p>\n<p>\n<\/div>\r\n                    <\/div>\r\n                <\/div>[\/vc_column][vc_column width=&#8221;1\/6&#8243;][\/vc_column][\/vc_row]<\/p>","protected":false},"excerpt":{"rendered":"<p>[vc_row][vc_column width=&#8221;1\/6&#8243;][\/vc_column][vc_column width=&#8221;2\/3&#8243; css=&#8221;.vc_custom_1702289802747{border-top-width: 5px !important;border-right-width: 5px !important;border-bottom-width: 5px !important;border-left-width: 5px !important;background-color: #f7f7f7 !important;border-left-color: #000000 !important;border-left-style: solid !important;border-right-color: #000000 !important;border-right-style: solid !important;border-top-color: #000000 !important;border-top-style: solid !important;border-bottom-color: #000000 !important;border-bottom-style: solid !important;}&#8221;][\/vc_column][vc_column width=&#8221;1\/6&#8243;][\/vc_column][\/vc_row] [&#8230;]<\/p>\n<p><a class=\"btn btn-secondary understrap-read-more-link\" href=\"https:\/\/us.edu.pl\/wydzial\/wnst\/2025\/03\/26\/zmarla-ewa-talik\/\">Read More&#8230;<\/a><\/p>\n","protected":false},"author":92,"featured_media":2024,"comment_status":"open","ping_status":"open","sticky":false,"template":"","format":"standard","meta":{"_expiration-date-status":"","_expiration-date":0,"_expiration-date-type":"","_expiration-date-categories":[],"_expiration-date-options":[]},"categories":[28],"tags":[],"acf":[],"_links":{"self":[{"href":"https:\/\/us.edu.pl\/wydzial\/wnst\/wp-json\/wp\/v2\/posts\/189024"}],"collection":[{"href":"https:\/\/us.edu.pl\/wydzial\/wnst\/wp-json\/wp\/v2\/posts"}],"about":[{"href":"https:\/\/us.edu.pl\/wydzial\/wnst\/wp-json\/wp\/v2\/types\/post"}],"author":[{"embeddable":true,"href":"https:\/\/us.edu.pl\/wydzial\/wnst\/wp-json\/wp\/v2\/users\/92"}],"replies":[{"embeddable":true,"href":"https:\/\/us.edu.pl\/wydzial\/wnst\/wp-json\/wp\/v2\/comments?post=189024"}],"version-history":[{"count":2,"href":"https:\/\/us.edu.pl\/wydzial\/wnst\/wp-json\/wp\/v2\/posts\/189024\/revisions"}],"predecessor-version":[{"id":189286,"href":"https:\/\/us.edu.pl\/wydzial\/wnst\/wp-json\/wp\/v2\/posts\/189024\/revisions\/189286"}],"wp:featuredmedia":[{"embeddable":true,"href":"https:\/\/us.edu.pl\/wydzial\/wnst\/wp-json\/wp\/v2\/media\/2024"}],"wp:attachment":[{"href":"https:\/\/us.edu.pl\/wydzial\/wnst\/wp-json\/wp\/v2\/media?parent=189024"}],"wp:term":[{"taxonomy":"category","embeddable":true,"href":"https:\/\/us.edu.pl\/wydzial\/wnst\/wp-json\/wp\/v2\/categories?post=189024"},{"taxonomy":"post_tag","embeddable":true,"href":"https:\/\/us.edu.pl\/wydzial\/wnst\/wp-json\/wp\/v2\/tags?post=189024"}],"curies":[{"name":"wp","href":"https:\/\/api.w.org\/{rel}","templated":true}]}}