{"id":198455,"date":"2025-07-25T13:04:02","date_gmt":"2025-07-25T11:04:02","guid":{"rendered":"https:\/\/us.edu.pl\/wydzial\/wnst\/?p=198455"},"modified":"2025-07-25T14:39:00","modified_gmt":"2025-07-25T12:39:00","slug":"dr-inz-edyta-matyja-z-grantem-w-ramach-konkursu-miniatura","status":"publish","type":"post","link":"https:\/\/us.edu.pl\/wydzial\/wnst\/2025\/07\/25\/dr-inz-edyta-matyja-z-grantem-w-ramach-konkursu-miniatura\/","title":{"rendered":"Dr in\u017c. Edyta Matyja z grantem w ramach konkursu Miniatura"},"content":{"rendered":"<p>[vc_row][vc_column width=&#8221;2\/3&#8243;]\r\n                <div class=\"text-modules\">\r\n                    <div class=\"container\">\r\n                        \r\n                        <div class=\"text-modules__content\"><p>Serdeczne gratulacje dla Pani dr in\u017c. Edyty Matyji, kt\u00f3ra uzyska\u0142a finansowanie na realizacj\u0119 swoich bada\u0144 naukowych w ramach konkursu Miniatura, finansowanego ze \u015brodk\u00f3w Narodowego Centrum Nauki!<\/p>\n<p>Dr in\u017c. Edyta Matyja otrzyma\u0142a dofinansowanie na badania wst\u0119pne w projekcie naukowym pt. \u201eWytworzenie i charakterystyka wielosk\u0142adnikowych proszk\u00f3w stopu Heuslera Ni-Co-Mn-In-Fe-Cr, otrzymanych metod\u0105 mechanicznej syntezy do zastosowania jako materia\u0142y wyj\u015bciowe w technologii druku 3D oraz produkcji kompozyt\u00f3w funkcjonalnych\u201d (49 610 z\u0142).<\/p>\n<hr \/>\n<p>Dr in\u017c. Edyta Matyja jest badaczk\u0105 w Instytucie In\u017cynierii Materia\u0142owej Uniwersytetu \u015al\u0105skiego. Jej g\u0142\u00f3wne obszary badawcze to mikroskopia elektronowa, stopy z pami\u0119ci\u0105 kszta\u0142tu oraz metalurgia proszk\u00f3w.<br \/>\nLaureatka grantu Miniatura 9 b\u0119dzie realizowa\u0107 projekt pt. \u201eWytworzenie i charakterystyka wielosk\u0142adnikowych proszk\u00f3w stopu Heuslera Ni-Co-Mn-In-Fe-Cr, otrzymanych metod\u0105 mechanicznej syntezy do zastosowania jako materia\u0142y wyj\u015bciowe w technologii druku 3D oraz produkcji kompozyt\u00f3w funkcjonalnych\u201d. Na prowadzenie bada\u0144 otrzyma\u0142a dofinansowanie w kwocie 49 610 PLN.<\/p>\n<p>Projekt realizowany przez dr in\u017c. Edyt\u0119 Matyj\u0119 dotyczy wytworzenia i charakterystyki wielosk\u0142adnikowych proszk\u00f3w stopu Ni-Co-Mn-In-Fe-Cr, kt\u00f3re maj\u0105 zosta\u0107 wykorzystane w technologii druku 3D oraz w produkcji kompozyt\u00f3w z pami\u0119ci\u0105 kszta\u0142tu.<\/p>\n<p>Opracowanie technologii wytwarzania proszk\u00f3w opartych na stopach Ni-Co-Mn-In-Fe-Cr otwiera nowe mo\u017cliwo\u015bci w tworzeniu zaawansowanych funkcjonalnych materia\u0142\u00f3w do zastosowa\u0144 przemys\u0142owych. Dzi\u0119ki po\u0142\u0105czeniu efektu pami\u0119ci kszta\u0142tu z mo\u017cliwo\u015bci\u0105 sterowania za pomoc\u0105 pola magnetycznego, nowo opracowane kompozyty o zwi\u0119kszonej plastyczno\u015bci mog\u0105 stanowi\u0107 alternatyw\u0119 dla np. kruchych materia\u0142\u00f3w piezoelektrycznych stosowanych w elementach wykonawczych i sensorach, a dodatkowo mog\u0105 znale\u017a\u0107 potencjalne zastosowanie w systemach t\u0142umienia drga\u0144 oraz technologii ekologicznego ch\u0142odzenia.<\/p>\n<p>Uzyskane wyniki przyczyni\u0105 si\u0119 do poszerzenia wiedzy w zakresie materia\u0142\u00f3w inteligentnych oraz umo\u017cliwi\u0105 rozw\u00f3j nowoczesnych technologii o potencjalnym znaczeniu dla przemys\u0142u i ekologii.<\/p>\n<p>Gratulujemy sukcesu.<\/p>\n<\/div>\r\n                    <\/div>\r\n                <\/div>[\/vc_column][vc_column width=&#8221;1\/3&#8243;][vc_single_image image=&#8221;198527&#8243; img_size=&#8221;large&#8221; add_caption=&#8221;yes&#8221; alignment=&#8221;center&#8221; style=&#8221;vc_box_rounded&#8221;][\/vc_column][\/vc_row]<\/p>","protected":false},"excerpt":{"rendered":"<p>[vc_row][vc_column width=&#8221;2\/3&#8243;][\/vc_column][vc_column width=&#8221;1\/3&#8243;][vc_single_image image=&#8221;198527&#8243; img_size=&#8221;large&#8221; add_caption=&#8221;yes&#8221; alignment=&#8221;center&#8221; style=&#8221;vc_box_rounded&#8221;][\/vc_column][\/vc_row] [&#8230;]<\/p>\n<p><a class=\"btn btn-secondary understrap-read-more-link\" href=\"https:\/\/us.edu.pl\/wydzial\/wnst\/2025\/07\/25\/dr-inz-edyta-matyja-z-grantem-w-ramach-konkursu-miniatura\/\">Read More&#8230;<\/a><\/p>\n","protected":false},"author":92,"featured_media":198527,"comment_status":"open","ping_status":"open","sticky":false,"template":"","format":"standard","meta":{"_expiration-date-status":"","_expiration-date":0,"_expiration-date-type":"","_expiration-date-categories":[],"_expiration-date-options":[]},"categories":[30],"tags":[],"acf":[],"_links":{"self":[{"href":"https:\/\/us.edu.pl\/wydzial\/wnst\/wp-json\/wp\/v2\/posts\/198455"}],"collection":[{"href":"https:\/\/us.edu.pl\/wydzial\/wnst\/wp-json\/wp\/v2\/posts"}],"about":[{"href":"https:\/\/us.edu.pl\/wydzial\/wnst\/wp-json\/wp\/v2\/types\/post"}],"author":[{"embeddable":true,"href":"https:\/\/us.edu.pl\/wydzial\/wnst\/wp-json\/wp\/v2\/users\/92"}],"replies":[{"embeddable":true,"href":"https:\/\/us.edu.pl\/wydzial\/wnst\/wp-json\/wp\/v2\/comments?post=198455"}],"version-history":[{"count":1,"href":"https:\/\/us.edu.pl\/wydzial\/wnst\/wp-json\/wp\/v2\/posts\/198455\/revisions"}],"predecessor-version":[{"id":198548,"href":"https:\/\/us.edu.pl\/wydzial\/wnst\/wp-json\/wp\/v2\/posts\/198455\/revisions\/198548"}],"wp:featuredmedia":[{"embeddable":true,"href":"https:\/\/us.edu.pl\/wydzial\/wnst\/wp-json\/wp\/v2\/media\/198527"}],"wp:attachment":[{"href":"https:\/\/us.edu.pl\/wydzial\/wnst\/wp-json\/wp\/v2\/media?parent=198455"}],"wp:term":[{"taxonomy":"category","embeddable":true,"href":"https:\/\/us.edu.pl\/wydzial\/wnst\/wp-json\/wp\/v2\/categories?post=198455"},{"taxonomy":"post_tag","embeddable":true,"href":"https:\/\/us.edu.pl\/wydzial\/wnst\/wp-json\/wp\/v2\/tags?post=198455"}],"curies":[{"name":"wp","href":"https:\/\/api.w.org\/{rel}","templated":true}]}}