{"id":202395,"date":"2025-10-20T09:58:51","date_gmt":"2025-10-20T07:58:51","guid":{"rendered":"https:\/\/us.edu.pl\/wydzial\/wnst\/?p=202395"},"modified":"2026-04-22T07:59:43","modified_gmt":"2026-04-22T05:59:43","slug":"projekt-chemia-dla-zielonej-gospodarki-rekrutacja-dla-uczniow-na-kursy-przygotowawcze","status":"publish","type":"post","link":"https:\/\/us.edu.pl\/wydzial\/wnst\/2025\/10\/20\/projekt-chemia-dla-zielonej-gospodarki-rekrutacja-dla-uczniow-na-kursy-przygotowawcze\/","title":{"rendered":"Projekt Chemia dla Zielonej Gospodarki | Rekrutacja dla uczni\u00f3w na kursy przygotowawcze"},"content":{"rendered":"<p>[vc_row][vc_column]\r\n                <div class=\"text-modules\">\r\n                    <div class=\"container\">\r\n                        \r\n                        <div class=\"text-modules__content\"><\/p>\n<p><center><img class=\"aligncenter wp-image-174381 size-full\" src=\"https:\/\/us.edu.pl\/wydzial\/wnst\/wp-content\/uploads\/sites\/18\/Bez-kategorii\/logo-1.jpg\" alt=\"cztery flagi: niebieska z 3 gwiazdami, flaga polski, flaga unii europejskiej, \u017c\u00f3\u0142ty orze\u0142 na niebieskim tle\" width=\"100%\" height=\"auto\" srcset=\"https:\/\/us.edu.pl\/wydzial\/wnst\/wp-content\/uploads\/sites\/18\/Bez-kategorii\/logo-1.jpg 1385w, https:\/\/us.edu.pl\/wydzial\/wnst\/wp-content\/uploads\/sites\/18\/Bez-kategorii\/logo-1-300x32.jpg 300w, https:\/\/us.edu.pl\/wydzial\/wnst\/wp-content\/uploads\/sites\/18\/Bez-kategorii\/logo-1-1024x108.jpg 1024w, https:\/\/us.edu.pl\/wydzial\/wnst\/wp-content\/uploads\/sites\/18\/Bez-kategorii\/logo-1-768x81.jpg 768w, https:\/\/us.edu.pl\/wydzial\/wnst\/wp-content\/uploads\/sites\/18\/Bez-kategorii\/logo-1-575x61.jpg 575w\" sizes=\"(max-width: 1385px) 100vw, 1385px\" \/><\/center><\/p>\n<\/div>\r\n                    <\/div>\r\n                <\/div>[\/vc_column][\/vc_row][vc_row][vc_column width=&#8221;2\/3&#8243;]\r\n                <div class=\"text-modules\">\r\n                    <div class=\"container\">\r\n                        \r\n                        <div class=\"text-modules__content\"><\/p>\n<h3 style=\"text-align: center;\"><span style=\"color: #ff0000;\">Rekrutacja zako\u0144czona.<\/span><\/h3>\n<p style=\"text-align: center;\">UDA-FESL.10.25-IZ.01-06D4\/23-00<\/p>\n<h3 style=\"text-align: center;\"><span style=\"color: #002e5a;\">Og\u0142oszenie rekrutacyjne<\/span><\/h3>\n<p>Og\u0142aszamy rekrutacj\u0119 uzupe\u0142niaj\u0105c\u0105 do zadania\u00a0<strong>Kursy przygotowawcze do egzamin\u00f3w maturalnych z zakresu nauk \u015bcis\u0142ych i przyrodniczych \u2013 warsztaty praktyczne: kursy z zakresu chemii.<\/strong><\/p>\n<p>Rekrutacja do projektu b\u0119dzie przeprowadzona na Uniwersytecie \u015al\u0105skim w Katowicach zgodnie z\u00a0<a href=\"https:\/\/us.edu.pl\/wydzial\/wnst\/wp-content\/uploads\/sites\/18\/Dokumenty-zalaczniki\/Regulamin-rekrutacji-i-uczestnictwa-w-projekcie-Chemia-dla-Zielonej.pdf\" class=\"mtli_attachment mtli_pdf\" data-mtli=\"mtli_filesize285,24kB\" class=\"mtli_attachment mtli_pdf\" data-mtli=\"mtli_filesize285,24kB\">Regulaminem rekrutacji i uczestnictwa w projekcie<\/a>\u00a0do form wsparcia realizowanych w ramach zadania 3 opisanego poni\u017cej.<\/p>\n<p><strong>Uczestnikami i uczestniczkami Projektu\u00a0<\/strong>mog\u0105 by\u0107 uczniowie i uczennice w wieku 14-20 lat, ucz\u0105ce si\u0119 na obszarze jednego z 7 podregion\u00f3w wojew\u00f3dztwa \u015bl\u0105skiego okre\u015blonych w Terytorialnym Planie Sprawiedliwej Transformacji Wojew\u00f3dztwa \u015al\u0105skiego 2030 tj.: bielskiego, bytomskiego, gliwickiego, katowickiego, rybnickiego, sosnowieckiego, tyskiego.<\/p>\n<p style=\"text-align: center;\"><strong>TERMINY REKRUTACJI: 22.10.2025 do wyczerpania miejsc<\/strong><\/p>\n<p>\n<style type=\"text\/css\">a[data-mtli~=\"mtli_filesize285,24kB\"]:after {content:\" (285,24 kB)\"}<\/style><\/div>\r\n                    <\/div>\r\n                <\/div>[\/vc_column][vc_column width=&#8221;1\/3&#8243;][vc_column_text css=&#8221;.vc_custom_1732358130051{border-top-width: 5px !important;border-right-width: 5px !important;border-bottom-width: 5px !important;border-left-width: 5px !important;background-color: #002e5a !important;border-left-color: #002e5a !important;border-left-style: solid !important;border-right-color: #002e5a !important;border-right-style: solid !important;border-top-color: #002e5a !important;border-top-style: solid !important;border-bottom-color: #002e5a !important;border-bottom-style: solid !important;border-radius: 5px !important;}&#8221;]<\/p>\n<p><center><a href=\"https:\/\/us.edu.pl\/wydzial\/wnst\/wspolpraca\/szkoly\/chemia-dla-zielonej-gospodarki\/#zad3\"><img class=\"aligncenter wp-image-177247 size-full\" src=\"https:\/\/us.edu.pl\/wydzial\/wnst\/wp-content\/uploads\/sites\/18\/Bez-kategorii\/Projekt-bez-nazwy.png\" alt=\"3 symbole os\u00f3b kt\u00f3re podpiera d\u0142o\u0144 - grafika dekoracyjna\" width=\"70%\" height=\"auto\" srcset=\"https:\/\/us.edu.pl\/wydzial\/wnst\/wp-content\/uploads\/sites\/18\/Bez-kategorii\/Projekt-bez-nazwy.png 275w, https:\/\/us.edu.pl\/wydzial\/wnst\/wp-content\/uploads\/sites\/18\/Bez-kategorii\/Projekt-bez-nazwy-150x150.png 150w\" sizes=\"(max-width: 275px) 100vw, 275px\" \/><\/a><\/center>[\/vc_column_text]\r\n                <div class=\"text-modules\">\r\n                    <div class=\"container\">\r\n                        \r\n                        <div class=\"text-modules__content\"><p><a title=\"hasztag funduszeeu\" href=\"https:\/\/www.facebook.com\/hashtag\/FunduszeUE\/\">#FunduszeUE<\/a><br \/>\n<a title=\"hasztag funduszeeuropejskie\" href=\"https:\/\/www.facebook.com\/hashtag\/funduszeeuropejskie\" target=\"_blank\" rel=\"noopener\">#FunduszeEuropejskie<\/a><\/p>\n<\/div>\r\n                    <\/div>\r\n                <\/div>[\/vc_column][\/vc_row][vc_row][vc_column][vc_separator color=&#8221;green&#8221;]\r\n                <div class=\"text-modules\">\r\n                    <div class=\"container\">\r\n                        \r\n                        <div class=\"text-modules__content\"><p><span style=\"color: #002e5a;\"><strong>Rekrutacja<\/strong><\/span><\/p>\n<p><strong>Dokumenty rekrutacyjne nale\u017cy z\u0142o\u017cy\u0107<\/strong>\u00a0osobi\u015bcie lub przes\u0142a\u0107 poczt\u0105\/kurierem (decyduje data wp\u0142ywu dokument\u00f3w na Uczelni\u0119)\u00a0<strong>w Biurze Projektu<\/strong>:<\/p>\n<ul>\n<li>adres: ul. Bankowa 14, Katowice, pok\u00f3j 328<\/li>\n<li>od poniedzia\u0142ku do pi\u0105tku w godzinach od 8.00 \u2013 15.00.<\/li>\n<\/ul>\n<p>Je\u017celi nie ma mo\u017cliwo\u015bci dostarczenia dokument\u00f3w rekrutacyjnych w podanych dniach\/godzinach prosz\u0119 o bezpo\u015bredni kontakt mejlowy z\u00a0Koordynatorem Projektu w celu ustalenia innej mo\u017cliwo\u015bci<\/p>\n<p><strong>Osoby ze szczeg\u00f3lnymi potrzebami<\/strong>, zar\u00f3wno w procesie rekrutacji, jak i po przyj\u0119ciu do projektu, proszone s\u0105 o kontakt z:<\/p>\n<ul>\n<li>koordynatorem projektu: dr Katarzyna Kowalska-Szojda, prof. U\u015a; e-mail: <a title=\"kontakt do koordynatora projektu\" href=\"mailto:kowalska-szojda@us.edu.pl\">kowalska-szojda@us.edu.pl<\/a>, tel. 32 3591460)<\/li>\n<li>koordynatorem ds. dost\u0119pno\u015bci: dr Ma\u0142gorzata Gajos-Gr\u017eeti\u0107, prof. U\u015a; e-mail: <a title=\"kontakt do koordynatora ds. dost\u0119pno\u015bci\" href=\"mailto:malgorzata.gajos@us.edu.pl\">malgorzata.gajos@us.edu.pl<\/a>, tel. 32 3689716<\/li>\n<li>Centrum Obs\u0142ugi Student\u00f3w: e-mail: dlastudenta@us.edu.pl;<\/li>\n<\/ul>\n<p><strong>Kontakt w sprawie rekrutacji:<\/strong><\/p>\n<p>Kontakt do zespo\u0142u odpowiedzialnego za proces rekrutacji:<br \/>\n<strong>Koordynator projektu:<\/strong> dr Katarzyna Kowalska-Szojda, prof. U\u015a,<br \/>\nE-mail: <a href=\"mailto:katarzyna.kowalska-szojda@us.edu.pl\">katarzyna.kowalska-szojda@us.edu.pl<\/a>, tel.: 32 359 1460<br \/>\n<strong>Asystentka ds. administracyjnych<\/strong>: mgr Ewelina \u015alusarek<br \/>\nE-mail: <a href=\"mailto:ewelina.slusarek@us.edu.pl\">ewelina.slusarek@us.edu.pl<\/a>, tel. 32 359 2452<\/p>\n<p>W razie zg\u0142oszonego zapotrzebowania zorganizowane zostanie spotkanie lub sesja online.<\/p>\n<hr \/>\n<p>Aby wzi\u0105\u0107 udzia\u0142 w rekrutacji nale\u017cy przekaza\u0107 do Biura Projektu nast\u0119puj\u0105ce dokumenty (wydruk czarno-bia\u0142y):<\/p>\n<ol>\n<li><strong>Formularz zg\u0142oszeniowy do projektu<\/strong>, kt\u00f3rego wz\u00f3r stanowi <a title=\"za\u0142\u0105cznik do pliku o rozszerzeniu doc otwiera si\u0119 w nowym oknie\" href=\"https:\/\/us.edu.pl\/wydzial\/wnst\/wp-content\/uploads\/sites\/18\/unnamed-file.pdf\/zal_1b_Formularz_zgloszeniowy_matury_dodatkowa.docx\" class=\"mtli_attachment mtli_docx\" data-mtli=\"mtli_filesize1,06MB\" class=\"mtli_attachment mtli_docx\" data-mtli=\"mtli_filesize1,06MB\" target=\"_blank\" rel=\"noopener\">za\u0142\u0105cznik nr 1b<\/a> do Regulaminu rekrutacji i uczestnictwa w projekcie (<em>Kursy przygotowawcze do egzamin\u00f3w maturalnych z zakresu nauk \u015bcis\u0142ych i przyrodniczych \u2013 warsztaty praktyczne<\/em>).<br \/>\nUwaga: W\u00a0<strong>Formularzu zg\u0142oszeniowym do projektu dane zamieszczone w cz\u0119\u015bci<\/strong>\u00a0<strong>II<\/strong>. Informacje o Kandydacie\/Kandydatce (cz\u0119\u015b\u0107 II.3 Uczniowie i uczennice) musz\u0105 by\u0107 potwierdzone przez szko\u0142\u0119 do kt\u00f3rej ucz\u0119szcza kandydat\/kandydatka. Wymagany jest podpis wychowawcy lub innego pracownika szko\u0142y oraz piecz\u0105tka szko\u0142y.<\/li>\n<li>Osoby ma\u0142oletnie przyst\u0119puj\u0105ce do rekrutacji zobowi\u0105zane s\u0105 dodatkowo do z\u0142o\u017cenia\u00a0<strong>Zgody rodzica\/ prawnego opiekuna\u00a0<\/strong>na udzia\u0142 w Projekcie<em>,\u00a0<\/em>kt\u00f3rego wz\u00f3r stanowi <a title=\"https:\/\/us.edu.pl\/wydzial\/wnst\/wp-content\/uploads\/sites\/18\/unnamed-file.pdf\/zal_5b_Zgoda-rodzica_opiekuna-prawnego-1.docx\" href=\"https:\/\/us.edu.pl\/wydzial\/wnst\/wp-content\/uploads\/sites\/18\/unnamed-file.pdf\/zal_5b_Zgoda-rodzica_opiekuna-prawnego-1.docx\" class=\"mtli_attachment mtli_docx\" data-mtli=\"mtli_filesize1,05MB\" class=\"mtli_attachment mtli_docx\" data-mtli=\"mtli_filesize1,05MB\" target=\"_blank\" rel=\"noopener\">za\u0142\u0105cznik nr 5b<\/a> do Regulaminu rekrutacji i uczestnictwa w projekcie.<\/li>\n<\/ol>\n<p><strong>Limit miejsc: 6 os\u00f3b<br \/>\n<\/strong><strong>Koordynator projektu mo\u017ce podj\u0105\u0107 decyzj\u0119 o zwi\u0119kszeniu limitu miejsc.<br \/>\n<\/strong><strong>Zaj\u0119cia b\u0119d\u0105 realizowane w grupach trzyosobowych. Podzia\u0142 na grupy nast\u0105pi po zako\u0144czeniu procesu rekrutacji. Zaj\u0119cia rozpoczn\u0105 si\u0119 po ustaleniu z prowadz\u0105cymi dogodnych termin.<br \/>\n<\/strong><\/p>\n<p>Po zakwalifikowaniu si\u0119 do Projektu (po otrzymaniu informacji przes\u0142anej na adres e-meilowy podany w <em>Danych Kontaktowych Formularza Zg\u0142oszeniowego<\/em> do Projektu, ka\u017cdy Kandydat\/Kandydatka zobowi\u0105zany jest\/zobowi\u0105zana jest do:<\/p>\n<ol>\n<li>zapoznania si\u0119 z:\u00a0<strong>Formularzami klauzul informacyjnych RODO<\/strong><em><strong>,\u00a0<\/strong><\/em>kt\u00f3re stanowi\u0105 <a title=\"odno\u015bnik do pliku o rozszerzeniu doc otwiera si\u0119 w nowym oknie\" href=\"https:\/\/us.edu.pl\/wydzial\/wnst\/wp-content\/uploads\/sites\/18\/2024\/09\/zal_3_klauzula-RODO.docx\" class=\"mtli_attachment mtli_docx\" data-mtli=\"mtli_filesize1,03MB\" class=\"mtli_attachment mtli_docx\" data-mtli=\"mtli_filesize1,03MB\" target=\"_blank\" rel=\"noopener\">za\u0142\u0105cznik nr 3<\/a> oraz <a title=\"odno\u015bnik do pliku o rozszerzeniu doc otwiera si\u0119 w nowym oknie\" href=\"https:\/\/us.edu.pl\/wydzial\/wnst\/wp-content\/uploads\/sites\/18\/2024\/09\/zal_4_Formularz-klauzuli-informacyjnej.docx\" class=\"mtli_attachment mtli_docx\" data-mtli=\"mtli_filesize1,03MB\" class=\"mtli_attachment mtli_docx\" data-mtli=\"mtli_filesize1,03MB\" target=\"_blank\" rel=\"noopener\">za\u0142\u0105cznik nr 4<\/a> do Regulaminu rekrutacji i uczestnictwa w projekcie,<\/li>\n<li>do wype\u0142nienia i z\u0142o\u017cenia:\u00a0<strong>Formularza danych osobowych do Projektu,\u00a0<\/strong>kt\u00f3rego wz\u00f3r stanowi <a title=\"odno\u015bnik do pliku o rozszerzeniu doc otwiera si\u0119 w nowym oknie\" href=\"https:\/\/us.edu.pl\/wydzial\/wnst\/wp-content\/uploads\/sites\/18\/unnamed-file.pdf\/zal_2b-Formularz-danych-osobowych-1.docx\" class=\"mtli_attachment mtli_docx\" data-mtli=\"mtli_filesize1,06MB\" class=\"mtli_attachment mtli_docx\" data-mtli=\"mtli_filesize1,06MB\" target=\"_blank\" rel=\"noopener\">za\u0142\u0105cznik nr 2b<\/a> do Regulaminu rekrutacji i uczestnictwa w projekcie,<\/li>\n<li>do wype\u0142nienia i z\u0142o\u017cenia:\u00a0<strong>Deklaracji uczestnictwa w projekcie,\u00a0<\/strong>kt\u00f3rej wz\u00f3r stanowi <a title=\"odno\u015bnik do pliku o rozszerzeniu doc otwiera si\u0119 w nowym oknie\" href=\"https:\/\/us.edu.pl\/wydzial\/wnst\/wp-content\/uploads\/sites\/18\/unnamed-file.pdf\/zal_6b_Deklaracja-uczestnictwa-1.docx\" class=\"mtli_attachment mtli_docx\" data-mtli=\"mtli_filesize1,05MB\" class=\"mtli_attachment mtli_docx\" data-mtli=\"mtli_filesize1,05MB\" target=\"_blank\" rel=\"noopener\">za\u0142\u0105cznik nr 6b<\/a> do Regulaminu rekrutacji i uczestnictwa w projekcie.<\/li>\n<\/ol>\n<p><strong>Informacje o warsztatach<\/strong><\/p>\n<ul>\n<li><strong>Tematyka:<\/strong> warsztaty przygotowuj\u0105ce do egzaminu maturalnego z chemii<\/li>\n<li><strong>Koszt:<\/strong> uczestnicy nie ponosz\u0105 koszt\u00f3w zaj\u0119\u0107 \u2013 warsztaty s\u0105 ca\u0142kowicie dofinansowane z Unii Europejskiej<\/li>\n<li><strong>Liczba godzin zaj\u0119\u0107:<\/strong>\u00a044 na grup\u0119, realizowana najcz\u0119\u015bciej w blokach 3-5 godzin.<\/li>\n<li><strong>Forma zaj\u0119\u0107:<\/strong> s\u0105 to zaj\u0119cia praktyczne w wi\u0119kszo\u015bci laboratoryjne z elementami zaj\u0119\u0107 konwersatoryjnych<\/li>\n<li><strong>Adres:<\/strong>\u00a0zaj\u0119cia mog\u0105 odbywa\u0107 si\u0119 w kampusie Katowickim (ul. Szkolna 9, Katowice) i Chorzowskim (ul. 75 Pu\u0142ku Piechoty 1a, Chorz\u00f3w) \u2013 po ustaleniu z grup\u0105 dogodnej lokalizacji.<\/li>\n<li><strong>Terminy zaj\u0119\u0107:<\/strong> do ustalenia, po utworzeniu si\u0119 grup trzyosobowych<\/li>\n<\/ul>\n<hr \/>\n<p style=\"text-align: center;\"><span style=\"color: #002e5a;\"><strong>Zapraszamy<\/strong><\/span><\/p>\n<p>\n<style type=\"text\/css\">a[data-mtli~=\"mtli_filesize1,06MB\"]:after {content:\" (1,06 MB)\"}a[data-mtli~=\"mtli_filesize1,05MB\"]:after {content:\" (1,05 MB)\"}a[data-mtli~=\"mtli_filesize1,03MB\"]:after {content:\" (1,03 MB)\"}<\/style><\/div>\r\n                    <\/div>\r\n                <\/div>\r\n                <div class=\"text-modules\">\r\n                    <div class=\"container\">\r\n                        \r\n                        <div class=\"text-modules__content\"><p><a title=\"link do strony www\" href=\"https:\/\/us.edu.pl\/wydzial\/wnst\/wspolpraca\/szkoly\/chemia-dla-zielonej-gospodarki\/\">powr\u00f3t na stron\u0119 projektu<\/a><\/p>\n<\/div>\r\n                    <\/div>\r\n                <\/div>[\/vc_column][\/vc_row]<\/p>\n<style type=\"text\/css\">a[data-mtli~=\"mtli_filesize285,24kB\"]:after {content:\" (285,24 kB)\"}a[data-mtli~=\"mtli_filesize1,06MB\"]:after {content:\" (1,06 MB)\"}a[data-mtli~=\"mtli_filesize1,05MB\"]:after {content:\" (1,05 MB)\"}a[data-mtli~=\"mtli_filesize1,03MB\"]:after {content:\" (1,03 MB)\"}<\/style>","protected":false},"excerpt":{"rendered":"<p>[vc_row][vc_column][\/vc_column][\/vc_row][vc_row][vc_column width=&#8221;2\/3&#8243;][\/vc_column][vc_column width=&#8221;1\/3&#8243;][vc_column_text css=&#8221;.vc_custom_1732358130051{border-top-width: 5px !important;border-right-width: 5px !important;border-bottom-width: 5px !important;border-left-width: 5px !important;background-color: #002e5a !important;border-left-color: #002e5a !important;border-left-style: solid !important;border-right-color: #002e5a !important;border-right-style: solid !important;border-top-color: #002e5a !important;border-top-style: solid !important;border-bottom-color: #002e5a !important;border-bottom-style: solid !important;border-radius: 5px !important;}&#8221;] [\/vc_column_text][\/vc_column][\/vc_row][vc_row][vc_column][vc_separator color=&#8221;green&#8221;][\/vc_column][\/vc_row] [&#8230;]<\/p>\n<p><a class=\"btn btn-secondary understrap-read-more-link\" href=\"https:\/\/us.edu.pl\/wydzial\/wnst\/2025\/10\/20\/projekt-chemia-dla-zielonej-gospodarki-rekrutacja-dla-uczniow-na-kursy-przygotowawcze\/\">Read More&#8230;<\/a><\/p>\n","protected":false},"author":92,"featured_media":176704,"comment_status":"open","ping_status":"open","sticky":false,"template":"","format":"standard","meta":{"_expiration-date-status":"","_expiration-date":0,"_expiration-date-type":"","_expiration-date-categories":[],"_expiration-date-options":[]},"categories":[944],"tags":[],"acf":[],"_links":{"self":[{"href":"https:\/\/us.edu.pl\/wydzial\/wnst\/wp-json\/wp\/v2\/posts\/202395"}],"collection":[{"href":"https:\/\/us.edu.pl\/wydzial\/wnst\/wp-json\/wp\/v2\/posts"}],"about":[{"href":"https:\/\/us.edu.pl\/wydzial\/wnst\/wp-json\/wp\/v2\/types\/post"}],"author":[{"embeddable":true,"href":"https:\/\/us.edu.pl\/wydzial\/wnst\/wp-json\/wp\/v2\/users\/92"}],"replies":[{"embeddable":true,"href":"https:\/\/us.edu.pl\/wydzial\/wnst\/wp-json\/wp\/v2\/comments?post=202395"}],"version-history":[{"count":3,"href":"https:\/\/us.edu.pl\/wydzial\/wnst\/wp-json\/wp\/v2\/posts\/202395\/revisions"}],"predecessor-version":[{"id":202402,"href":"https:\/\/us.edu.pl\/wydzial\/wnst\/wp-json\/wp\/v2\/posts\/202395\/revisions\/202402"}],"wp:featuredmedia":[{"embeddable":true,"href":"https:\/\/us.edu.pl\/wydzial\/wnst\/wp-json\/wp\/v2\/media\/176704"}],"wp:attachment":[{"href":"https:\/\/us.edu.pl\/wydzial\/wnst\/wp-json\/wp\/v2\/media?parent=202395"}],"wp:term":[{"taxonomy":"category","embeddable":true,"href":"https:\/\/us.edu.pl\/wydzial\/wnst\/wp-json\/wp\/v2\/categories?post=202395"},{"taxonomy":"post_tag","embeddable":true,"href":"https:\/\/us.edu.pl\/wydzial\/wnst\/wp-json\/wp\/v2\/tags?post=202395"}],"curies":[{"name":"wp","href":"https:\/\/api.w.org\/{rel}","templated":true}]}}