{"id":203555,"date":"2026-01-21T15:47:59","date_gmt":"2026-01-21T14:47:59","guid":{"rendered":"https:\/\/us.edu.pl\/wydzial\/wnst\/?p=203555"},"modified":"2026-01-21T16:14:14","modified_gmt":"2026-01-21T15:14:14","slug":"projekt-chemia-dla-zielonej-gospodarki-rekrutacja-do-zadania-1-wsparcie-kadry-uczelni-szkolenia","status":"publish","type":"post","link":"https:\/\/us.edu.pl\/wydzial\/wnst\/2026\/01\/21\/projekt-chemia-dla-zielonej-gospodarki-rekrutacja-do-zadania-1-wsparcie-kadry-uczelni-szkolenia\/","title":{"rendered":"Projekt Chemia dla Zielonej Gospodarki | Rekrutacja do zadania 1: Wsparcie Kadry Uczelni &#8211; kursy i szkolenia"},"content":{"rendered":"<p>[vc_row][vc_column][vc_column_text][\/vc_column_text][\/vc_column][\/vc_row][vc_row][vc_column]\r\n                <div class=\"text-modules\">\r\n                    <div class=\"container\">\r\n                        \r\n                        <div class=\"text-modules__content\"><\/p>\n<p><center><img class=\"aligncenter wp-image-174381 size-full\" src=\"https:\/\/us.edu.pl\/wydzial\/wnst\/wp-content\/uploads\/sites\/18\/Bez-kategorii\/logo-1.jpg\" alt=\"cztery flagi: niebieska z 3 gwiazdami, flaga polski, flaga unii europejskiej, \u017c\u00f3\u0142ty orze\u0142 na niebieskim tle\" width=\"100%\" height=\"auto\" srcset=\"https:\/\/us.edu.pl\/wydzial\/wnst\/wp-content\/uploads\/sites\/18\/Bez-kategorii\/logo-1.jpg 1385w, https:\/\/us.edu.pl\/wydzial\/wnst\/wp-content\/uploads\/sites\/18\/Bez-kategorii\/logo-1-300x32.jpg 300w, https:\/\/us.edu.pl\/wydzial\/wnst\/wp-content\/uploads\/sites\/18\/Bez-kategorii\/logo-1-1024x108.jpg 1024w, https:\/\/us.edu.pl\/wydzial\/wnst\/wp-content\/uploads\/sites\/18\/Bez-kategorii\/logo-1-768x81.jpg 768w, https:\/\/us.edu.pl\/wydzial\/wnst\/wp-content\/uploads\/sites\/18\/Bez-kategorii\/logo-1-575x61.jpg 575w\" sizes=\"(max-width: 1385px) 100vw, 1385px\" \/><\/center><\/p>\n<\/div>\r\n                    <\/div>\r\n                <\/div>[\/vc_column][\/vc_row][vc_row][vc_column width=&#8221;2\/3&#8243;]\r\n                <div class=\"text-modules\">\r\n                    <div class=\"container\">\r\n                        \r\n                        <div class=\"text-modules__content\"><\/p>\n<p style=\"text-align: center;\"><span style=\"font-size: 80%;\">UDA-FESL.10.25-IZ.01-06D4\/23-00<\/span><\/p>\n<h3 style=\"text-align: center;\"><span style=\"color: #002e5a;\">Rekrutacja do zadania 1: wsparcie kadry Uczelni<\/span><\/h3>\n<p>&nbsp;<\/p>\n<p>Uniwersytet \u015al\u0105ski w Katowicach zaprasza nauczycieli akademickich \u2013 pracownik\u00f3w badawczo-dydaktycznych oraz dydaktycznych prowadz\u0105cych zaj\u0119cia na kierunkach zwi\u0105zanych z zielon\u0105 i cyfrow\u0105 gospodark\u0105 (w szczeg\u00f3lno\u015bci: chemia, technologia chemiczna) \u2013 do udzia\u0142u w projekcie:<\/p>\n<p style=\"text-align: center;\"><strong>Chemia dla Zielonej Gospodarki: Inicjatywa Edukacyjna<\/strong><\/p>\n<p style=\"text-align: center;\"><strong>TERMIN REKRUTACJI: 22.01.2026 &#8211; 27.01.2026<\/strong><\/p>\n<p>\n<\/div>\r\n                    <\/div>\r\n                <\/div>[\/vc_column][vc_column width=&#8221;1\/3&#8243;][vc_column_text css=&#8221;.vc_custom_1756882941657{border-top-width: 5px !important;border-right-width: 5px !important;border-bottom-width: 5px !important;border-left-width: 5px !important;background-color: #002e5a !important;border-left-color: #002e5a !important;border-left-style: solid !important;border-right-color: #002e5a !important;border-right-style: solid !important;border-top-color: #002e5a !important;border-top-style: solid !important;border-bottom-color: #002e5a !important;border-bottom-style: solid !important;border-radius: 5px !important;}&#8221;]<\/p>\n<p><center><img class=\"aligncenter wp-image-177249 size-full\" src=\"https:\/\/us.edu.pl\/wydzial\/wnst\/wp-content\/uploads\/sites\/18\/2024\/07\/1.png\" alt=\"kwadrat z symbolem cz\u0142owieka w \u015brodku\" width=\"80%\" height=\"auto\" srcset=\"https:\/\/us.edu.pl\/wydzial\/wnst\/wp-content\/uploads\/sites\/18\/2024\/07\/1.png 275w, https:\/\/us.edu.pl\/wydzial\/wnst\/wp-content\/uploads\/sites\/18\/2024\/07\/1-150x150.png 150w\" sizes=\"(max-width: 275px) 100vw, 275px\" \/><\/center>[\/vc_column_text]\r\n                <div class=\"text-modules\">\r\n                    <div class=\"container\">\r\n                        \r\n                        <div class=\"text-modules__content\"><p><a title=\"hasztag funduszeeu\" href=\"https:\/\/www.facebook.com\/hashtag\/FunduszeUE\/\">#FunduszeUE<\/a><br \/>\n<a title=\"hasztag funduszeeuropejskie\" href=\"https:\/\/www.facebook.com\/hashtag\/funduszeeuropejskie\" target=\"_blank\" rel=\"noopener\">#FunduszeEuropejskie<\/a><\/p>\n<\/div>\r\n                    <\/div>\r\n                <\/div>[\/vc_column][\/vc_row][vc_row][vc_column]\r\n                <div class=\"text-modules\">\r\n                    <div class=\"container\">\r\n                        \r\n                        <div class=\"text-modules__content\"><\/p>\n<h3 style=\"text-align: center;\"><span style=\"color: #002e5a;\">KURSY I SZKOLENIA DLA KADRY DYDAKTYCZNEJ<\/span><\/h3>\n<p><strong><span style=\"color: #002e5a;\">Forma wsparcia 1: Dydaktyka w dobie zielonej transformacji<\/span><\/strong><\/p>\n<ul>\n<li><strong>\u0141\u0105czny czas trwania:<\/strong> 45 godzin szkoleniowych<\/li>\n<li><strong>Forma zaj\u0119\u0107:<\/strong> online<\/li>\n<li><strong>Termin realizacji:<\/strong> do czerwca 2026, zaj\u0119cia najcz\u0119\u015bciej w sesjach po 8 godzin dydaktycznych\/dzie\u0144<\/li>\n<li><strong>Grupa szkoleniowa:<\/strong> 10 os\u00f3b<\/li>\n<li><strong>Koszt:<\/strong> udzia\u0142 bezp\u0142atny (szkolenie finansowane ze \u015brodk\u00f3w UE)<\/li>\n<li><strong>Prowadz\u0105cy:<\/strong> trenerzy firmy Collegium Wratislaviense<\/li>\n<li><strong>Zakres tematyczny szkolenia:<\/strong>\n<ul>\n<li>Modu\u0142 1: Cele Zr\u00f3wnowa\u017conego Rozwoju ONZ i ich implementacja w edukacji, raportowanie cel\u00f3w zr\u00f3wnowa\u017conego rozwoju w szczeg\u00f3lno\u015bci przez szko\u0142y i uniwersytety (narz\u0119dzia, wska\u017aniki, przyk\u0142ady dobrych praktyk);<\/li>\n<li>Modu\u0142 2: dydaktyka 2.0 (wykorzystanie nowych technologii i metod w procesie uczenia si\u0119),<\/li>\n<li>Modu\u0142 3: za\u0142o\u017cenia Problem Base Learning (PBL), metoda studium przypadku praca na przyk\u0142adach z obszaru zielonej transformacji (energia odnawialna, gospodarka obiegu zamkni\u0119tego, zr\u00f3wnowa\u017cone miasta, itp.);<\/li>\n<li>Modu\u0142 4: kompetencje przysz\u0142o\u015bci w kontek\u015bcie zielonej transformacji \u2013 jak kszta\u0142towa\u0107 u student\u00f3w umiej\u0119tno\u015bci systemowego my\u015blenia, wsp\u00f3\u0142pracy interdyscyplinarnej, krytycznego my\u015blenia.<\/li>\n<li>Modu\u0142 5: ewaluacja efekt\u00f3w kszta\u0142cenia \u2013 jak ocenia\u0107 post\u0119p w nauce w obszarze zr\u00f3wnowa\u017conego rozwoju (narz\u0119dzia jako\u015bciowe i ilo\u015bciowe).<\/li>\n<\/ul>\n<\/li>\n<\/ul>\n<hr \/>\n<p><strong><span style=\"color: #002e5a;\">Forma wsparcia 2: Szkolenie certyfikowane: Tutoring akademicki<\/span><\/strong><\/p>\n<p>Szkolenie ma na celu przygotowanie wyk\u0142adowc\u00f3w, w szczeg\u00f3lno\u015bci z obszaru nauk \u015bcis\u0142ych i\u00a0technicznych, do efektywnego wspierania rozwoju potencja\u0142u student\u00f3w poprzez tutoring, kt\u00f3ry sprzyja kszta\u0142towaniu krytycznego my\u015blenia, samodzielno\u015bci i kreatywno\u015bci.<\/p>\n<ul>\n<li><strong>\u0141\u0105czny czas trwania:<\/strong> 64 godzin szkoleniowych<\/li>\n<li><strong>Forma zaj\u0119\u0107:<\/strong> online<\/li>\n<li><strong>Termin realizacji:<\/strong> do czerwca 2026, zaj\u0119cia najcz\u0119\u015bciej w sesjach dwudniowych po 8 godzin dydaktycznych<\/li>\n<li><strong>Grupa szkoleniowa:<\/strong> 10 os\u00f3b<\/li>\n<li><strong>Koszt:<\/strong> udzia\u0142 bezp\u0142atny (szkolenie finansowane ze \u015brodk\u00f3w UE)<\/li>\n<li><strong>Prowadz\u0105cy:<\/strong> trenerzy firmy Collegium Wratislaviense<\/li>\n<li><strong>Zakres tematyczny szkolenia:<\/strong>\n<ul>\n<li>prowadzenie tutoringu naukowego,<\/li>\n<li>elementy psychologii pozytywnej w tutoringu,<\/li>\n<li>esej tutorski,<\/li>\n<li>narz\u0119dzia pracy ze studentem,<\/li>\n<li>wykorzystanie metod nauczania problemowego.<\/li>\n<\/ul>\n<\/li>\n<\/ul>\n<hr \/>\n<p><strong><span style=\"color: #002e5a;\">Forma wsparcia 3: Intensywne, indywidualne kursy j\u0119zyka angielskiego dla kadry Uczelni<\/span><\/strong><\/p>\n<ul>\n<li><strong>\u0141\u0105czny czas trwania:<\/strong> 120 godzin szkoleniowych \u2013 po oko\u0142o 8 godzin\/tydzie\u0144<\/li>\n<li><strong>Forma zaj\u0119\u0107:<\/strong> Uniwersytet \u015al\u0105ski w Katowicach, ul. Bankowa 14, ul. Bankowa 5, 40-007 Katowice, lub z wykorzystaniem zdalnej techniki nauczania e-learning za pomoc\u0105 platformy Microsoft Teams Uniwersytetu \u015al\u0105skiego, lub platformy Wykonawcy \u2013 do ustalenia po rekrutacji<\/li>\n<li><strong>Termin realizacji:<\/strong> nie d\u0142u\u017cej ni\u017c do czerwca 2026 (oko\u0142o 8 godzin\/tydzie\u0144)<\/li>\n<li><strong>Grupa szkoleniowa:<\/strong> szkolenia indywidualne dla maksymalnie 5 os\u00f3b<\/li>\n<li><strong>Koszt:<\/strong> udzia\u0142 bezp\u0142atny (szkolenie finansowane ze \u015brodk\u00f3w UE)<\/li>\n<li><strong>Prowadz\u0105cy:<\/strong> <strong>native speakerzy<\/strong> z firmy: Sophie H., Meet The World, International Club<\/li>\n<li><strong>Zakres tematyczny szkolenia<\/strong>:\n<ul>\n<li>j\u0119zyk bran\u017cowy zwi\u0105zany z tematyk\u0105 zielonej transformacji,<\/li>\n<li>przygotowanie i prowadzenie prezentacji naukowych,<\/li>\n<li>pisanie tekst\u00f3w akademickich w j\u0119zyku angielskim.<\/li>\n<\/ul>\n<\/li>\n<\/ul>\n<p style=\"padding-left: 40px;\">Poziom zaawansowania uczestnik\u00f3w zostanie okre\u015blony indywidualnie po zako\u0144czeniu procesu rekrutacji, na postawie przeprowadzonych pretest\u00f3w. Kursy b\u0119d\u0105 realizowane na poziomach B1, B2, C1 oraz C2.<\/p>\n<p>\n<\/div>\r\n                    <\/div>\r\n                <\/div>[vc_separator color=&#8221;green&#8221; border_width=&#8221;2&#8243;]\r\n                <div class=\"text-modules\">\r\n                    <div class=\"container\">\r\n                        \r\n                        <div class=\"text-modules__content\"><\/p>\n<h3><strong><span style=\"color: #002e5a;\">Rekrutacja<\/span><\/strong><\/h3>\n<ul>\n<li><strong>Termin sk\u0142adania zg\u0142osze\u0144: <\/strong>01.2026 \u2013 27.01.2026<\/li>\n<li><strong>Regulamin rekrutacji: <\/strong><a href=\"https:\/\/aktyprawne.us.edu.pl\/d\/7574\/6\/\"><strong>https:\/\/aktyprawne.us.edu.pl\/d\/7574\/6\/<\/strong><\/a><\/li>\n<li><strong>Dokumenty wymagane:\u00a0<\/strong>formularz zg\u0142oszeniowy (<a title=\"odno\u015bnik do pliku o rozszerzeniu doc otwiera si\u0119 w nowym oknie\" href=\"https:\/\/us.edu.pl\/wydzial\/wnst\/wp-content\/uploads\/sites\/18\/Dokumenty-zalaczniki\/zal_1b_formularz_zgl.docx\" class=\"mtli_attachment mtli_docx\" data-mtli=\"mtli_filesize1&nbsp;006,26kB\" class=\"mtli_attachment mtli_docx\" data-mtli=\"mtli_filesize1&nbsp;006,26kB\" target=\"_blank\" rel=\"noopener\">za\u0142\u0105cznik nr 1b do Regulaminu rekrutacji<\/a>) \u2013 w formularzu nale\u017cy wpisa\u0107 konkretn\u0105 form\u0119 wsparcia z og\u0142oszenia rekrutacyjnego<\/li>\n<li><strong>Spos\u00f3b dostarczenia dokument\u00f3w:<\/strong>\n<ul>\n<li>osobi\u015bcie lub poczt\u0105\/kurierem (decyduje data wp\u0142ywu) do Biura Projektu: <strong>Bankowa 14, Katowice, pok. 328, <\/strong>\u00a0od poniedzia\u0142ku do pi\u0105tku, godz. 8:00\u201315:00<\/li>\n<li>w przypadku trudno\u015bci z dostarczeniem dokument\u00f3w w ww. godzinach \u2013 prosimy o kontakt mailowy z asystentk\u0105 ds. administracyjnych: <strong>dr Monik\u0105 \u017barsk\u0105, <\/strong><a href=\"mailto:monika.zarska@us.edu.pl\">monika.zarska@us.edu.pl<\/a>, tel.: 32 359 2285<\/li>\n<\/ul>\n<\/li>\n<\/ul>\n<p><strong><span style=\"color: #002e5a;\">Komisja rekrutacyjna<\/span><\/strong><\/p>\n<ul>\n<li>dr Mateusz Penkala<\/li>\n<li>dr Monika \u017barska<\/li>\n<li>mgr Magdalena \u015anie\u017cek<\/li>\n<\/ul>\n<p><strong><span style=\"color: #002e5a;\">Kontakt<\/span><\/strong><\/p>\n<ul>\n<li>dr Monika \u017barska <a href=\"mailto:monika.zarska@us.edu.pl\">monika.zarska@us.edu.pl<\/a>, tel.: 32 359 2285<\/li>\n<\/ul>\n<p>W razie zg\u0142oszonego zapotrzebowania zorganizowane zostanie spotkanie lub sesja online.<\/p>\n<hr \/>\n<h3><strong><span style=\"color: #002e5a;\">Dalsze kroki po zakwalifikowaniu do projektu<\/span><\/strong><\/h3>\n<p>Osoby przyj\u0119te do udzia\u0142u otrzymaj\u0105 wiadomo\u015b\u0107 e-mail. Nast\u0119pnie b\u0119d\u0105 zobowi\u0105zane do:<\/p>\n<ul>\n<li>zapoznania si\u0119 z klauzulami informacyjnymi RODO<\/li>\n<li>wype\u0142nienia Formularza danych osobowych<\/li>\n<li>podpisania Deklaracji uczestnictwa.<\/li>\n<\/ul>\n<p>Dokumenty zostan\u0105 przes\u0142ane na adres e-mail podany w formularzu zg\u0142oszeniowym.<\/p>\n<p><strong>Pe\u0142na lista kurs\u00f3w i szkole\u0144 w ramach projektu: <\/strong>\u00a0<a href=\"https:\/\/us.edu.pl\/wydzial\/wnst\/wspolpraca\/szkoly\/chemia-dla-zielonej-gospodarki\/?utm_source=chatgpt.com#zad1\">Chemia dla Zielonej Gospodarki \u2013 strona projektu<\/a><br \/>\n<a title=\"link do strony www\" href=\"https:\/\/us.edu.pl\/wydzial\/wnst\/wspolpraca\/szkoly\/chemia-dla-zielonej-gospodarki\/\">powr\u00f3t na stron\u0119 projektu<\/a><\/p>\n<style type=\"text\/css\">a[data-mtli~=\"mtli_filesize1&nbsp;006,26kB\"]:after {content:\" (1&nbsp;006,26 kB)\"}<\/style><\/div>\r\n                    <\/div>\r\n                <\/div>[\/vc_column][\/vc_row][vc_row][vc_column][vc_column_text][\/vc_column_text][\/vc_column][\/vc_row]<\/p>\n<style type=\"text\/css\">a[data-mtli~=\"mtli_filesize1&nbsp;006,26kB\"]:after {content:\" (1&nbsp;006,26 kB)\"}<\/style>","protected":false},"excerpt":{"rendered":"<p>[vc_row][vc_column][vc_column_text][\/vc_column_text][\/vc_column][\/vc_row][vc_row][vc_column][\/vc_column][\/vc_row][vc_row][vc_column width=&#8221;2\/3&#8243;][\/vc_column][vc_column width=&#8221;1\/3&#8243;][vc_column_text css=&#8221;.vc_custom_1756882941657{border-top-width: 5px !important;border-right-width: 5px !important;border-bottom-width: 5px !important;border-left-width: 5px !important;background-color: #002e5a !important;border-left-color: #002e5a !important;border-left-style: solid !important;border-right-color: #002e5a !important;border-right-style: solid !important;border-top-color: #002e5a !important;border-top-style: solid !important;border-bottom-color: #002e5a !important;border-bottom-style: solid !important;border-radius: 5px !important;}&#8221;] [\/vc_column_text][\/vc_column][\/vc_row][vc_row][vc_column][vc_separator color=&#8221;green&#8221; border_width=&#8221;2&#8243;][\/vc_column][\/vc_row][vc_row][vc_column][vc_column_text][\/vc_column_text][\/vc_column][\/vc_row] [&#8230;]<\/p>\n<p><a class=\"btn btn-secondary understrap-read-more-link\" href=\"https:\/\/us.edu.pl\/wydzial\/wnst\/2026\/01\/21\/projekt-chemia-dla-zielonej-gospodarki-rekrutacja-do-zadania-1-wsparcie-kadry-uczelni-szkolenia\/\">Read More&#8230;<\/a><\/p>\n","protected":false},"author":92,"featured_media":176704,"comment_status":"open","ping_status":"open","sticky":false,"template":"","format":"standard","meta":{"_expiration-date-status":"","_expiration-date":0,"_expiration-date-type":"","_expiration-date-categories":[],"_expiration-date-options":[]},"categories":[9],"tags":[],"acf":[],"_links":{"self":[{"href":"https:\/\/us.edu.pl\/wydzial\/wnst\/wp-json\/wp\/v2\/posts\/203555"}],"collection":[{"href":"https:\/\/us.edu.pl\/wydzial\/wnst\/wp-json\/wp\/v2\/posts"}],"about":[{"href":"https:\/\/us.edu.pl\/wydzial\/wnst\/wp-json\/wp\/v2\/types\/post"}],"author":[{"embeddable":true,"href":"https:\/\/us.edu.pl\/wydzial\/wnst\/wp-json\/wp\/v2\/users\/92"}],"replies":[{"embeddable":true,"href":"https:\/\/us.edu.pl\/wydzial\/wnst\/wp-json\/wp\/v2\/comments?post=203555"}],"version-history":[{"count":7,"href":"https:\/\/us.edu.pl\/wydzial\/wnst\/wp-json\/wp\/v2\/posts\/203555\/revisions"}],"predecessor-version":[{"id":203567,"href":"https:\/\/us.edu.pl\/wydzial\/wnst\/wp-json\/wp\/v2\/posts\/203555\/revisions\/203567"}],"wp:featuredmedia":[{"embeddable":true,"href":"https:\/\/us.edu.pl\/wydzial\/wnst\/wp-json\/wp\/v2\/media\/176704"}],"wp:attachment":[{"href":"https:\/\/us.edu.pl\/wydzial\/wnst\/wp-json\/wp\/v2\/media?parent=203555"}],"wp:term":[{"taxonomy":"category","embeddable":true,"href":"https:\/\/us.edu.pl\/wydzial\/wnst\/wp-json\/wp\/v2\/categories?post=203555"},{"taxonomy":"post_tag","embeddable":true,"href":"https:\/\/us.edu.pl\/wydzial\/wnst\/wp-json\/wp\/v2\/tags?post=203555"}],"curies":[{"name":"wp","href":"https:\/\/api.w.org\/{rel}","templated":true}]}}