{"id":205100,"date":"2026-04-21T09:07:13","date_gmt":"2026-04-21T07:07:13","guid":{"rendered":"https:\/\/us.edu.pl\/wydzial\/wnst\/?p=205100"},"modified":"2026-04-21T09:09:52","modified_gmt":"2026-04-21T07:09:52","slug":"projekt-chemia-dla-zielonej-gospodarki-rekrutacja-do-zadania-1-wsparcie-kadry-uczelni-szkolenie-zrownowazony-rozwoj-3","status":"publish","type":"post","link":"https:\/\/us.edu.pl\/wydzial\/wnst\/2026\/04\/21\/projekt-chemia-dla-zielonej-gospodarki-rekrutacja-do-zadania-1-wsparcie-kadry-uczelni-szkolenie-zrownowazony-rozwoj-3\/","title":{"rendered":"Projekt Chemia dla Zielonej Gospodarki | Rekrutacja do zadania 1: Wsparcie Kadry Uczelni &#8211; warsztaty podnosz\u0105ce kompetencje cyfrowe"},"content":{"rendered":"<p>[vc_row][vc_column]\r\n                <div class=\"text-modules\">\r\n                    <div class=\"container\">\r\n                        \r\n                        <div class=\"text-modules__content\"><\/p>\n<p><center><img class=\"aligncenter wp-image-174381 size-full\" src=\"https:\/\/us.edu.pl\/wydzial\/wnst\/wp-content\/uploads\/sites\/18\/Bez-kategorii\/logo-1.jpg\" alt=\"cztery flagi: niebieska z 3 gwiazdami, flaga polski, flaga unii europejskiej, \u017c\u00f3\u0142ty orze\u0142 na niebieskim tle\" width=\"100%\" height=\"auto\" srcset=\"https:\/\/us.edu.pl\/wydzial\/wnst\/wp-content\/uploads\/sites\/18\/Bez-kategorii\/logo-1.jpg 1385w, https:\/\/us.edu.pl\/wydzial\/wnst\/wp-content\/uploads\/sites\/18\/Bez-kategorii\/logo-1-300x32.jpg 300w, https:\/\/us.edu.pl\/wydzial\/wnst\/wp-content\/uploads\/sites\/18\/Bez-kategorii\/logo-1-1024x108.jpg 1024w, https:\/\/us.edu.pl\/wydzial\/wnst\/wp-content\/uploads\/sites\/18\/Bez-kategorii\/logo-1-768x81.jpg 768w, https:\/\/us.edu.pl\/wydzial\/wnst\/wp-content\/uploads\/sites\/18\/Bez-kategorii\/logo-1-575x61.jpg 575w\" sizes=\"(max-width: 1385px) 100vw, 1385px\" \/><\/center><\/p>\n<\/div>\r\n                    <\/div>\r\n                <\/div>[\/vc_column][\/vc_row][vc_row][vc_column width=&#8221;2\/3&#8243;]\r\n                <div class=\"text-modules\">\r\n                    <div class=\"container\">\r\n                        \r\n                        <div class=\"text-modules__content\"><\/p>\n<p style=\"text-align: center;\"><span style=\"font-size: 80%;\">UDA-FESL.10.25-IZ.01-06D4\/23-00<\/span><\/p>\n<h3 style=\"text-align: center;\"><span style=\"color: #002e5a;\">Og\u0142oszenie rekrutacyjne<br \/>\n<\/span><\/h3>\n<p>Uniwersytet \u015al\u0105ski w Katowicach zaprasza nauczycieli akademickich \u2013 pracownik\u00f3w badawczo-dydaktycznych oraz dydaktycznych prowadz\u0105cych zaj\u0119cia na kierunkach zwi\u0105zanych z zielon\u0105 i cyfrow\u0105 gospodark\u0105 (w szczeg\u00f3lno\u015bci: chemia, technologia chemiczna) \u2013 do udzia\u0142u w projekcie:<\/p>\n<p style=\"text-align: center;\"><strong>Chemia dla Zielonej Gospodarki: Inicjatywa Edukacyjna<br \/>\n<\/strong><strong>Zadanie 1 \u2013 Wsparcie Kadry Uczelni.<br \/>\n<\/strong><strong>Kursy i szkolenia dla kadry podnosz\u0105ce kompetencje kadry zwi\u0105zane z zielon\u0105 i cyfrow\u0105 transformacj\u0105.<\/strong><\/p>\n<hr style=\"background-color: #94c11f;\" \/>\n<p><strong>Forma wsparcia: CZ\u0118\u015a\u0106 1: Warsztaty (kursy i szkolenia) podnosz\u0105ce kompetencje cyfrowe:<\/strong><\/p>\n<p>Celem tego zadania jest dostarczenie uczestnikom i uczestniczkom praktycznych umiej\u0119tno\u015bci i wiedzy z zakresu narz\u0119dzi cyfrowych, kt\u00f3re pozwalaj\u0105 na tworzenie interaktywnych materia\u0142\u00f3w dydaktycznych. Ponadto, kursy i szkolenia maj\u0105 na celu zdobycie wiedzy na temat projektowania uniwersalnego w edukacji oraz mo\u017cliwo\u015bci i ogranicze\u0144 wsp\u00f3\u0142czesnych system\u00f3w sztucznej inteligencji.<\/p>\n<p>Planowany zakres warsztat\u00f3w obejmuje nast\u0119puj\u0105ce 4 tematy \u2013 w formularzu zg\u0142oszeniowym nale\u017cy poda\u0107 temat szkolenia:<\/p>\n<ol>\n<li><strong>Wykorzystanie system\u00f3w sztucznej inteligencji w nowoczesnej dydaktyce<\/strong>.<\/li>\n<\/ol>\n<p>Zakres: celem szkolenia jest zdobycie wiedzy na temat mo\u017cliwo\u015bci i ogranicze\u0144 wsp\u00f3\u0142czesnych system\u00f3w sztucznej inteligencji oraz wyrobienie praktycznych umiej\u0119tno\u015bci wykorzystania tych\u017ce system\u00f3w do usprawnienia i automatyzacji wybranych proces\u00f3w w dydaktyce.<\/p>\n<ol start=\"2\">\n<li><strong>Tworzenie serwis\u00f3w internetowych dla dydaktyki z wykorzystaniem system\u00f3w zarz\u0105dzania tre\u015bci\u0105. <\/strong><\/li>\n<\/ol>\n<p>Zakres: celem szkolenia jest zdobycie umiej\u0119tno\u015bci tworzenia serwis\u00f3w internetowych z wykorzystaniem wybranego CMS &#8211; systemu zarz\u0105dzania tre\u015bci\u0105. Obejmowa\u0107 ono b\u0119dzie konfiguracj\u0119 \u015brodowiska dla w\u0142asnego serwisu, instalacj\u0119 systemu zarz\u0105dzania tre\u015bci\u0105, podstawy organizacji struktury serwisu, tworzenie stron, edycj\u0119 tre\u015bci, wykorzystanie multimedi\u00f3w, zagadnienia bezpiecze\u0144stwa.<\/p>\n<ol start=\"3\">\n<li><strong>Projektowanie uniwersalne w edukacji<\/strong><\/li>\n<\/ol>\n<p>Zakres: szkolenie wprowadza w zasady projektowania uniwersalnego, umo\u017cliwiaj\u0105cego tworzenie materia\u0142\u00f3w edukacyjnych dost\u0119pnych dla wszystkich uczni\u00f3w, w tym os\u00f3b ze specjalnymi potrzebami edukacyjnymi. Uczestnicy poznaj\u0105 metody dostosowywania tre\u015bci, form przekazu oraz narz\u0119dzi dydaktycznych w celu zwi\u0119kszenia dost\u0119pno\u015bci i efektywno\u015bci nauczania.<\/p>\n<ol start=\"4\">\n<li><strong>Kreatywne nowoczesne narz\u0119dzia edukacyjne<\/strong><\/li>\n<\/ol>\n<p>Zakres: szkolenie obejmuje wykorzystanie program\u00f3w biurowych do tworzenia atrakcyjnych materia\u0142\u00f3w dydaktycznych, takich jak karty pracy, testy czy zestawienia danych. Uczestnicy poznaj\u0105 funkcje umo\u017cliwiaj\u0105ce automatyzacj\u0119 oblicze\u0144, wizualizacj\u0119 danych oraz tworzenie interaktywnych element\u00f3w wspieraj\u0105cych proces nauczania.<\/p>\n<p><strong>Informacje o warsztatach<\/strong><\/p>\n<ul>\n<li><strong>Forma zaj\u0119\u0107:<\/strong> stacjonarnie (Katowice, ul. Bankowa 14) lub online \u2013 do ustalenia z grup\u0105<\/li>\n<li><strong>Termin realizacji:<\/strong> planowany: maj\/czerwiec 2026 (w przypadku zgody na przed\u0142u\u017cenie terminu realizacji projektu mo\u017cliwa b\u0119dzie p\u00f3\u017aniejsza realizacja szkolenia<\/li>\n<li><strong>Liczba godzin\/szkolenie:<\/strong> 20 godzin<\/li>\n<li><strong>Grupa szkoleniowa:<\/strong> 5 \u2013 10 os\u00f3b<\/li>\n<li><strong>Koszt:<\/strong> udzia\u0142 bezp\u0142atny (szkolenie finansowane ze \u015brodk\u00f3w UE)<\/li>\n<\/ul>\n<p>\n<\/div>\r\n                    <\/div>\r\n                <\/div>[\/vc_column][vc_column width=&#8221;1\/3&#8243;][vc_column_text css=&#8221;.vc_custom_1756882941657{border-top-width: 5px !important;border-right-width: 5px !important;border-bottom-width: 5px !important;border-left-width: 5px !important;background-color: #002e5a !important;border-left-color: #002e5a !important;border-left-style: solid !important;border-right-color: #002e5a !important;border-right-style: solid !important;border-top-color: #002e5a !important;border-top-style: solid !important;border-bottom-color: #002e5a !important;border-bottom-style: solid !important;border-radius: 5px !important;}&#8221;]<\/p>\n<p><center><img class=\"aligncenter wp-image-177249 size-full\" src=\"https:\/\/us.edu.pl\/wydzial\/wnst\/wp-content\/uploads\/sites\/18\/2024\/07\/1.png\" alt=\"kwadrat z symbolem cz\u0142owieka w \u015brodku\" width=\"80%\" height=\"auto\" srcset=\"https:\/\/us.edu.pl\/wydzial\/wnst\/wp-content\/uploads\/sites\/18\/2024\/07\/1.png 275w, https:\/\/us.edu.pl\/wydzial\/wnst\/wp-content\/uploads\/sites\/18\/2024\/07\/1-150x150.png 150w\" sizes=\"(max-width: 275px) 100vw, 275px\" \/><\/center>[\/vc_column_text]\r\n                <div class=\"text-modules\">\r\n                    <div class=\"container\">\r\n                        \r\n                        <div class=\"text-modules__content\"><p><a title=\"hasztag funduszeeu\" href=\"https:\/\/www.facebook.com\/hashtag\/FunduszeUE\/\">#FunduszeUE<\/a><br \/>\n<a title=\"hasztag funduszeeuropejskie\" href=\"https:\/\/www.facebook.com\/hashtag\/funduszeeuropejskie\" target=\"_blank\" rel=\"noopener\">#FunduszeEuropejskie<\/a><\/p>\n<\/div>\r\n                    <\/div>\r\n                <\/div>[\/vc_column][\/vc_row][vc_row][vc_column][vc_separator color=&#8221;green&#8221; border_width=&#8221;2&#8243;]\r\n                <div class=\"text-modules\">\r\n                    <div class=\"container\">\r\n                        \r\n                        <div class=\"text-modules__content\"><p><span style=\"color: #002e5a;\"><strong>Rekrutacja<\/strong><\/span><\/p>\n<ul>\n<li><strong>Termin sk\u0142adania zg\u0142osze\u0144:<\/strong> 21-27 kwietnia 2026 r.<\/li>\n<li><strong>Regulamin rekrutacji: <\/strong><a title=\"odno\u015bnik do innej strony www, link otwiera si\u0119 w nowym oknie\" href=\"https:\/\/aktyprawne.us.edu.pl\/d\/7574\/6\/\" target=\"_blank\" rel=\"noopener\">https:\/\/aktyprawne.us.edu.pl\/d\/7574\/6\/<\/a><\/li>\n<li><strong>Dokumenty wymagane:\u00a0<\/strong><a title=\"link do dokumentu o rozszerzeniu doc, otwiera si\u0119 w nowym oknie\" href=\"https:\/\/us.edu.pl\/wydzial\/wnst\/wp-content\/uploads\/sites\/18\/Dokumenty-zalaczniki\/zal_1b_formularz_Czesc1_cyfrowe.docx\" class=\"mtli_attachment mtli_docx\" data-mtli=\"mtli_filesize1&nbsp;004,37kB\" class=\"mtli_attachment mtli_docx\" data-mtli=\"mtli_filesize1&nbsp;004,37kB\">formularz zg\u0142oszeniowy<\/a><\/li>\n<li><strong>Spos\u00f3b dostarczenia dokument\u00f3w<\/strong>\n<ul style=\"list-style-type: square;\">\n<li>osobi\u015bcie lub poczt\u0105\/kurierem (decyduje data wp\u0142ywu) do Biura Projektu: <strong>Bankowa 14, Katowice, pok. 328,<br \/>\n<\/strong>od poniedzia\u0142ku do pi\u0105tku, godz. 8:00\u201315:00<\/li>\n<li>w przypadku trudno\u015bci z dostarczeniem dokument\u00f3w w ww. godzinach \u2013 prosimy o kontakt mailowy z Koordynatorem Projektu<\/li>\n<\/ul>\n<\/li>\n<\/ul>\n<p><strong>Komisja rekrutacyjna:<\/strong><\/p>\n<ol>\n<li>Przewodnicz\u0105ca Komisji: dr Katarzyna Kowalska-Szojda, prof. U\u015a,<\/li>\n<li>Cz\u0142onek: dr Monika \u017barska<\/li>\n<li>Cz\u0142onek: dr Mateusz Penkala<\/li>\n<\/ol>\n<p><strong>Kontakt<\/strong><\/p>\n<p><strong>Koordynator projektu: <\/strong>dr katarzyna Kowalska-Szojda, prof. U\u015a<br \/>\nE-mail: <a title=\"link do adres email\" href=\"mailto:katarzyna.kowalska-szojda@us.edu.pl\" target=\"_blank\" rel=\"noopener\">katarzyna.kowalska-szojda@us.edu.pl<\/a> tel.: 32 359 1460<br \/>\n<strong>Asystentka ds. administracyjnych<\/strong>: dr Monika \u017barska<br \/>\nE-mail:\u00a0<a title=\"link do adresu email\" href=\"mailto:monika.zarska@us.edu.pl\">monika.zarska@us.edu.pl<\/a>, tel. 32 359 2285<\/p>\n<p>W razie zg\u0142oszonego zapotrzebowania zorganizowane zostanie spotkanie lub sesja online.<\/p>\n<p><strong>Dalsze kroki po zakwalifikowaniu do projektu<\/strong><\/p>\n<p>Osoby przyj\u0119te do udzia\u0142u otrzymaj\u0105 wiadomo\u015b\u0107 e-mail. Nast\u0119pnie b\u0119d\u0105 zobowi\u0105zane do:<\/p>\n<ul>\n<li>zapoznania si\u0119 z klauzulami informacyjnymi RODO<\/li>\n<li>wype\u0142nienia Formularza danych osobowych<\/li>\n<li>podpisania Deklaracji uczestnictwa.<\/li>\n<\/ul>\n<p>Dokumenty zostan\u0105 przes\u0142ane na adres e-mail podany w formularzu zg\u0142oszeniowym.<\/p>\n<hr style=\"background-color: #94c11f;\" \/>\n<p><strong>Pe\u0142na lista kurs\u00f3w i szkole\u0144 w ramach projektu w roku akademickim 2025\/2026 znajduje si\u0119 na stronie projektu: <\/strong><a title=\"odno\u015bnik do innej strony www, link otwiera si\u0119 w tym samym oknie\" href=\"https:\/\/us.edu.pl\/wydzial\/wnst\/wspolpraca\/szkoly\/chemia-dla-zielonej-gospodarki\/#zad1\">Chemia dla Zielonej Gospodarki<\/a><\/p>\n<p style=\"text-align: center;\"><span style=\"color: #002e5a;\"><strong>Zapraszamy<\/strong><\/span><\/p>\n<p>\n<style type=\"text\/css\">a[data-mtli~=\"mtli_filesize1&nbsp;004,37kB\"]:after {content:\" (1&nbsp;004,37 kB)\"}<\/style><\/div>\r\n                    <\/div>\r\n                <\/div>\r\n                <div class=\"text-modules\">\r\n                    <div class=\"container\">\r\n                        \r\n                        <div class=\"text-modules__content\"><p><a title=\"link do strony www\" href=\"https:\/\/us.edu.pl\/wydzial\/wnst\/wspolpraca\/szkoly\/chemia-dla-zielonej-gospodarki\/\">powr\u00f3t na stron\u0119 projektu<\/a><\/p>\n<\/div>\r\n                    <\/div>\r\n                <\/div>[\/vc_column][\/vc_row]<\/p>\n<style type=\"text\/css\">a[data-mtli~=\"mtli_filesize1&nbsp;004,37kB\"]:after {content:\" (1&nbsp;004,37 kB)\"}<\/style>","protected":false},"excerpt":{"rendered":"<p>[vc_row][vc_column][\/vc_column][\/vc_row][vc_row][vc_column width=&#8221;2\/3&#8243;][\/vc_column][vc_column width=&#8221;1\/3&#8243;][vc_column_text css=&#8221;.vc_custom_1756882941657{border-top-width: 5px !important;border-right-width: 5px !important;border-bottom-width: 5px !important;border-left-width: 5px !important;background-color: #002e5a !important;border-left-color: #002e5a !important;border-left-style: solid !important;border-right-color: #002e5a !important;border-right-style: solid !important;border-top-color: #002e5a !important;border-top-style: solid !important;border-bottom-color: #002e5a !important;border-bottom-style: solid !important;border-radius: 5px !important;}&#8221;] [\/vc_column_text][\/vc_column][\/vc_row][vc_row][vc_column][vc_separator color=&#8221;green&#8221; border_width=&#8221;2&#8243;][\/vc_column][\/vc_row] [&#8230;]<\/p>\n<p><a class=\"btn btn-secondary understrap-read-more-link\" href=\"https:\/\/us.edu.pl\/wydzial\/wnst\/2026\/04\/21\/projekt-chemia-dla-zielonej-gospodarki-rekrutacja-do-zadania-1-wsparcie-kadry-uczelni-szkolenie-zrownowazony-rozwoj-3\/\">Read More&#8230;<\/a><\/p>\n","protected":false},"author":92,"featured_media":176704,"comment_status":"open","ping_status":"open","sticky":false,"template":"","format":"standard","meta":{"_expiration-date-status":"","_expiration-date":0,"_expiration-date-type":"","_expiration-date-categories":[],"_expiration-date-options":[]},"categories":[34],"tags":[],"acf":[],"_links":{"self":[{"href":"https:\/\/us.edu.pl\/wydzial\/wnst\/wp-json\/wp\/v2\/posts\/205100"}],"collection":[{"href":"https:\/\/us.edu.pl\/wydzial\/wnst\/wp-json\/wp\/v2\/posts"}],"about":[{"href":"https:\/\/us.edu.pl\/wydzial\/wnst\/wp-json\/wp\/v2\/types\/post"}],"author":[{"embeddable":true,"href":"https:\/\/us.edu.pl\/wydzial\/wnst\/wp-json\/wp\/v2\/users\/92"}],"replies":[{"embeddable":true,"href":"https:\/\/us.edu.pl\/wydzial\/wnst\/wp-json\/wp\/v2\/comments?post=205100"}],"version-history":[{"count":2,"href":"https:\/\/us.edu.pl\/wydzial\/wnst\/wp-json\/wp\/v2\/posts\/205100\/revisions"}],"predecessor-version":[{"id":205103,"href":"https:\/\/us.edu.pl\/wydzial\/wnst\/wp-json\/wp\/v2\/posts\/205100\/revisions\/205103"}],"wp:featuredmedia":[{"embeddable":true,"href":"https:\/\/us.edu.pl\/wydzial\/wnst\/wp-json\/wp\/v2\/media\/176704"}],"wp:attachment":[{"href":"https:\/\/us.edu.pl\/wydzial\/wnst\/wp-json\/wp\/v2\/media?parent=205100"}],"wp:term":[{"taxonomy":"category","embeddable":true,"href":"https:\/\/us.edu.pl\/wydzial\/wnst\/wp-json\/wp\/v2\/categories?post=205100"},{"taxonomy":"post_tag","embeddable":true,"href":"https:\/\/us.edu.pl\/wydzial\/wnst\/wp-json\/wp\/v2\/tags?post=205100"}],"curies":[{"name":"wp","href":"https:\/\/api.w.org\/{rel}","templated":true}]}}