{"id":22015,"date":"2022-01-16T11:49:35","date_gmt":"2022-01-16T10:49:35","guid":{"rendered":"https:\/\/us.edu.pl\/wydzial\/wnst\/?p=22015"},"modified":"2022-05-06T11:32:05","modified_gmt":"2022-05-06T09:32:05","slug":"swiatowy-dzien-sniegu","status":"publish","type":"post","link":"https:\/\/us.edu.pl\/wydzial\/wnst\/2022\/01\/16\/swiatowy-dzien-sniegu\/","title":{"rendered":"\u015awiatowy Dzie\u0144 \u015aniegu | dr Anna Maro\u0144, dr Joanna Palion-Gazda i prof. dr hab. Barbara Machura"},"content":{"rendered":"<p>[vc_row css=&#8221;.vc_custom_1626772894639{margin-bottom: 0px !important;border-bottom-width: 0px !important;padding-bottom: 0px !important;}&#8221;][vc_column width=&#8221;1\/4&#8243;]\r\n                <div class=\"text-modules\">\r\n                    <div class=\"container\">\r\n                        \r\n                        <div class=\"text-modules__content\"><\/p>\n<p style=\"text-align: right;\"><strong><small><span style=\"letter-spacing: 0.6mm; color: #011535; font-size: 140%; font-family: 'PT Sans Narrow';\">16 stycznia<\/span><\/small><\/strong><\/p>\n<p style=\"text-transform: uppercase; text-align: right;\"><strong><small><span style=\"letter-spacing: 0.4mm; color: #9b132a; font-size: 160%; font-family: PT Sans Narrow;\">\u015bwiatowy dzie\u0144 \u015aNIEGU<\/span><\/small><\/strong><\/p>\n<p>\n<\/div>\r\n                    <\/div>\r\n                <\/div>[vc_single_image image=&#8221;16858&#8243; img_size=&#8221;full&#8221; alignment=&#8221;center&#8221; style=&#8221;vc_box_rounded&#8221;][\/vc_column][vc_column width=&#8221;3\/4&#8243;]\r\n                <div class=\"text-modules\">\r\n                    <div class=\"container\">\r\n                        \r\n                        <div class=\"text-modules__content\"><p>16 stycznia obchodzony jest \u015awiatowy Dzie\u0144 \u015aniegu.<\/p>\n<p>&nbsp;<\/p>\n<p><em>Ludzie od wiek\u00f3w interesowali si\u0119 tajemnic\u0105 ukryt\u0105 za p\u0142atkami \u015bniegu spadaj\u0105cymi delikatnie za oknem w mro\u017ane zimowe dni. Pojedyncze kryszta\u0142ki lodu znane jako p\u0142atki \u015bniegu formuj\u0105 si\u0119 wysoko ponad naszymi g\u0142owami z pary wodnej, tworz\u0105c unikatowe, nierzadko bardzo widowiskowe, ale zawsze sze\u015bcioramienne formy, co zwi\u0105zane jest ze struktur\u0105 wi\u0105za\u0144 wodorowych tworz\u0105cych si\u0119 w sieci krystalicznej lodu.<\/em><\/p>\n<\/div>\r\n                    <\/div>\r\n                <\/div>\r\n                <div class=\"text-modules\">\r\n                    <div class=\"container\">\r\n                        \r\n                        <div class=\"text-modules__content\"><p><a href=\"https:\/\/us.edu.pl\/wydzial\/wnst\/event\/?strona=1&amp;widok=lista&amp;odbiorca=&amp;kategoria=343&amp;lokalizacja=&amp;rok=&amp;miesiac=\">\u201eKartka z kalendarza\u201d<\/a> to cykl artyku\u0142\u00f3w, kt\u00f3re powstawa\u0142y z okazji r\u00f3\u017cnych nietypowych \u015bwi\u0105t. Autorami prezentowanych materia\u0142\u00f3w s\u0105 studenci, doktoranci i pracownicy Wydzia\u0142u Nauk \u015acis\u0142ych i Technicznych U\u015a.<\/p>\n<\/div>\r\n                    <\/div>\r\n                <\/div>[vc_separator color=&#8221;custom&#8221; accent_color=&#8221;#9b132a&#8221;][\/vc_column][\/vc_row][vc_row css=&#8221;.vc_custom_1642264770936{margin-bottom: 0px !important;border-bottom-width: 0px !important;padding-bottom: 0px !important;}&#8221;][vc_column width=&#8221;1\/3&#8243; el_class=&#8221;foto&#8221;][vc_column_text el_class=&#8221;foto&#8221; css=&#8221;.vc_custom_1651829471448{padding-right: 20px !important;padding-left: 20px !important;}&#8221;]<img class=\"alignnone wp-image-22019 size-full\" src=\"https:\/\/us.edu.pl\/wydzial\/wnst\/wp-content\/uploads\/sites\/18\/zdjecia-wydarzenia\/kartka\/DzienSniegu.jpg\" alt=\"\" width=\"100%\" height=\"auto\" srcset=\"https:\/\/us.edu.pl\/wydzial\/wnst\/wp-content\/uploads\/sites\/18\/zdjecia-wydarzenia\/kartka\/DzienSniegu.jpg 800w, https:\/\/us.edu.pl\/wydzial\/wnst\/wp-content\/uploads\/sites\/18\/zdjecia-wydarzenia\/kartka\/DzienSniegu-300x225.jpg 300w, https:\/\/us.edu.pl\/wydzial\/wnst\/wp-content\/uploads\/sites\/18\/zdjecia-wydarzenia\/kartka\/DzienSniegu-768x576.jpg 768w, https:\/\/us.edu.pl\/wydzial\/wnst\/wp-content\/uploads\/sites\/18\/zdjecia-wydarzenia\/kartka\/DzienSniegu-575x431.jpg 575w\" sizes=\"(max-width: 800px) 100vw, 800px\" \/><\/p>\n<p><em>\u00a0<\/em>[\/vc_column_text][\/vc_column][vc_column width=&#8221;2\/3&#8243;]\r\n                <div class=\"text-modules\">\r\n                    <div class=\"container\">\r\n                        \r\n                        <div class=\"text-modules__content\"><\/p>\n<p style=\"text-align: left;\"><strong><span style=\"letter-spacing: 0.4mm; font-size: 120%; font-family: PT Sans Narrow;\">dr Anna Maro\u0144, dr Joanna Palion-Gazda i prof. dr hab. Barbara Machura | Instytut Chemii<\/span><\/strong><\/p>\n<p>Jednak\u017ce nie tylko sama uroda tego zjawiska przyci\u0105ga cz\u0142owieka. P\u0142atki \u015bniegu stanowi\u0105 sta\u0142\u0105 posta\u0107 wody niezb\u0119dnej do \u017cycia na naszej planecie. Ich tworzenie si\u0119 i obecno\u015b\u0107 jest kluczowe dla wielu zjawisk meteorologicznych i \u015brodowiskowych. Pe\u0142ni\u0105 wa\u017cn\u0105 rol\u0119 w procesie elektryfikacji chmur, wy\u0142adowa\u0144 elektrycznych, jak r\u00f3wnie\u017c maj\u0105 istotne znaczenie w procesach chemicznych zachodz\u0105cych w wy\u017cszych warstwach atmosfery, dla kt\u00f3rych kluczowa jest powierzchnia styku z warstw\u0105 lodu. Badania nad tworzeniem si\u0119 i dynamik\u0105 wzrostu kryszta\u0142\u00f3w p\u0142atk\u00f3w \u015bniegu stanowi\u0105 fundamentalny problem w nauce.<\/p>\n<p style=\"text-align: right;\"><img class=\"wp-image-22021 size-large aligncenter\" src=\"https:\/\/us.edu.pl\/wydzial\/wnst\/wp-content\/uploads\/sites\/18\/zdjecia-wydarzenia\/kartka\/Snieg1-1024x497.png\" alt=\"\" width=\"80%\" height=\"auto\" srcset=\"https:\/\/us.edu.pl\/wydzial\/wnst\/wp-content\/uploads\/sites\/18\/zdjecia-wydarzenia\/kartka\/Snieg1-1024x497.png 1024w, https:\/\/us.edu.pl\/wydzial\/wnst\/wp-content\/uploads\/sites\/18\/zdjecia-wydarzenia\/kartka\/Snieg1-300x145.png 300w, https:\/\/us.edu.pl\/wydzial\/wnst\/wp-content\/uploads\/sites\/18\/zdjecia-wydarzenia\/kartka\/Snieg1-768x372.png 768w, https:\/\/us.edu.pl\/wydzial\/wnst\/wp-content\/uploads\/sites\/18\/zdjecia-wydarzenia\/kartka\/Snieg1-575x279.png 575w, https:\/\/us.edu.pl\/wydzial\/wnst\/wp-content\/uploads\/sites\/18\/zdjecia-wydarzenia\/kartka\/Snieg1.png 1291w\" sizes=\"(max-width: 1024px) 100vw, 1024px\" \/><br \/>\n<small><\/small><\/p>\n<p style=\"text-align: center;\"><strong>Struktura krystaliczna lodu<\/strong><\/p>\n<p>\n<\/div>\r\n                    <\/div>\r\n                <\/div>\r\n                <div class=\"text-modules\">\r\n                    <div class=\"container\">\r\n                        \r\n                        <div class=\"text-modules__content\"><p>Pierwsze naukowe spojrzenie na symetri\u0119 geometrycznych form p\u0142atk\u00f3w \u015bniegu zawdzi\u0119czamy Johannesowi Keplerowi, kt\u00f3ry swoje rozwa\u017cania zawar\u0142 w rozprawie \u201eNoworoczny podarek albo o sze\u015bciok\u0105tnych p\u0142atkach \u015bniegu\u201d (1611 rok). Filozof znajduj\u0119 wiele analogii pomi\u0119dzy sze\u015bciok\u0105tnymi kszta\u0142tami \u015bnie\u017cynek i kszta\u0142tem plastra miodu, a problem sw\u00f3j rozwa\u017ca w oparciu o teori\u0119 zwartego, heksagonalnego u\u0142o\u017cenia kul w przestrzeni. Noworoczny podarek uznaj\u0119 za pierwsz\u0105 w historii rozpraw\u0119, w kt\u00f3rej rozwa\u017ca si\u0119 problemy krystalizacji, a nawet za pierwsz\u0105 prac\u0119 naukow\u0105 z krystalografii. Dwadzie\u015bcia sze\u015b\u0107 lat p\u00f3\u017aniej, w dziele \u201eLes Met\u00e9ores\u201d, Rene Descartes przedstawi\u0142 opis morfologii p\u0142atk\u00f3w \u015bniegu, a Robert Hooke w 1665 roku opublikowa\u0142 tom \u201eMicrographia\u201d, w kt\u00f3rym zamie\u015bci\u0142 szkice tego, co ogl\u0105da\u0142 pod mikroskopem, w tym r\u00f3wnie\u017c rysunki p\u0142atk\u00f3w \u015bniegu. Dalszy post\u0119p w tym obszarze nast\u0105pi\u0142 dzi\u0119ki rozwojowi fotografii. W roku w 1931 Wilson Bentley, kt\u00f3ry zyska\u0142 przydomek \u201eThe Snowflake Man\u201d opublikowa\u0142 s\u0142ynn\u0105 (wznawian\u0105 po dzie\u0144 dzisiejszy) ksi\u0105\u017ck\u0119 \u201eSnow Crystals\u201d, w kt\u00f3rej znalaz\u0142o si\u0119 ponad 2000 mikrofotografii p\u0142atk\u00f3w \u015bniegu. To w\u0142a\u015bnie te fotografie zainspirowa\u0142y fizyka Ukichiro Nakaya\u2019ma do rozpocz\u0119cia systematycznych bada\u0144 laboratoryjnych nad procesem wzrostu kryszta\u0142\u00f3w lodu. Bada\u0142 on m.in. w jaki spos\u00f3b r\u00f3\u017cne czynniki takie jak temperatura i wilgotno\u015b\u0107 powietrza wp\u0142ywaj\u0105 na posta\u0107 formuj\u0105cych si\u0119 p\u0142atk\u00f3w \u015bniegu. W ten spos\u00f3b powsta\u0142 diagram morfologii p\u0142atk\u00f3w \u015bniegu.<\/p>\n<p style=\"text-align: center;\"><img class=\"wp-image-22020 size-full aligncenter\" src=\"https:\/\/us.edu.pl\/wydzial\/wnst\/wp-content\/uploads\/sites\/18\/zdjecia-wydarzenia\/kartka\/Snieg.png\" alt=\"\" width=\"80%\" height=\"auto\" srcset=\"https:\/\/us.edu.pl\/wydzial\/wnst\/wp-content\/uploads\/sites\/18\/zdjecia-wydarzenia\/kartka\/Snieg.png 1311w, https:\/\/us.edu.pl\/wydzial\/wnst\/wp-content\/uploads\/sites\/18\/zdjecia-wydarzenia\/kartka\/Snieg-300x215.png 300w, https:\/\/us.edu.pl\/wydzial\/wnst\/wp-content\/uploads\/sites\/18\/zdjecia-wydarzenia\/kartka\/Snieg-768x551.png 768w, https:\/\/us.edu.pl\/wydzial\/wnst\/wp-content\/uploads\/sites\/18\/zdjecia-wydarzenia\/kartka\/Snieg-1024x734.png 1024w, https:\/\/us.edu.pl\/wydzial\/wnst\/wp-content\/uploads\/sites\/18\/zdjecia-wydarzenia\/kartka\/Snieg-575x412.png 575w\" sizes=\"(max-width: 1311px) 100vw, 1311px\" \/><\/p>\n<p>&nbsp;<\/p>\n<p style=\"text-align: center;\"><strong>Diagram morfologii p\u0142atk\u00f3w \u015bniegu<\/strong> (Kenneth G. Libbrecht, Caltech).<\/p>\n<p>\n<\/div>\r\n                    <\/div>\r\n                <\/div>\r\n                <div class=\"text-modules\">\r\n                    <div class=\"container\">\r\n                        \r\n                        <div class=\"text-modules__content\"><p>Proces wzrostu pojedynczego p\u0142atku \u015bniegu rozpoczyna si\u0119, gdy kropelka pary wodnej w chmurze napotyka np. cz\u0105stk\u0119 py\u0142u, kurzu w powietrzu. To ona stanowi \u201ezacz\u0105tek\u201d do procesu zarodkowania kryszta\u0142u. Gdy temperatura spada rozpoczyna si\u0119 przemiana fazowa pary wodnej w cia\u0142o sta\u0142e, czyli l\u00f3d. W pocz\u0105tkowej fazie tworz\u0105 si\u0119 wy\u0142\u0105cznie kryszta\u0142ki o postaci heksagonalnych p\u0142ytek, kt\u00f3re nast\u0119pnie w procesie wzrostu mog\u0105 przyj\u0105\u0107 r\u00f3\u017cnorodne postacie.<\/p>\n<p>Chocia\u017c do dnia dzisiejszego wiele aspekt\u00f3w zwi\u0105zanych z procesem wzrostu p\u0142atk\u00f3w \u015bniegu jest ju\u017c dobrze poznanych, m.in. struktura krystaliczna lodu, istota oddzia\u0142ywa\u0144 mi\u0119dzy cz\u0105steczkami wody, diagram przej\u015b\u0107 fazowych dla wody, czy te\u017c r\u00f3wnowagowa struktura powierzchni lodu, to pewne podstawowe aspekty zwi\u0105zane ze zjawiskiem wzrostu p\u0142atk\u00f3w \u015bniegu, takie jak diagram morfologii p\u0142atk\u00f3w \u015bniegu wci\u0105\u017c skrywaj\u0105 wiele tajemnic do odkrycia!<\/p>\n<p>W te pi\u0119kne zimowe wieczory nie pozw\u00f3lmy odebra\u0107 sobie r\u00f3wnie\u017c dzieci\u0119cego spojrzenia na fascynuj\u0105ce nas przez wieki p\u0142atki \u015bniegu. Znajd\u017amy chwil\u0119 by podziwia\u0107 ich urod\u0119, nuc\u0105c piosenk\u0119: \u201e<em>P\u0142atki \u015bniegu jak bia\u0142e anio\u0142y opadaj\u0105 wolniutko na ziemi\u0119\u201d.<\/em><\/p>\n<p>Literatura:<\/p>\n<ol>\n<li>Johannes Kepler, Noworoczny podarek albo o sze\u015bciok\u0105tnych p\u0142atkach \u015bniegu, Wydawnictwo Uniwersytetu Warszawskiego, Warszawa, 2006.<\/li>\n<li>Kenneth G. Libbrecht <em> Prog. Phys.<\/em> 2005, 68,\u00a0855.<\/li>\n<\/ol>\n<p>&nbsp;<\/p>\n<p style=\"text-align: right;\"><a href=\"https:\/\/cutt.ly\/UIl1PIQ\">Read in english<\/a><\/p>\n<p>\n<\/div>\r\n                    <\/div>\r\n                <\/div>[\/vc_column][\/vc_row][vc_row css=&#8221;.vc_custom_1626772894639{margin-bottom: 0px !important;border-bottom-width: 0px !important;padding-bottom: 0px !important;}&#8221;][vc_column width=&#8221;1\/5&#8243;][\/vc_column][vc_column width=&#8221;1\/5&#8243;][\/vc_column][vc_column width=&#8221;1\/5&#8243;][vc_single_image image=&#8221;22018&#8243; img_size=&#8221;large&#8221;][\/vc_column][vc_column width=&#8221;1\/5&#8243;][vc_single_image image=&#8221;22017&#8243; img_size=&#8221;large&#8221;][\/vc_column][vc_column width=&#8221;1\/5&#8243;][vc_single_image image=&#8221;22016&#8243; img_size=&#8221;large&#8221;][\/vc_column][\/vc_row][vc_row][vc_column width=&#8221;1\/4&#8243;][\/vc_column][vc_column width=&#8221;3\/4&#8243;]\r\n                <div class=\"text-modules\">\r\n                    <div class=\"container\">\r\n                        \r\n                        <div class=\"text-modules__content\"><\/p>\n<p style=\"text-align: center;\"><strong>Zdj\u0119cia p\u0142atk\u00f3w \u015bniegu o r\u00f3\u017cnych kszta\u0142tach<\/strong> (Wilson A. Bentley)<\/p>\n<p>\n<\/div>\r\n                    <\/div>\r\n                <\/div>[\/vc_column][\/vc_row]<\/p>","protected":false},"excerpt":{"rendered":"<p>[vc_row css=&#8221;.vc_custom_1626772894639{margin-bottom: 0px !important;border-bottom-width: 0px !important;padding-bottom: 0px !important;}&#8221;][vc_column width=&#8221;1\/4&#8243;][vc_single_image image=&#8221;16858&#8243; img_size=&#8221;full&#8221; alignment=&#8221;center&#8221; style=&#8221;vc_box_rounded&#8221;][\/vc_column][vc_column width=&#8221;3\/4&#8243;][vc_separator color=&#8221;custom&#8221; accent_color=&#8221;#9b132a&#8221;][\/vc_column][\/vc_row][vc_row css=&#8221;.vc_custom_1642264770936{margin-bottom: 0px !important;border-bottom-width: 0px !important;padding-bottom: 0px !important;}&#8221;][vc_column width=&#8221;1\/3&#8243; el_class=&#8221;foto&#8221;][vc_column_text el_class=&#8221;foto&#8221; css=&#8221;.vc_custom_1651829471448{padding-right: 20px !important;padding-left: 20px !important;}&#8221;] \u00a0[\/vc_column_text][\/vc_column][vc_column width=&#8221;2\/3&#8243;][\/vc_column][\/vc_row][vc_row css=&#8221;.vc_custom_1626772894639{margin-bottom: 0px !important;border-bottom-width: 0px !important;padding-bottom: 0px !important;}&#8221;][vc_column width=&#8221;1\/5&#8243;][\/vc_column][vc_column width=&#8221;1\/5&#8243;][\/vc_column][vc_column width=&#8221;1\/5&#8243;][vc_single_image image=&#8221;22018&#8243; img_size=&#8221;large&#8221;][\/vc_column][vc_column width=&#8221;1\/5&#8243;][vc_single_image image=&#8221;22017&#8243; img_size=&#8221;large&#8221;][\/vc_column][vc_column width=&#8221;1\/5&#8243;][vc_single_image image=&#8221;22016&#8243; img_size=&#8221;large&#8221;][\/vc_column][\/vc_row][vc_row][vc_column width=&#8221;1\/4&#8243;][\/vc_column][vc_column width=&#8221;3\/4&#8243;][\/vc_column][\/vc_row] [&#8230;]<\/p>\n<p><a class=\"btn btn-secondary understrap-read-more-link\" href=\"https:\/\/us.edu.pl\/wydzial\/wnst\/2022\/01\/16\/swiatowy-dzien-sniegu\/\">Read More&#8230;<\/a><\/p>\n","protected":false},"author":92,"featured_media":22019,"comment_status":"open","ping_status":"open","sticky":false,"template":"","format":"standard","meta":{"_expiration-date-status":"","_expiration-date":0,"_expiration-date-type":"","_expiration-date-categories":[],"_expiration-date-options":[]},"categories":[528,9],"tags":[89,466,449,535,708],"acf":[],"_links":{"self":[{"href":"https:\/\/us.edu.pl\/wydzial\/wnst\/wp-json\/wp\/v2\/posts\/22015"}],"collection":[{"href":"https:\/\/us.edu.pl\/wydzial\/wnst\/wp-json\/wp\/v2\/posts"}],"about":[{"href":"https:\/\/us.edu.pl\/wydzial\/wnst\/wp-json\/wp\/v2\/types\/post"}],"author":[{"embeddable":true,"href":"https:\/\/us.edu.pl\/wydzial\/wnst\/wp-json\/wp\/v2\/users\/92"}],"replies":[{"embeddable":true,"href":"https:\/\/us.edu.pl\/wydzial\/wnst\/wp-json\/wp\/v2\/comments?post=22015"}],"version-history":[{"count":10,"href":"https:\/\/us.edu.pl\/wydzial\/wnst\/wp-json\/wp\/v2\/posts\/22015\/revisions"}],"predecessor-version":[{"id":27471,"href":"https:\/\/us.edu.pl\/wydzial\/wnst\/wp-json\/wp\/v2\/posts\/22015\/revisions\/27471"}],"wp:featuredmedia":[{"embeddable":true,"href":"https:\/\/us.edu.pl\/wydzial\/wnst\/wp-json\/wp\/v2\/media\/22019"}],"wp:attachment":[{"href":"https:\/\/us.edu.pl\/wydzial\/wnst\/wp-json\/wp\/v2\/media?parent=22015"}],"wp:term":[{"taxonomy":"category","embeddable":true,"href":"https:\/\/us.edu.pl\/wydzial\/wnst\/wp-json\/wp\/v2\/categories?post=22015"},{"taxonomy":"post_tag","embeddable":true,"href":"https:\/\/us.edu.pl\/wydzial\/wnst\/wp-json\/wp\/v2\/tags?post=22015"}],"curies":[{"name":"wp","href":"https:\/\/api.w.org\/{rel}","templated":true}]}}