{"id":22176,"date":"2022-01-19T11:53:15","date_gmt":"2022-01-19T10:53:15","guid":{"rendered":"https:\/\/us.edu.pl\/wydzial\/wnst\/?p=22176"},"modified":"2022-01-19T12:11:00","modified_gmt":"2022-01-19T11:11:00","slug":"komunikat-dziekana-w-sprawie-zasad-przeprowadzania-egzaminow-w-zimowej-sesji-egzaminacyjnej","status":"publish","type":"post","link":"https:\/\/us.edu.pl\/wydzial\/wnst\/2022\/01\/19\/komunikat-dziekana-w-sprawie-zasad-przeprowadzania-egzaminow-w-zimowej-sesji-egzaminacyjnej\/","title":{"rendered":"Komunikat Dziekana w sprawie zasad przeprowadzania egzamin\u00f3w w zimowej sesji egzaminacyjnej"},"content":{"rendered":"<p>[vc_row][vc_column]\r\n                <div class=\"text-modules\">\r\n                    <div class=\"container\">\r\n                        \r\n                        <div class=\"text-modules__content\"><\/p>\n<p style=\"text-align: center;\">Komunikat Dziekana<br \/>\nw sprawie<br \/>\nzasad przeprowadzania egzamin\u00f3w w zimowej sesji egzaminacyjnej<br \/>\nroku akademickiego 2021\/2022<br \/>\nna Wydziale Nauk \u015acis\u0142ych i Technicznych Uniwersytetu \u015al\u0105skiego w Katowicach<\/p>\n<ol>\n<li>Z zastrze\u017ceniem, \u017ce sytuacja epidemiczna nie ulegnie znacznemu pogorszeniu, wszystkie egzaminy w zimowej sesji egzaminacyjnej odbywaj\u0105 si\u0119 w formie kontaktowej przy zachowaniu zasad re\u017cimu sanitarnego zgodnie z og\u0142oszonym w Uniwersytecie \u015al\u0105skim wewn\u0119trznym systemem poziom\u00f3w zabezpiecze\u0144 w zwi\u0105zku z COVID-19.<\/li>\n<li>\u00a0Egzaminy powinny si\u0119 odbywa\u0107 w formie zgodnej z okre\u015blon\u0105 w sylabusie modu\u0142u kszta\u0142cenia z zachowaniem re\u017cimu sanitarnego, a to oznacza, \u017ce:\n<ol style=\"list-style-type: lower-alpha;\">\n<li>Liczba student\u00f3w i egzaminator\u00f3w uczestnicz\u0105cych w egzaminie powinna zosta\u0107 ustalona tak, aby na sali, na kt\u00f3rej przeprowadzona jest weryfikacja uzyskanych przez student\u00f3w efekt\u00f3w uczenia si\u0119, nie by\u0142o nadmiernego t\u0142oku tj. w przypadku egzamin\u00f3w przeprowadzonych w formie pisemnej studenci zajmuj\u0105 na sali egzaminacyjnej co drugie miejsce w co drugim rz\u0119dzie;<br \/>\nw przypadku egzaminu w formie ustnej z zachowaniem odleg\u0142o\u015bci 1,5 m mi\u0119dzy egzaminatorem a studentem przyst\u0119puj\u0105cym do egzaminu<\/li>\n<li>Je\u015bli pozwala na to architektura pomieszczenia, pomi\u0119dzy egzaminami sala, na kt\u00f3rej przeprowadza jest weryfikacja uzyskanych przez student\u00f3w efekt\u00f3w uczenia si\u0119 powinna by\u0107 przewietrzona, a ponadto zdezynfekowana;<\/li>\n<\/ol>\n<\/li>\n<li>W trakcie egzaminu egzaminatorzy oraz studenci obowi\u0105zkowo zakrywaj\u0105 usta i nos maseczk\u0105. Od tej zasady mo\u017cna odst\u0105pi\u0107 w przypadku, gdy osoby uczestnicz\u0105ce w egzaminie posiadaj\u0105\u00a0 za\u015bwiadczenie zwalniaj\u0105ce je z obowi\u0105zku noszenia maseczki;<\/li>\n<li>Ustala si\u0119 \u2013 pod rygorem niedopuszczenia do egzaminu \u2013 nast\u0119puj\u0105ce procedury wej\u015bcia studenta na sal\u0119, na kt\u00f3rej przeprowadzane s\u0105 egzaminy:\n<ol style=\"list-style-type: lower-alpha;\">\n<li>Pracownik dopuszczaj\u0105cy student\u00f3w do egzaminu przy wej\u015bciu do sali obowi\u0105zkowo zakrywa usta i nos maseczk\u0105,<\/li>\n<li>Student obowi\u0105zkowo dezynfekuje d\u0142onie przy wej\u015bciu na sal\u0119,<\/li>\n<li>Student wchodz\u0105c na sale obowi\u0105zkowo zakrywa usta i nos maseczk\u0105, z zastrze\u017ceniem przepisu pkt 3.<\/li>\n<\/ol>\n<\/li>\n<li>Zgod\u0119 na odst\u0119pstwa od og\u00f3lnie obowi\u0105zuj\u0105cych, okre\u015blonych w pkt 1-2, zasad przeprowadzania egzamin\u00f3w w zimowej sesji egzaminacyjnej roku akademickiego 2021\/2022, mo\u017ce udzieli\u0107 \u2013 na wniosek egzaminatora zaopiniowany przez dyrektora kierunku lub jego zast\u0119pc\u0119 \u2013 dziekan lub prodziekan ds. kszta\u0142cenia i student\u00f3w.<\/li>\n<li>Egzaminy odbywaj\u0105 si\u0119 zgodnie z harmonogramem sesji w terminach ustalonych przez prowadz\u0105cych i uzgodnionych ze studentami przy uwzgl\u0119dnieniu pkt 1-5.<\/li>\n<li>Dost\u0119p do harmonogramu sesji zostaje podany studentom przed jej rozpocz\u0119ciem, w szczeg\u00f3lno\u015bci za po\u015brednictwem wydzia\u0142owej strony internetowej oraz planera.<\/li>\n<li>O zmianach w harmonogramie sesji wynikaj\u0105cej ze zmiany aktualnego poziomu statusu zabezpiecze\u0144 COVID-19 przyj\u0119tego w Uniwersytecie \u015al\u0105skim w Katowicach studenci zostan\u0105 niezw\u0142ocznie powiadomieni, w szczeg\u00f3lno\u015bci za po\u015brednictwem komunikatu zamieszczonego na wydzia\u0142owej stronie internetowej.<\/li>\n<\/ol>\n<p><a href=\"https:\/\/us.edu.pl\/wydzial\/wnst\/wp-content\/uploads\/sites\/18\/Dokumenty-za\u0142\u0105czniki\/zasady-sesji-zimowej-21-22.pdf\" class=\"mtli_attachment mtli_pdf\" data-mtli=\"mtli_filesize468,32kB\" class=\"mtli_attachment mtli_pdf\" data-mtli=\"mtli_filesize468,32kB\">Tre\u015b\u0107 komunikatu<\/a><\/p>\n<style type=\"text\/css\">a[data-mtli~=\"mtli_filesize468,32kB\"]:after {content:\" (468,32 kB)\"}<\/style><\/div>\r\n                    <\/div>\r\n                <\/div>[\/vc_column][\/vc_row]<\/p>\n<style type=\"text\/css\">a[data-mtli~=\"mtli_filesize468,32kB\"]:after {content:\" (468,32 kB)\"}<\/style>","protected":false},"excerpt":{"rendered":"<p>[vc_row][vc_column][\/vc_column][\/vc_row] [&#8230;]<\/p>\n<p><a class=\"btn btn-secondary understrap-read-more-link\" href=\"https:\/\/us.edu.pl\/wydzial\/wnst\/2022\/01\/19\/komunikat-dziekana-w-sprawie-zasad-przeprowadzania-egzaminow-w-zimowej-sesji-egzaminacyjnej\/\">Read More&#8230;<\/a><\/p>\n","protected":false},"author":92,"featured_media":18524,"comment_status":"open","ping_status":"open","sticky":false,"template":"","format":"standard","meta":{"_expiration-date-status":"saved","_expiration-date":0,"_expiration-date-type":"","_expiration-date-categories":[],"_expiration-date-options":[]},"categories":[42,9],"tags":[],"acf":[],"_links":{"self":[{"href":"https:\/\/us.edu.pl\/wydzial\/wnst\/wp-json\/wp\/v2\/posts\/22176"}],"collection":[{"href":"https:\/\/us.edu.pl\/wydzial\/wnst\/wp-json\/wp\/v2\/posts"}],"about":[{"href":"https:\/\/us.edu.pl\/wydzial\/wnst\/wp-json\/wp\/v2\/types\/post"}],"author":[{"embeddable":true,"href":"https:\/\/us.edu.pl\/wydzial\/wnst\/wp-json\/wp\/v2\/users\/92"}],"replies":[{"embeddable":true,"href":"https:\/\/us.edu.pl\/wydzial\/wnst\/wp-json\/wp\/v2\/comments?post=22176"}],"version-history":[{"count":1,"href":"https:\/\/us.edu.pl\/wydzial\/wnst\/wp-json\/wp\/v2\/posts\/22176\/revisions"}],"predecessor-version":[{"id":22178,"href":"https:\/\/us.edu.pl\/wydzial\/wnst\/wp-json\/wp\/v2\/posts\/22176\/revisions\/22178"}],"wp:featuredmedia":[{"embeddable":true,"href":"https:\/\/us.edu.pl\/wydzial\/wnst\/wp-json\/wp\/v2\/media\/18524"}],"wp:attachment":[{"href":"https:\/\/us.edu.pl\/wydzial\/wnst\/wp-json\/wp\/v2\/media?parent=22176"}],"wp:term":[{"taxonomy":"category","embeddable":true,"href":"https:\/\/us.edu.pl\/wydzial\/wnst\/wp-json\/wp\/v2\/categories?post=22176"},{"taxonomy":"post_tag","embeddable":true,"href":"https:\/\/us.edu.pl\/wydzial\/wnst\/wp-json\/wp\/v2\/tags?post=22176"}],"curies":[{"name":"wp","href":"https:\/\/api.w.org\/{rel}","templated":true}]}}