{"id":23426,"date":"2022-02-11T07:00:24","date_gmt":"2022-02-11T06:00:24","guid":{"rendered":"https:\/\/us.edu.pl\/wydzial\/wnst\/?p=23426"},"modified":"2025-10-13T12:04:58","modified_gmt":"2025-10-13T10:04:58","slug":"md-kobiet-i-dziewczat-w-nauce","status":"publish","type":"post","link":"https:\/\/us.edu.pl\/wydzial\/wnst\/2022\/02\/11\/md-kobiet-i-dziewczat-w-nauce\/","title":{"rendered":"Mi\u0119dzynarodowy dzie\u0144 kobiet i dziewcz\u0105t w Nauce"},"content":{"rendered":"<p>[vc_row css=&#8221;.vc_custom_1626772894639{margin-bottom: 0px !important;border-bottom-width: 0px !important;padding-bottom: 0px !important;}&#8221;][vc_column width=&#8221;1\/4&#8243;]\r\n                <div class=\"text-modules\">\r\n                    <div class=\"container\">\r\n                        \r\n                        <div class=\"text-modules__content\"><\/p>\n<p style=\"text-align: right;\"><strong><small><span style=\"letter-spacing: 0.6mm; color: #011535; font-size: 140%; font-family: 'PT Sans Narrow';\">11 lutego<\/span><\/small><\/strong><\/p>\n<p style=\"text-align: right;\"><strong><small><span style=\"letter-spacing: 0.4mm; color: #9b132a; font-size: 160%; font-family: PT Sans Narrow;\">MI\u0118DZYNARODOWY DZIE\u0143 KOBIET I\u00a0DZIEWCZ\u0104T W NAUCE<\/span><\/small><\/strong><\/p>\n<p>\n<\/div>\r\n                    <\/div>\r\n                <\/div>[vc_single_image image=&#8221;16858&#8243; img_size=&#8221;full&#8221; alignment=&#8221;center&#8221; style=&#8221;vc_box_rounded&#8221; onclick=&#8221;custom_link&#8221; img_link_target=&#8221;_blank&#8221; link=&#8221;https:\/\/us.edu.pl\/wydzial\/wnst\/category\/kartka-z-kalendarza\/&#8221;][\/vc_column][vc_column width=&#8221;3\/4&#8243;]\r\n                <div class=\"text-modules\">\r\n                    <div class=\"container\">\r\n                        \r\n                        <div class=\"text-modules__content\"><p><a href=\"https:\/\/us.edu.pl\/wydzial\/wnst\/event\/?strona=1&amp;widok=lista&amp;odbiorca=&amp;kategoria=343&amp;lokalizacja=&amp;rok=&amp;miesiac=\">\u201eKartka z kalendarza\u201d<\/a> to cykl artyku\u0142\u00f3w, kt\u00f3re powstawa\u0142y z okazji r\u00f3\u017cnych nietypowych \u015bwi\u0105t. Autorami prezentowanych materia\u0142\u00f3w s\u0105 studenci, doktoranci i pracownicy Wydzia\u0142u Nauk \u015acis\u0142ych i Technicznych U\u015a.<\/p>\n<\/div>\r\n                    <\/div>\r\n                <\/div>[vc_separator color=&#8221;custom&#8221; accent_color=&#8221;#9b132a&#8221;]\r\n                <div class=\"text-modules\">\r\n                    <div class=\"container\">\r\n                        \r\n                        <div class=\"text-modules__content\"><p>11 lutego obchodzony jest Mi\u0119dzynarodowy Dzie\u0144 Kobiet i Dziewcz\u0105t w Nauce.<\/p>\n<p>Dzisiejsze \u015bwi\u0119to obchodzimy od 2016 roku z inicjatywy UNESCO, UN Women oraz ITU (Mi\u0119dzynarodowy Zwi\u0105zek Telekomunikacyjny) przez Zgromadzenie Og\u00f3lne ONZ. Jego g\u0142\u00f3wnym celem jest popularyzacja dost\u0119pno\u015bci nauki, technologii, in\u017cynierii, matematyki oraz kszta\u0142cenia i bada\u0144 dla kobiet i dziewcz\u0105t na wszystkich szczeblach edukacji, a tak\u017ce uznanie ich kluczowej roli w rozwoju nauki.<\/p>\n<p>Zapytali\u015bmy Pa\u0144 z naszego wydzia\u0142u, dlaczego wybra\u0142y drog\u0119 Nauki.<\/p>\n<\/div>\r\n                    <\/div>\r\n                <\/div>[\/vc_column][\/vc_row][vc_row][vc_column][vc_tta_tabs][vc_tta_section title=&#8221;prof. dr hab. MARZENA DZIDA&#8221; tab_id=&#8221;1630400433390-399ec060-c734&#8243;][vc_row_inner][vc_column_inner width=&#8221;1\/3&#8243;][vc_column_text el_class=&#8221;foto&#8221; css=&#8221;.vc_custom_1644084397874{padding-right: 20px !important;padding-left: 20px !important;}&#8221;]<img class=\"alignnone wp-image-23433 size-medium\" src=\"https:\/\/us.edu.pl\/wydzial\/wnst\/wp-content\/uploads\/sites\/18\/Nieprzypisane\/MarzenaDziada_fot-Julia-Agnieszka-Szymala-300x300.jpg\" alt=\"\" width=\"300\" height=\"300\" srcset=\"https:\/\/us.edu.pl\/wydzial\/wnst\/wp-content\/uploads\/sites\/18\/Nieprzypisane\/MarzenaDziada_fot-Julia-Agnieszka-Szymala-300x300.jpg 300w, https:\/\/us.edu.pl\/wydzial\/wnst\/wp-content\/uploads\/sites\/18\/Nieprzypisane\/MarzenaDziada_fot-Julia-Agnieszka-Szymala-150x150.jpg 150w, https:\/\/us.edu.pl\/wydzial\/wnst\/wp-content\/uploads\/sites\/18\/Nieprzypisane\/MarzenaDziada_fot-Julia-Agnieszka-Szymala-768x768.jpg 768w, https:\/\/us.edu.pl\/wydzial\/wnst\/wp-content\/uploads\/sites\/18\/Nieprzypisane\/MarzenaDziada_fot-Julia-Agnieszka-Szymala-1024x1024.jpg 1024w, https:\/\/us.edu.pl\/wydzial\/wnst\/wp-content\/uploads\/sites\/18\/Nieprzypisane\/MarzenaDziada_fot-Julia-Agnieszka-Szymala-575x575.jpg 575w\" sizes=\"(max-width: 300px) 100vw, 300px\" \/><br \/>\n<em>fot. Julia Szymala | archiwum U\u015a<br \/>\n<\/em>[\/vc_column_text]\r\n                <div class=\"text-modules\">\r\n                    <div class=\"container\">\r\n                        \r\n                        <div class=\"text-modules__content\"><p><span style=\"letter-spacing: 0.4mm; color: #002e5a; font-size: 200%; font-family: PT Sans Narrow;\"><small><strong>prof. dr hab. MARZENA DZIDA<br \/>\n<\/strong><\/small><\/span><\/p>\n<hr \/>\n<p>profesor, Instytut Chemii<\/p>\n<p><a href=\"https:\/\/ab.us.edu.pl\/emp?id=5082&amp;view=P\">wy\u015bwietl publikacje<\/a><\/p>\n<\/div>\r\n                    <\/div>\r\n                <\/div>[\/vc_column_inner][vc_column_inner width=&#8221;2\/3&#8243;]\r\n                <div class=\"text-modules\">\r\n                    <div class=\"container\">\r\n                        \r\n                        <div class=\"text-modules__content\"><p><span style=\"color: #002e5a; font-size: 200%; font-family: PT Sans Narrow;\">Dlaczego wybra\u0142am drog\u0119 Nauki?<\/span><\/p>\n<p><span data-contrast=\"auto\">Drog\u0119 nauki wybra\u0142am dzi\u0119ki wyj\u0105tkowym ludziom, kt\u00f3rych spotka\u0142am w swoim \u017cyciu. Mi\u0142o\u015b\u0107 do ksi\u0105\u017cek wpoi\u0142 mi dziadek, kupowa\u0142 i czyta\u0142 je z pasj\u0105. Dziadek imponowa\u0142 mi swoj\u0105 niez\u0142omno\u015bci\u0105.\u00a0<\/span><span data-ccp-props=\"{&quot;201341983&quot;:0,&quot;335551550&quot;:6,&quot;335551620&quot;:6,&quot;335559739&quot;:200,&quot;335559740&quot;:276}\">\u00a0<\/span><\/p>\n<p><span data-contrast=\"auto\">W szkole podstawowej mia\u0142am fantastyczn\u0105 nauczycielk\u0119 chemii \u2013 uczy\u0142a z pasj\u0105 i jednocze\u015bnie by\u0142a wymagaj\u0105ca, da\u0142a nam dobre podstawy. Na ka\u017cdej lekcji chemii samodzielnie przeprowadzali\u015bmy do\u015bwiadczenia. To wszystko sprawi\u0142o, \u017ce ju\u017c wtedy postanowi\u0142am studiowa\u0107 chemi\u0119. W liceum mia\u0142am szcz\u0119\u015bcie i trafi\u0142am na matematyczk\u0119, kt\u00f3ra bardzo dobrze t\u0142umaczy\u0142a. By\u0142a dla mnie wzorem pracowito\u015bci i systematyczno\u015bci. Z kolei wolny czas lubi\u0142am sp\u0119dza\u0107 u wujka \u2013 germanisty w jego \u201eksi\u0119garni\u201d, czyli gabinecie oraz na uczelni, gdzie pracowa\u0142.<\/span><span data-ccp-props=\"{&quot;201341983&quot;:0,&quot;335551550&quot;:6,&quot;335551620&quot;:6,&quot;335559739&quot;:200,&quot;335559740&quot;:276}\">\u00a0<\/span><\/p>\n<p><span data-contrast=\"auto\">Jednak najwi\u0119kszy wp\u0142yw na decyzj\u0119 o wyborze drogi naukowej oraz na m\u00f3j rozw\u00f3j naukowy wywar\u0142 dr Andrzej \u017bak, z kt\u00f3rym na studiach mia\u0142am zaj\u0119cia z chemii fizycznej oraz u kt\u00f3rego pisa\u0142am prac\u0119 magistersk\u0105. Dr \u017bak by\u0142 niezwyk\u0142ym cz\u0142owiekiem, sprawdza\u0142 my\u015blenie oraz zrozumienie omawianych zjawisk, by\u0142 bardzo wymagaj\u0105cy. Na kolokwiach s\u0142ysza\u0142am tylko: \u201e<em>My\u015ble\u0107, my\u015ble\u0107, my\u015ble\u0107\u2026<\/em>\u201d, a w trakcie pisania pracy magisterskiej: \u201e<em>Dziecko, gdyby to by\u0142o \u0142atwe to sam bym to zrobi\u0142, ale \u017ce to jest trudne, to Ty to zrobisz<\/em>\u201d. Po sko\u0144czeniu studi\u00f3w nie zosta\u0142am na uczelni, pracowa\u0142am w laboratorium w oczyszczalni \u015bciek\u00f3w.\u00a0<\/span><span data-ccp-props=\"{&quot;201341983&quot;:0,&quot;335551550&quot;:6,&quot;335551620&quot;:6,&quot;335559739&quot;:200,&quot;335559740&quot;:276}\">\u00a0<\/span><\/p>\n<p><span data-contrast=\"auto\">Rok pracy poza uczelni\u0105 u\u015bwiadomi\u0142 mi, \u017ce wci\u0105\u017c chc\u0119 si\u0119 rozwija\u0107 naukowo. Nieustanna wiara we mnie i wsparcie dr. \u017baka sprawi\u0142y, \u017ce wr\u00f3ci\u0142am na uczelni\u0119. Dr \u017bak zaprosi\u0142 mnie do prac nad prototypem unikatowego na skal\u0119 \u015bwiatow\u0105 uk\u0142adu do pomiaru pr\u0119dko\u015bci propagacji fali ultrad\u017awi\u0119kowej w cieczach pod wysokimi ci\u015bnieniami, kt\u00f3ry konstruowa\u0142. Mia\u0142am szcz\u0119\u015bcie bra\u0107 udzia\u0142 w zako\u0144czonym sukcesem uruchomieniu prototypu, testowaniu i pierwszych pomiarach. Gdy rozpocz\u0119li\u015bmy pomiary, powiedzia\u0142 kiedy\u015b: \u201e<em>Zachwycaj si\u0119 wynikiem<\/em>\u201d, a wiedzia\u0142, co m\u00f3wi, gdy\u017c wiele lat czeka\u0142 na ten wynik. Dr \u017bak nauczy\u0142 mnie wytrwa\u0142o\u015bci i niezra\u017cania si\u0119 niepowodzeniami. By\u0142a to wa\u017cna lekcja na pocz\u0105tku mojej drogi naukowej. Drogi, kt\u00f3ra ci\u0105gle trwa dzi\u0119ki wspania\u0142ym ludziom, z kt\u00f3rymi obecnie wsp\u00f3\u0142pracuj\u0119, z kt\u00f3rymi godzinami dyskutuj\u0119 o problemach naukowych i od kt\u00f3rych mog\u0119 si\u0119 wiele nauczy\u0107. Dzi\u0119ki studentom, kt\u00f3rzy ch\u0119tnie i aktywnie bior\u0105 udzia\u0142 w moich zaj\u0119ciach, a kt\u00f3rym przekazuj\u0119 przes\u0142anie prof. Feynmana: \u201e<em>\u2026nauczcie si\u0119 podziwia\u0107 pi\u0119kno otaczaj\u0105cego nas \u015bwiata i nad wszystkim \u2013 i o wszystkim \u2013 my\u015blcie!<\/em>\u201d*. To nadaje sens mojej pracy i daje satysfakcj\u0119. A stopnie i tytu\u0142 naukowy, publikacje w dobrych czasopismach, to przy okazji\u2026 tego te\u017c mnie nauczy\u0142 dr \u017bak.<\/span><span data-ccp-props=\"{&quot;201341983&quot;:0,&quot;335551550&quot;:6,&quot;335551620&quot;:6,&quot;335559739&quot;:200,&quot;335559740&quot;:276}\">\u00a0<\/span><\/p>\n<p><span data-ccp-props=\"{&quot;201341983&quot;:0,&quot;335551550&quot;:6,&quot;335551620&quot;:6,&quot;335559739&quot;:200,&quot;335559740&quot;:276}\">\u00a0<\/span><\/p>\n<p><span data-contrast=\"auto\">* Richard P. Feynman,<em> Pan raczy \u017cartowa\u0107, panie Feynman! Przypadki ciekawego cz\u0142owieka<\/em>, s. 10, Wydawnictwo Znak, Krak\u00f3w 2007.<\/span><\/p>\n<p>&nbsp;<\/p>\n<p><span style=\"font-size: 10pt;\"><strong>Dzia\u0142alno\u015b\u0107 naukowa<\/strong><\/span><\/p>\n<ul>\n<li><span style=\"font-size: 10pt;\">\u201eIoCarboNanoFluids (ICON Fluids) jako nowa klasa projektowalnych uk\u0142ad\u00f3w wielojonowych funkcjonalizowanych nanorurkami w\u0119glowymi &#8211; kompleksowe zrozumienie oddzia\u0142ywa\u0144 mi\u0119dzycz\u0105steczkowych oraz architektury molekularnej\u201d grant NCN, konkurs OPUS 21: 2021\/41\/B\/ST5\/00892, Konsorcjum: Politechnika \u015al\u0105ska (lider) i Uniwersytet \u015al\u0105ski (partner)<\/span><\/li>\n<\/ul>\n<p style=\"padding-left: 40px;\"><span style=\"font-size: 10pt;\">Kierownik projektu: prof. dr hab. in\u017c. S\u0142awomir Boncel; Koordynator Uniwersytet \u015al\u0105ski: prof. dr hab. Marzena Dzida<\/span><\/p>\n<p style=\"padding-left: 40px;\"><span style=\"font-size: 10pt;\"><a href=\"https:\/\/us.edu.pl\/wydzial\/wnst\/2021\/11\/30\/instytut-chemii-z-dofinansowaniem-w-ramach-badawczego-konsorcjum-ncn\/\">https:\/\/us.edu.pl\/wydzial\/wnst\/2021\/11\/30\/instytut-chemii-z-dofinansowaniem-w-ramach-badawczego-konsorcjum-ncn\/<\/a><\/span><\/p>\n<ul>\n<li><span style=\"font-size: 10pt;\">\u201eOtrzymywanie, stabilno\u015b\u0107, struktura i w\u0142a\u015bciwo\u015bci fizykochemiczne cieczy jonowych z nanostrukturami w\u0119glowymi jako materia\u0142\u00f3w do magazynowania energii\u201d, grant NCN, konkurs OPUS 14: 2017\/27\/B\/ST4\/02748, Konsorcjum: Uniwersytet \u015al\u0105ski (lider) i Politechnika \u015al\u0105ska (partner)Kierownik projektu: prof. dr hab. Marzena Dzida; Koordynator Politechnika \u015al\u0105ska: prof. dr hab. in\u017c. S\u0142awomir Boncel<\/span><\/li>\n<\/ul>\n<p style=\"padding-left: 40px;\"><span style=\"font-size: 10pt;\"><a href=\"https:\/\/projekty.ncn.gov.pl\/index.php?projekt_id=394970\">https:\/\/projekty.ncn.gov.pl\/index.php?projekt_id=39497<\/a><\/span><\/p>\n<p>&nbsp;<\/p>\n<p><span style=\"font-size: 10pt;\"><strong>Pe\u0142nione funkcje<\/strong><\/span><\/p>\n<ul>\n<li><span style=\"font-size: 10pt;\">Lider Zespo\u0142u Chemii Fizycznej w Instytucie Chemii<\/span><\/li>\n<li><span style=\"font-size: 10pt;\">Cz\u0142onek Senatu U\u015a<\/span><\/li>\n<li><span style=\"font-size: 10pt;\">Cz\u0142onek Komitetu Akustyki Polskiej Akademii Nauk<\/span><\/li>\n<li><span style=\"font-size: 10pt;\">Zast\u0119pca Przewodnicz\u0105cego Prezydium Zarz\u0105du G\u0142\u00f3wnego Polskiego Towarzystwa Akustycznego<\/span><\/li>\n<li><span style=\"font-size: 10pt;\">Zast\u0119pca Przewodnicz\u0105cego Oddzia\u0142u G\u00f3rno\u015bl\u0105skiego Polskiego Towarzystwa Akustycznego<\/span><\/li>\n<li><span style=\"font-size: 10pt;\">Przewodnicz\u0105ca Sekcji Termodynamiki Polskiego Towarzystwa Chemicznego<\/span><\/li>\n<li><span style=\"font-size: 10pt;\">Cz\u0142onek komitetu redakcyjnego <em>The Journal of Chemical Thermodynamics<\/em> (IF = 3,178; 100 pkt MNiSW)<\/span><\/li>\n<li><span style=\"font-size: 10pt;\">Cz\u0142onek komitetu redakcyjnego <em>Energies<\/em> (IF= 3,004; 140 pkt MNiSW)<\/span><\/li>\n<\/ul>\n<p>\n<\/div>\r\n                    <\/div>\r\n                <\/div>[\/vc_column_inner][\/vc_row_inner][\/vc_tta_section][vc_tta_section title=&#8221;dr hab. AGNIESZKA LISOWSKA, prof. U\u015a&#8221; tab_id=&#8221;1630400433402-d00081fc-b1fb&#8221;][vc_row_inner][vc_column_inner width=&#8221;1\/3&#8243;][vc_column_text el_class=&#8221;foto&#8221; css=&#8221;.vc_custom_1644084882766{padding-right: 20px !important;padding-left: 20px !important;}&#8221;]<img class=\"alignnone wp-image-23427 size-medium\" src=\"https:\/\/us.edu.pl\/wydzial\/wnst\/wp-content\/uploads\/sites\/18\/Nieprzypisane\/AgnieszkaLisowska-300x300.jpg\" alt=\"\" width=\"300\" height=\"300\" srcset=\"https:\/\/us.edu.pl\/wydzial\/wnst\/wp-content\/uploads\/sites\/18\/Nieprzypisane\/AgnieszkaLisowska-300x300.jpg 300w, https:\/\/us.edu.pl\/wydzial\/wnst\/wp-content\/uploads\/sites\/18\/Nieprzypisane\/AgnieszkaLisowska-150x150.jpg 150w, https:\/\/us.edu.pl\/wydzial\/wnst\/wp-content\/uploads\/sites\/18\/Nieprzypisane\/AgnieszkaLisowska-768x768.jpg 768w, https:\/\/us.edu.pl\/wydzial\/wnst\/wp-content\/uploads\/sites\/18\/Nieprzypisane\/AgnieszkaLisowska-1024x1024.jpg 1024w, https:\/\/us.edu.pl\/wydzial\/wnst\/wp-content\/uploads\/sites\/18\/Nieprzypisane\/AgnieszkaLisowska-575x575.jpg 575w, https:\/\/us.edu.pl\/wydzial\/wnst\/wp-content\/uploads\/sites\/18\/Nieprzypisane\/AgnieszkaLisowska.jpg 1043w\" sizes=\"(max-width: 300px) 100vw, 300px\" \/><br \/>\n<em>fot. archiwum prywatne A. Lisowska<br \/>\n<\/em>[\/vc_column_text]\r\n                <div class=\"text-modules\">\r\n                    <div class=\"container\">\r\n                        \r\n                        <div class=\"text-modules__content\"><p><span style=\"letter-spacing: 0.4mm; color: #002e5a; font-size: 200%; font-family: PT Sans Narrow;\"><small><strong>dr hab. AGNIESZKA LISOWSKA, prof. U\u015a<br \/>\n<\/strong><\/small><\/span><\/p>\n<hr \/>\n<p>profesor uczelni, Instytut Informatyki<\/p>\n<p><a href=\"https:\/\/ab.us.edu.pl\/emp?id=15452&amp;view=P\">wy\u015bwietl publikacje<\/a><\/p>\n<\/div>\r\n                    <\/div>\r\n                <\/div>[\/vc_column_inner][vc_column_inner width=&#8221;2\/3&#8243;]\r\n                <div class=\"text-modules\">\r\n                    <div class=\"container\">\r\n                        \r\n                        <div class=\"text-modules__content\"><p><span style=\"color: #002e5a; font-size: 200%; font-family: PT Sans Narrow;\">Dlaczego wybra\u0142am drog\u0119 Nauki?<\/span><\/p>\n<p><span data-contrast=\"auto\">Od urodzenia zawsze nurtowa\u0142y mnie pytania: <em>dlaczego? sk\u0105d? jak?<\/em> Zawsze chodzi\u0142am swoimi \u015bcie\u017ckami, nie zwa\u017caj\u0105c na to, co robi\u0105 inni. Ju\u017c w wieku dwunastu lat mia\u0142am sw\u00f3j pierwszy komputer Atari. Tak, wiem, teraz w tym wieku ma si\u0119 ju\u017c syndrom znudzenia kolejnym smartfonem. Szybko nauczy\u0142am si\u0119, \u017ce mo\u017cna nie tylko gra\u0107 w gry, ale te\u017c wymy\u015bla\u0107 i projektowa\u0107 do nich kolejne poziomy (Boulder Dash!). Nied\u0142ugo p\u00f3\u017aniej nauczy\u0142am si\u0119 sama pisa\u0107 programy w j\u0119zyku Basic. Takie abstrakcyjne my\u015blenie spowodowa\u0142o, \u017ce wyb\u00f3r studi\u00f3w matematycznych by\u0142 dla mnie oczywisto\u015bci\u0105. Studia te by\u0142y dla mnie zabaw\u0105. I ta ch\u0119\u0107 dalszej zabawy spowodowa\u0142a moje pozostanie na Uniwersytecie w charakterze naukowca.\u00a0<\/span><span data-ccp-props=\"{&quot;201341983&quot;:0,&quot;335559739&quot;:200,&quot;335559740&quot;:276}\">\u00a0<\/span><\/p>\n<p><span data-contrast=\"auto\">Moja praca naukowa koncentruje si\u0119 wok\u00f3\u0142 \u015bwiata obraz\u00f3w cyfrowych. Pocz\u0105wszy od projektowania graficznych poziom\u00f3w do gry w formacie ASCII w wieku kilkunastu lat, poprzez artystyczne malowanie obraz\u00f3w w wolnych chwilach, a\u017c do zastosowania wielorozdzielczych geometrycznych metod w przetwarzaniu obraz\u00f3w cyfrowych oraz zastosowania sztucznej inteligencji i g\u0142\u0119bokiego uczenia sieci neuronowych do rozpoznawania obiekt\u00f3w na obrazach czy generowania obraz\u00f3w. \u015awiat bez obraz\u00f3w nie m\u00f3g\u0142by istnie\u0107, bo obrazy s\u0105 zwierciad\u0142em naszej duszy, r\u00f3wnie\u017c te cyfrowe.<\/span><span data-ccp-props=\"{&quot;201341983&quot;:0,&quot;335559739&quot;:200,&quot;335559740&quot;:276}\">\u00a0<\/span><\/p>\n<\/div>\r\n                    <\/div>\r\n                <\/div>[\/vc_column_inner][\/vc_row_inner][\/vc_tta_section][vc_tta_section title=&#8221;dr hab. BEATA WODECKA-DU\u015a, prof. U\u015a&#8221; tab_id=&#8221;1630400573513-45f1ea29-a778&#8243;][vc_row_inner][vc_column_inner width=&#8221;1\/3&#8243;][vc_column_text el_class=&#8221;foto&#8221; css=&#8221;.vc_custom_1644085703108{padding-right: 20px !important;padding-left: 20px !important;}&#8221;]<img class=\"alignnone wp-image-23429 size-medium\" src=\"https:\/\/us.edu.pl\/wydzial\/wnst\/wp-content\/uploads\/sites\/18\/Nieprzypisane\/WodeckaDu\u015bBeata_1a-300x300.jpg\" alt=\"\" width=\"300\" height=\"300\" srcset=\"https:\/\/us.edu.pl\/wydzial\/wnst\/wp-content\/uploads\/sites\/18\/Nieprzypisane\/WodeckaDu\u015bBeata_1a-300x300.jpg 300w, https:\/\/us.edu.pl\/wydzial\/wnst\/wp-content\/uploads\/sites\/18\/Nieprzypisane\/WodeckaDu\u015bBeata_1a-150x150.jpg 150w, https:\/\/us.edu.pl\/wydzial\/wnst\/wp-content\/uploads\/sites\/18\/Nieprzypisane\/WodeckaDu\u015bBeata_1a-768x768.jpg 768w, https:\/\/us.edu.pl\/wydzial\/wnst\/wp-content\/uploads\/sites\/18\/Nieprzypisane\/WodeckaDu\u015bBeata_1a-1024x1024.jpg 1024w, https:\/\/us.edu.pl\/wydzial\/wnst\/wp-content\/uploads\/sites\/18\/Nieprzypisane\/WodeckaDu\u015bBeata_1a-575x575.jpg 575w\" sizes=\"(max-width: 300px) 100vw, 300px\" \/><br \/>\n<em>fot. Tomasz Kawka | archiwum U\u015a<\/em>[\/vc_column_text]\r\n                <div class=\"text-modules\">\r\n                    <div class=\"container\">\r\n                        \r\n                        <div class=\"text-modules__content\"><p><span style=\"letter-spacing: 0.4mm; color: #002e5a; font-size: 200%; font-family: PT Sans Narrow;\"><small><strong>dr hab. BEATA WODECKA-DU\u015a, prof. U\u015a<\/strong><\/small><\/span><\/p>\n<hr \/>\n<p>profesor uczelni, Instytut In\u017cynierii Materia\u0142owej<\/p>\n<p><a href=\"https:\/\/ab.us.edu.pl\/emp?id=30522&amp;view=P\">wy\u015bwietl publikacje<\/a><\/p>\n<p>\n<\/div>\r\n                    <\/div>\r\n                <\/div>[\/vc_column_inner][vc_column_inner width=&#8221;2\/3&#8243;]\r\n                <div class=\"text-modules\">\r\n                    <div class=\"container\">\r\n                        \r\n                        <div class=\"text-modules__content\"><p><span style=\"color: #002e5a; font-size: 200%; font-family: PT Sans Narrow;\">Dlaczego wybra\u0142am drog\u0119 Nauki?<\/span><\/p>\n<p><span data-contrast=\"none\">Nauka towarzyszy mi przez ca\u0142e \u017cycie. Jest cz\u0119\u015bci\u0105 mnie, bardzo mi blisk\u0105. Odk\u0105d pami\u0119tam, mia\u0142am potrzeb\u0119 ci\u0105g\u0142ego uczenia si\u0119 i poszerzania swoich horyzont\u00f3w. <\/span><i><span data-contrast=\"none\">Wiedzenie<\/span><\/i><span data-contrast=\"none\"> by\u0142o dla mnie czym\u015b, co dawa\u0142o mi pewno\u015b\u0107 siebie i motywowa\u0142o do dzia\u0142ania.\u202f<\/span><span data-ccp-props=\"{&quot;134233117&quot;:true,&quot;134233118&quot;:true,&quot;201341983&quot;:0,&quot;335559738&quot;:240,&quot;335559739&quot;:240,&quot;335559740&quot;:240}\">\u00a0<\/span><\/p>\n<p><span data-contrast=\"none\">Genialne pomys\u0142y naukowc\u00f3w, ich \u015bwie\u017cy, innowacyjny pogl\u0105d na \u017cycie fascynowa\u0142 mnie. Chcia\u0142am znale\u017a\u0107 si\u0119 w ich gronie, w miejscu, gdzie b\u0119d\u0119 mog\u0142a opowiada\u0107 o swoich w\u0142asnych badaniach i osi\u0105gni\u0119ciach wiedz\u0105c, \u017ce jest to dla kogo\u015b interesuj\u0105ce i warto\u015bciowe.\u202f<\/span><span data-ccp-props=\"{&quot;134233117&quot;:true,&quot;134233118&quot;:true,&quot;201341983&quot;:0,&quot;335559738&quot;:240,&quot;335559739&quot;:240,&quot;335559740&quot;:240}\">\u00a0<\/span><\/p>\n<p><span data-contrast=\"none\">B\u0119d\u0105c naukowcem, mog\u0119 realizowa\u0107 si\u0119 w swoich zainteresowaniach. Nauka jest dla mnie nieko\u0144cz\u0105c\u0105 si\u0119 przygod\u0105, kt\u00f3ra daje mi wiele rado\u015bci. Praca w laboratorium, prowadzone do\u015bwiadczenia i pr\u00f3by, nawet takie, kt\u00f3re nie zawsze przynosz\u0105 oczekiwane efekty, motywuj\u0105\u202fmnie do dalszego rozwoju. Odkrywanie, poznawanie \u015bwiata wok\u00f3\u0142, a nade wszystkim dzielenie si\u0119 tym z innymi, daje mi ogromn\u0105 przyjemno\u015b\u0107.<\/span><span data-ccp-props=\"{&quot;134233117&quot;:true,&quot;134233118&quot;:true,&quot;201341983&quot;:0,&quot;335559738&quot;:240,&quot;335559739&quot;:240,&quot;335559740&quot;:240}\">\u00a0<\/span><\/p>\n<p><span data-contrast=\"none\">Na swojej \u015bcie\u017cce zawodowej pozna\u0142am mn\u00f3stwo dobrych, m\u0105drych ludzi, od kt\u00f3rych nie tylko wiele si\u0119 ucz\u0119, ale r\u00f3wnie\u017c jestem z nimi w osobistych, przyjacielskich kontaktach. Traktuj\u0119 ich z wielkim szacunkiem, nazywaj\u0105c \u201eserdecznymi mentorami\u201d (nie dlatego, \u017ce tak wypada, ale dlatego, \u017ce na ten szacunek szczerze zas\u0142uguj\u0105). Poznawanie tych wspania\u0142ych ludzi i fakt tego, jak wiele si\u0119 ucz\u0119, da\u0142o mi mo\u017cliwo\u015b\u0107 rozwoju zar\u00f3wno umys\u0142owego, jak i r\u00f3wnie\u017c duchowego.<\/span><span data-ccp-props=\"{&quot;134233117&quot;:true,&quot;134233118&quot;:true,&quot;201341983&quot;:0,&quot;335559738&quot;:240,&quot;335559739&quot;:240,&quot;335559740&quot;:240}\">\u00a0<\/span><\/p>\n<p><span data-contrast=\"none\">Zdobywanie kolejnych stopni na drabinie kariery naukowej daje mi ogromn\u0105 satysfakcj\u0119 i poczucie, \u017ce znajduj\u0119 si\u0119 na odpowiednim miejscu i w odpowiednim czasie. Czuj\u0119, \u017ce dzi\u0119ki temu mog\u0119 pozostawi\u0107 na ziemskim padole ma\u0142\u0105, ale <\/span><i><span data-contrast=\"none\">moj\u0105<\/span><\/i><span data-contrast=\"none\"> cz\u0105stk\u0119.<\/span><\/p>\n<p>&nbsp;<\/p>\n<p><span style=\"font-size: 10pt;\"><strong>Wsp\u00f3\u0142autorka patent\u00f3w<\/strong><\/span><\/p>\n<ul>\n<li><span style=\"font-size: 10pt;\">Nowy spos\u00f3b otrzymywania ultrakondensatora ceramicznego<\/span><\/li>\n<\/ul>\n<p style=\"padding-left: 40px;\"><span style=\"font-size: 10pt;\"><a href=\"https:\/\/us.edu.pl\/nowe-rozwiazanie-dla-przemyslu-elektronicznego-patent-dla-us\/\">https:\/\/us.edu.pl\/nowe-rozwiazanie-dla-przemyslu-elektronicznego-patent-dla-us\/<\/a><\/span><\/p>\n<ul>\n<li><span style=\"font-size: 10pt;\">Nowy spos\u00f3b otrzymywania materia\u0142u ceramicznego na bazie ceramiki PZT, kt\u00f3ry mo\u017ce by\u0107 z powodzeniem wykorzystywany do budowy r\u00f3\u017cnych element\u00f3w w mikroelektronice i mikromechatronice<\/span><\/li>\n<\/ul>\n<p style=\"padding-left: 40px;\"><span style=\"font-size: 10pt;\"><a href=\"https:\/\/us.edu.pl\/kolejne-opatentowane-rozwiazanie-dla-przemyslu-elektronicznego\/\">https:\/\/us.edu.pl\/kolejne-opatentowane-rozwiazanie-dla-przemyslu-elektronicznego\/<\/a><\/span><\/p>\n<ul>\n<li><span style=\"font-size: 10pt;\">Nowy spos\u00f3b otrzymywania bezo\u0142owiowego piezoelektrycznego materia\u0142u ceramicznego (BLTF)<\/span><\/li>\n<\/ul>\n<p style=\"padding-left: 40px;\"><span style=\"font-size: 10pt;\"><a href=\"https:\/\/us.edu.pl\/przyjazna-dla-srodowiska-ceramika-dla-przemyslu-elektronicznego-patent-dla-us\/\">https:\/\/us.edu.pl\/przyjazna-dla-srodowiska-ceramika-dla-przemyslu-elektronicznego-patent-dla-us\/<\/a><\/span><\/p>\n<p><span style=\"font-size: 10pt;\"><strong>Pe\u0142nione funkcje<\/strong><\/span><\/p>\n<ul>\n<li><span style=\"font-size: 10pt;\">Cz\u0142onek Europejskiego Towarzystwa Ceramicznego<\/span><\/li>\n<li><span style=\"font-size: 10pt;\">Cz\u0142onek Polskiego Towarzystwa Ceramicznego (PTCer)<\/span><\/li>\n<\/ul>\n<p><span style=\"font-size: 10pt;\"><strong>Sukcesy, osi\u0105gni\u0119cia<\/strong><\/span><\/p>\n<ul>\n<li><span style=\"font-size: 10pt;\">Nominacja do nagrody \u201eNaukowiec Przysz\u0142o\u015bci&#8221; 2021 roku w kategorii: \u201eOd innowacji przysz\u0142o\u015bci do rynkowego sukcesu&#8221;<\/span><\/li>\n<li><span style=\"font-size: 10pt;\">Z\u0142ota Odznaka \u201eZa zas\u0142ugi dla Uniwersytetu \u015al\u0105skiego&#8221; przyznana przez Rektora<\/span><\/li>\n<li><span style=\"font-size: 10pt;\">3 nagrody zespo\u0142owe Rektora za dzia\u0142alno\u015b\u0107 naukowo-badawcz\u0105<\/span><\/li>\n<li><span style=\"font-size: 10pt;\">2 nagrody indywidualne Rektora za dzia\u0142alno\u015b\u0107 naukowo-badawcz\u0105<\/span><\/li>\n<li><span style=\"font-size: 10pt;\">Monografia (Beata Wodecka-Du\u015b, W\u0142a\u015bciwo\u015bci perowskitowej ceramiki ferroelektrycznej na bazie tytanianu baru, Wydawnictwo Uniwersytetu \u015al\u0105skiego, Katowice 2017, nr 3650, s. 1-184, ISBN 978-83-226-3247-5.)<\/span><\/li>\n<\/ul>\n<p><span style=\"font-size: 10pt;\"><strong>Dodatkowe<\/strong><\/span><\/p>\n<ul>\n<li><span style=\"font-size: 10pt;\">Udzia\u0142 na targach i wystawach krajowych i zagranicznych<\/span><\/li>\n<li><span style=\"font-size: 10pt;\">Wyk\u0142ady proszone<\/span><\/li>\n<li><span style=\"font-size: 10pt;\">Recenzowanie prac naukowych<\/span><\/li>\n<li><span style=\"font-size: 10pt;\">Zagraniczne sta\u017ce naukowo-badawcze<\/span><\/li>\n<li><span style=\"font-size: 10pt;\">Udzia\u0142 w konferencjach i seminariach krajowych i zagranicznych<\/span><\/li>\n<\/ul>\n<p>\n<\/div>\r\n                    <\/div>\r\n                <\/div>[\/vc_column_inner][\/vc_row_inner][\/vc_tta_section][vc_tta_section title=&#8221;dr hab. JOANNA KORZEKWA, prof. U\u015a&#8221; tab_id=&#8221;1630400799283-99323747-9967&#8243;][vc_row_inner][vc_column_inner width=&#8221;1\/3&#8243;][vc_column_text css=&#8221;.vc_custom_1644086075576{padding-right: 20px !important;padding-left: 20px !important;}&#8221;]<img class=\"alignnone wp-image-23432 size-medium\" src=\"https:\/\/us.edu.pl\/wydzial\/wnst\/wp-content\/uploads\/sites\/18\/Nieprzypisane\/KorzekwaJoanna_1-300x300.jpg\" alt=\"\" width=\"300\" height=\"300\" srcset=\"https:\/\/us.edu.pl\/wydzial\/wnst\/wp-content\/uploads\/sites\/18\/Nieprzypisane\/KorzekwaJoanna_1-300x300.jpg 300w, https:\/\/us.edu.pl\/wydzial\/wnst\/wp-content\/uploads\/sites\/18\/Nieprzypisane\/KorzekwaJoanna_1-150x150.jpg 150w, https:\/\/us.edu.pl\/wydzial\/wnst\/wp-content\/uploads\/sites\/18\/Nieprzypisane\/KorzekwaJoanna_1-768x768.jpg 768w, https:\/\/us.edu.pl\/wydzial\/wnst\/wp-content\/uploads\/sites\/18\/Nieprzypisane\/KorzekwaJoanna_1-1024x1024.jpg 1024w, https:\/\/us.edu.pl\/wydzial\/wnst\/wp-content\/uploads\/sites\/18\/Nieprzypisane\/KorzekwaJoanna_1-575x575.jpg 575w\" sizes=\"(max-width: 300px) 100vw, 300px\" \/><br \/>\n<em>fot. Tomasz Kawka | archiwum U\u015a<br \/>\n<\/em>[\/vc_column_text]\r\n                <div class=\"text-modules\">\r\n                    <div class=\"container\">\r\n                        \r\n                        <div class=\"text-modules__content\"><p><span style=\"letter-spacing: 0.4mm; color: #002e5a; font-size: 200%; font-family: PT Sans Narrow;\"><small><strong>dr hab. JOANNA KORZEKWA, prof. U\u015a<br \/>\n<\/strong><\/small><\/span><\/p>\n<hr \/>\n<p>profesor Uczelni, Instytut In\u017cynierii Materia\u0142owej<\/p>\n<p><a href=\"https:\/\/ab.us.edu.pl\/emp?id=12462&amp;view=P\">wy\u015bwietl publikacje<\/a><\/p>\n<\/div>\r\n                    <\/div>\r\n                <\/div>[\/vc_column_inner][vc_column_inner width=&#8221;2\/3&#8243;]\r\n                <div class=\"text-modules\">\r\n                    <div class=\"container\">\r\n                        \r\n                        <div class=\"text-modules__content\"><p><span style=\"color: #002e5a; font-size: 200%; font-family: PT Sans Narrow;\">Dlaczego wybra\u0142am drog\u0119 Nauki?<\/span><\/p>\n<p><em>&#8211; Mamo, jaki jest sens \u017cycia?\u00a0<\/em><\/p>\n<p><em>&#8211; Dla ka\u017cdego inny, synku.\u00a0<\/em><\/p>\n<p><em>&#8211; A dla ciebie?\u00a0<\/em><\/p>\n<p><em>&#8211; \u017beby\u015b wyr\u00f3s\u0142 na dobrego i szcz\u0119\u015bliwego cz\u0142owieka.\u00a0<\/em><\/p>\n<p><span data-contrast=\"auto\">Taka rozmowa mia\u0142a miejsce mi\u0119dzy nami, gdy syn by\u0142 jeszcze w przedszkolu.<\/span><span data-ccp-props=\"{&quot;201341983&quot;:0,&quot;335559739&quot;:200,&quot;335559740&quot;:276}\">\u00a0<\/span><\/p>\n<p><span data-contrast=\"auto\">Min\u0119\u0142o kilka lat, a wraz z synem przechodz\u0119 okres reedukacji w szkole podstawowej. Podczas wsp\u00f3lnej analizy materia\u0142u z wiedzy o spo\u0142ecze\u0144stwie w klasie \u00f3smej, uwag\u0119 moj\u0105 przyku\u0142a piramida potrzeb Abrahama Maslowa. Dzisiaj do mojej odpowiedzi chcia\u0142abym doda\u0107 jeszcze jedno zdanie: &#8222;<em>synku, chcia\u0142abym jak najcz\u0119\u015bciej by\u0107 na czubku mojej piramidy i \u017cyczy\u0107 Ci, aby\u015b i Ty tam dotar\u0142 i by\u0142 tam jak najcz\u0119\u015bciej&#8221;<\/em>.<\/span><span data-ccp-props=\"{&quot;201341983&quot;:0,&quot;335551550&quot;:6,&quot;335551620&quot;:6,&quot;335559739&quot;:200,&quot;335559740&quot;:276}\">\u00a0<\/span><\/p>\n<p><span data-contrast=\"auto\">Potrzeba samorealizacji, czubek piramidy, czyli potrzeby rozwijania i doskonalenia siebie, zdobywania wiedzy, kreatywno\u015bci i pi\u0119kna u mnie zrealizowa\u0142a si\u0119 w nauce i dydaktyce. Tak by\u0142o od szko\u0142y podstawowej a\u017c do dzisiaj, gdy potrzeb\u0119 t\u0105 zrealizowa\u0142am w dyscyplinie in\u017cynierii materia\u0142owej, w pisanych pracach naukowych, w laboratorium, na zaj\u0119ciach ze studentami, w wyst\u0105pieniach i spotkaniach z lud\u017ami, na kt\u00f3rych zawsze by\u0142am otwarta. Konstruktywna krytyka, szczere i \u017cyczliwe rozmowy podparte merytoryk\u0105, to jedne z najpi\u0119kniejszych moich do\u015bwiadcze\u0144 zawodowych jakie mnie spotka\u0142y. In\u017cynieria materia\u0142owa to nie tylko materia\u0142y, to ludzie, kt\u00f3rzy je tworz\u0105, zespo\u0142y, grupy wymieniaj\u0105ce si\u0119 do\u015bwiadczeniem, wspieraj\u0105ce. To nie praca w pojedynk\u0119, a\u017c dziwnie przy tym brzmi SAMOrealizacja. R\u00f3wnie\u017c s\u0142owo SAMO(realizacji) brzmi dziwnie, gdy spe\u0142niam si\u0119 jako nauczyciel akademicki. Bez student\u00f3w, bez tej energii, u\u015bmiech\u00f3w, ciekawo\u015bci nie czu\u0142abym satysfakcji z SAMOrealizacji.\u00a0<\/span><span data-ccp-props=\"{&quot;201341983&quot;:0,&quot;335551550&quot;:6,&quot;335551620&quot;:6,&quot;335559739&quot;:200,&quot;335559740&quot;:276}\">\u00a0<\/span><\/p>\n<p><span data-contrast=\"auto\">Pod koniec tych kr\u00f3tkich rozwa\u017ca\u0144 chcia\u0142abym \u017cyczy\u0107 czytaj\u0105cym i sobie, aby nie traci\u0107 z pola widzenia sensu naszego \u017cycia, takiego jaki sobie obierzemy. A je\u015bli tak si\u0119 stanie, mo\u017ce warto zej\u015b\u0107 poziom ni\u017cej, mo\u017ce czasami nawet kilka poziom\u00f3w i znowu wchodzi\u0107 na szczyt, jak w nauce.\u00a0<\/span><span data-ccp-props=\"{&quot;201341983&quot;:0,&quot;335551550&quot;:6,&quot;335551620&quot;:6,&quot;335559739&quot;:200,&quot;335559740&quot;:276}\">\u00a0<\/span><\/p>\n<p><span data-ccp-props=\"{&quot;201341983&quot;:0,&quot;335551550&quot;:6,&quot;335551620&quot;:6,&quot;335559739&quot;:200,&quot;335559740&quot;:276}\">\u00a0<\/span><\/p>\n<p><span style=\"font-size: 10pt;\"><strong>Wsp\u00f3\u0142autorka patent\u00f3w<\/strong><\/span><\/p>\n<ul>\n<li><span style=\"font-size: 10pt;\">Nowy sposoby wytwarzania warstw kompozytowych<\/span><\/li>\n<\/ul>\n<p style=\"padding-left: 40px;\"><span style=\"font-size: 10pt;\"><a href=\"https:\/\/us.edu.pl\/nowe-warstwy-dla-elementow-wykonanych-z-aluminium-i-jego-stopow-patent-dla-us\/\">https:\/\/us.edu.pl\/nowe-warstwy-dla-elementow-wykonanych-z-aluminium-i-jego-stopow-patent-dla-us\/<\/a><\/span><\/p>\n<ul>\n<li><span style=\"font-size: 10pt;\">Nowy spos\u00f3b otrzymywania podw\u00f3jnej warstwy wierzchniej na pod\u0142o\u017cach wykonanych z aluminium lub jego stop\u00f3w<\/span><\/li>\n<\/ul>\n<p style=\"padding-left: 40px;\"><span style=\"font-size: 10pt;\"><a href=\"https:\/\/us.edu.pl\/nowe-warstwy-dla-elementow-wykonanych-z-aluminium-i-jego-stopow-patent-dla-us\/\">https:\/\/us.edu.pl\/nowe-warstwy-dla-elementow-wykonanych-z-aluminium-i-jego-stopow-patent-dla-us\/<\/a><\/span><\/p>\n<p>\n<\/div>\r\n                    <\/div>\r\n                <\/div>[\/vc_column_inner][\/vc_row_inner][\/vc_tta_section][vc_tta_section title=&#8221;mgr in\u017c. DIANA HAVRYLIUK&#8221; tab_id=&#8221;1630400826613-b6dbbb65-4627&#8243;][vc_row_inner][vc_column_inner width=&#8221;1\/3&#8243;][vc_column_text el_class=&#8221;foto&#8221; css=&#8221;.vc_custom_1644235348267{padding-right: 20px !important;padding-left: 20px !important;}&#8221;]<img class=\"alignnone wp-image-23538 size-medium\" src=\"https:\/\/us.edu.pl\/wydzial\/wnst\/wp-content\/uploads\/sites\/18\/Nieprzypisane\/Diana-Havryliuk-300x300.jpg\" alt=\"\" width=\"300\" height=\"300\" srcset=\"https:\/\/us.edu.pl\/wydzial\/wnst\/wp-content\/uploads\/sites\/18\/Nieprzypisane\/Diana-Havryliuk-300x300.jpg 300w, https:\/\/us.edu.pl\/wydzial\/wnst\/wp-content\/uploads\/sites\/18\/Nieprzypisane\/Diana-Havryliuk-150x150.jpg 150w, https:\/\/us.edu.pl\/wydzial\/wnst\/wp-content\/uploads\/sites\/18\/Nieprzypisane\/Diana-Havryliuk-768x768.jpg 768w, https:\/\/us.edu.pl\/wydzial\/wnst\/wp-content\/uploads\/sites\/18\/Nieprzypisane\/Diana-Havryliuk-575x575.jpg 575w, https:\/\/us.edu.pl\/wydzial\/wnst\/wp-content\/uploads\/sites\/18\/Nieprzypisane\/Diana-Havryliuk.jpg 958w\" sizes=\"(max-width: 300px) 100vw, 300px\" \/><br \/>\n<em>fot. archiwum prywatne D. Havryliuk<\/em>[\/vc_column_text]\r\n                <div class=\"text-modules\">\r\n                    <div class=\"container\">\r\n                        \r\n                        <div class=\"text-modules__content\"><p><span style=\"letter-spacing: 0.4mm; color: #002e5a; font-size: 200%; font-family: PT Sans Narrow;\"><small><strong>mgr in\u017c. DIANA HAVRYLIUK<br \/>\n<\/strong><\/small><\/span><\/p>\n<hr \/>\n<p>doktorantka I roku kierunku fizyka<\/p>\n<\/div>\r\n                    <\/div>\r\n                <\/div>[\/vc_column_inner][vc_column_inner width=&#8221;2\/3&#8243;]\r\n                <div class=\"text-modules\">\r\n                    <div class=\"container\">\r\n                        \r\n                        <div class=\"text-modules__content\"><p><span style=\"color: #002e5a; font-size: 200%; font-family: PT Sans Narrow;\">Dlaczego wybra\u0142am drog\u0119 Nauki?<\/span><\/p>\n<p><span data-contrast=\"auto\">Odk\u0105d pami\u0119tam, marzy\u0142am o tym, aby zosta\u0107\u2026 dziennikark\u0105. Ciekawo\u015b\u0107 ludzi i \u015bwiata towarzyszy\u0142a mi od najm\u0142odszych lat. Zachwyca\u0142y mnie my\u015bli o spotkaniach i rozmowach z interesuj\u0105cymi osobami oraz uczestnictwo w najwa\u017cniejszych wydarzeniach. W tym czasie przedmioty \u015bcis\u0142e nie le\u017ca\u0142y w kr\u0119gu moich zainteresowa\u0144. Fizyka jako przedmiot nauczany w szkole by\u0142a czym\u015b niezrozumia\u0142ym, a przez to trudnym i ma\u0142o atrakcyjnym.\u00a0 Do czasu, kiedy w murach naszej szko\u0142y nie pojawi\u0142a si\u0119 nowa Pani nauczyciel fizyki, kt\u00f3rej zawdzi\u0119czam swoj\u0105 pasj\u0119 do tej nauki. Potrafi\u0142a w prosty spos\u00f3b wyt\u0142umaczy\u0107 t\u0119, jak si\u0119 okaza\u0142o, niezwykle interesuj\u0105c\u0105 nauk\u0119. Czas szko\u0142y min\u0105\u0142 szybko i jak w \u017cyciu wi\u0119kszo\u015bci m\u0142odych ludzi nadszed\u0142 okres, kiedy intensywnie my\u015bla\u0142am nad wyborem w\u0142a\u015bciwego kierunku studi\u00f3w. Czy wybra\u0107 dziennikarstwo czy fizyk\u0119? Kt\u00f3ra ze \u015bcie\u017cek pozwoli zaspokoi\u0107 moj\u0105 ciekawo\u015b\u0107? Zdecydowa\u0142am si\u0119 na fizyk\u0119, poniewa\u017c chcia\u0142am poszerzy\u0107 swoj\u0105 wiedz\u0119 dotycz\u0105c\u0105 zjawisk i praw fizycznych opisuj\u0105cych nasz \u015bwiat. Wiedzia\u0142am, \u017ce to pomo\u017ce mi w zrozumieniu tego, co mnie otacza, np. dlaczego wysoko w g\u00f3rach woda wrze poni\u017cej 100\u00b0C? Jak to mo\u017cliwe, \u017ce \u015bwiat\u0142o jednocze\u015bnie ma natur\u0119 falow\u0105 i korpuskularn\u0105?<\/span><span data-ccp-props=\"{&quot;201341983&quot;:0,&quot;335551550&quot;:6,&quot;335551620&quot;:6,&quot;335559739&quot;:200,&quot;335559740&quot;:276}\">\u00a0<\/span><\/p>\n<p><span data-contrast=\"auto\">W trakcie studi\u00f3w mia\u0142am w\u0105tpliwo\u015bci, czy wybra\u0142am dla siebie w\u0142a\u015bciw\u0105 drog\u0119. My\u015bla\u0142am, \u017ce pope\u0142ni\u0142am b\u0142\u0105d i powinnam zmieni\u0107 kierunek, a nawet obszar studi\u00f3w zanim moja \u015bcie\u017cka edukacyjna sko\u0144czy si\u0119 w jakim\u015b nudnym miejscu pracy. Jak si\u0119 okaza\u0142o, ka\u017cdy z nas zadawa\u0142 sobie tego typu pytania. Na III roku studi\u00f3w licencjackich musia\u0142am podj\u0105\u0107 decyzj\u0119 dotycz\u0105c\u0105 tematu pracy dyplomowej. Dzisiaj uwa\u017cam, \u017ce dokona\u0142am najlepszego z mo\u017cliwych wyboru. Rozpocz\u0119te przeze mnie badania naukowego mog\u0142am kontynuowa\u0107 na etapie studi\u00f3w magisterskich. Praca w laboratorium, mo\u017cliwo\u015b\u0107 samodzielnego przygotowania i wykonywania eksperymentu, niepewno\u015b\u0107 w oczekiwaniu na uzyskane rezultaty, a mo\u017ce przede wszystkim wsp\u00f3\u0142praca z interesuj\u0105cymi osobami rozbudzi\u0142a jeszcze mocniej moj\u0105 ciekawo\u015b\u0107 \u015bwiata. Na ostatnim roku studi\u00f3w zdecydowa\u0142am, \u017ce chcia\u0142abym pracowa\u0107 jako naukowiec.<\/span><span data-ccp-props=\"{&quot;201341983&quot;:0,&quot;335551550&quot;:6,&quot;335551620&quot;:6,&quot;335559739&quot;:200,&quot;335559740&quot;:276}\">\u00a0<\/span><\/p>\n<p><span data-contrast=\"auto\">Obecnie jestem studentk\u0105 I roku Szko\u0142y Doktorskiej, prowadz\u0119 badania materia\u0142\u00f3w tlenkowych wykorzystywanych na co dzie\u0144 w przemy\u015ble i technice. Samodzielnie syntetyzuj\u0119 i hoduj\u0119 nowe materia\u0142y, a ich w\u0142a\u015bciwo\u015bci badam przy pomocy licznych technik eksperymentalnych. Ka\u017cdego dnia ucz\u0119 si\u0119 czego\u015b nowego, ponadto korzystam z mojej wiedzy i umiej\u0119tno\u015bci uzyskanych na studiach I stopnia fizyki i II stopnia in\u017cynierii materia\u0142owej. Dzi\u015b wiem, \u017ce ciekawo\u015b\u0107 nale\u017cy piel\u0119gnowa\u0107, a nie zaspokaja\u0107.<\/span><\/p>\n<p>&nbsp;<\/p>\n<p><span style=\"font-size: 10pt;\"><strong>Osi\u0105gni\u0119cia, sukcesy<\/strong><\/span><\/p>\n<ul>\n<li><span style=\"font-size: 10pt;\">Stypendystka programu im. Stefana Banacha (studia magisterskie)<\/span><\/li>\n<li><span style=\"font-size: 10pt;\">Stypendystka programu NAWA (studia magisterskie)<\/span><\/li>\n<\/ul>\n<p>\n<\/div>\r\n                    <\/div>\r\n                <\/div>[\/vc_column_inner][\/vc_row_inner][\/vc_tta_section][vc_tta_section title=&#8221;lic. ANGELIKA MIESZCZANIN&#8221; tab_id=&#8221;1644086488379-7ae46ee0-c0ea&#8221;][vc_row_inner][vc_column_inner width=&#8221;1\/3&#8243;][vc_column_text el_class=&#8221;foto&#8221; css=&#8221;.vc_custom_1644397146388{padding-right: 20px !important;padding-left: 20px !important;}&#8221;]<img class=\"alignnone wp-image-23635 size-medium\" src=\"https:\/\/us.edu.pl\/wydzial\/wnst\/wp-content\/uploads\/sites\/18\/Nieprzypisane\/Angelika-300x300.jpeg\" alt=\"Angelika Mieszczanin\" width=\"300\" height=\"300\" srcset=\"https:\/\/us.edu.pl\/wydzial\/wnst\/wp-content\/uploads\/sites\/18\/Nieprzypisane\/Angelika-300x300.jpeg 300w, https:\/\/us.edu.pl\/wydzial\/wnst\/wp-content\/uploads\/sites\/18\/Nieprzypisane\/Angelika-150x150.jpeg 150w, https:\/\/us.edu.pl\/wydzial\/wnst\/wp-content\/uploads\/sites\/18\/Nieprzypisane\/Angelika-768x768.jpeg 768w, https:\/\/us.edu.pl\/wydzial\/wnst\/wp-content\/uploads\/sites\/18\/Nieprzypisane\/Angelika-1024x1024.jpeg 1024w, https:\/\/us.edu.pl\/wydzial\/wnst\/wp-content\/uploads\/sites\/18\/Nieprzypisane\/Angelika-575x575.jpeg 575w, https:\/\/us.edu.pl\/wydzial\/wnst\/wp-content\/uploads\/sites\/18\/Nieprzypisane\/Angelika.jpeg 1940w\" sizes=\"(max-width: 300px) 100vw, 300px\" \/><br \/>\n<em>fot. archiwum prywatne A. Mieszczanin<\/em>[\/vc_column_text]\r\n                <div class=\"text-modules\">\r\n                    <div class=\"container\">\r\n                        \r\n                        <div class=\"text-modules__content\"><p><span style=\"letter-spacing: 0.4mm; color: #002e5a; font-size: 200%; font-family: PT Sans Narrow;\"><small><strong>lic. ANGELIKA MIESZCZANIN<br \/>\n<\/strong><\/small><\/span><\/p>\n<hr \/>\n<p>studentka kierunku chemia<\/p>\n<p><small><a href=\"https:\/\/us.edu.pl\/kandydat\/angelika-mieszczanin-ambasadorka-kierunku-studiow\/\">Ambasadorka kierunku chemia<\/a><br \/>\n<\/small><\/p>\n<\/div>\r\n                    <\/div>\r\n                <\/div>[\/vc_column_inner][vc_column_inner width=&#8221;2\/3&#8243;]\r\n                <div class=\"text-modules\">\r\n                    <div class=\"container\">\r\n                        \r\n                        <div class=\"text-modules__content\"><p><span style=\"color: #002e5a; font-size: 200%; font-family: PT Sans Narrow;\">Dlaczego wybra\u0142am drog\u0119 Nauki? <\/span><\/p>\n<p><span data-contrast=\"none\">Dlaczego wybra\u0142am nauk\u0119? Ju\u017c od najm\u0142odszych lat interesowa\u0142am si\u0119 naukami \u015bcis\u0142ymi, lubi\u0142am wyzwania, rozwi\u0105zywa\u0107 r\u00f3\u017cnego rodzaju \u0142amig\u0142\u00f3wki, zagadki, kt\u00f3re z czasem przerodzi\u0142y si\u0119 w konkretne problemy badawcze, jakimi aktualnie si\u0119 zajmuj\u0119. Dlaczego chemia? Pasja do tej dyscypliny narodzi\u0142a si\u0119 w szkole \u015bredniej, gdzie zafascynowa\u0142y mnie zaj\u0119cia w laboratorium. Nic wi\u0119c dziwnego, \u017ce wybieraj\u0105c kierunek studi\u00f3w, zdecydowa\u0142am si\u0119 na chemi\u0119. Aktualnie ko\u0144cz\u0119 studia magisterskie i zajmuj\u0119 si\u0119 syntez\u0105 zwi\u0105zk\u00f3w organicznych, kt\u00f3re mog\u0105 zosta\u0107 wykorzystane w organicznej elektronice. Projektowanie docelowych zwi\u0105zk\u00f3w chemicznych, kt\u00f3re cz\u0119sto musz\u0105 spe\u0142nia\u0107 wyg\u00f3rowane wymagania, jak r\u00f3wnie\u017c synteza, daj\u0105 mi ogromn\u0105 satysfakcj\u0119. Ka\u017cdy dzie\u0144 w laboratorium to wyzwanie, kt\u00f3remu trzeba sprosta\u0107. Badania, kt\u00f3rymi si\u0119 zajmuj\u0119 wymagaj\u0105 szczeg\u00f3lnie interdyscyplinarnego podej\u015bcia na pograniczu chemii, fizyki i in\u017cynierii materia\u0142owej. Takie podej\u015bcie daje mo\u017cliwo\u015b\u0107 ci\u0105g\u0142ego rozwoju oraz poszerzania wiedzy i horyzont\u00f3w. Tak wi\u0119c chemia jest szczeg\u00f3lnie interesuj\u0105cym obszarem, daj\u0105cym mo\u017cliwo\u015b\u0107 wykorzystania ca\u0142ego potencja\u0142u, jaki si\u0119 w sobie ma. Pozwala na przekroczenie granic tego, co wydaje si\u0119 niemo\u017cliwe do wykonania.<\/span><\/p>\n<p>&nbsp;<\/p>\n<p><span style=\"font-size: 10pt;\"><strong>Sukcesy, wyr\u00f3\u017cnienia, nagrody<\/strong><\/span><\/p>\n<ul>\n<li><span style=\"font-size: 10pt;\" data-contrast=\"auto\">Laureatka w Og\u00f3lnopolskim Konkursie \u201eZ\u0142oty Medal Chemii 2020\u201d na najlepsz\u0105 prac\u0119 licencjack\u0105\/in\u017cyniersk\u0105 wykonan\u0105 w roku akademickim 2019\/2020 (X Edycja) &#8211; wyr\u00f3\u017cnienie specjalne Firmy DuPont za prac\u0119 pt. \u201eSynteza nowych pochodnych 9,9\u2019-bifluorenylidenu dla potencjalnych zastosowa\u0144 w fotowoltaice\u201d, 03.12.2020 r.<\/span><\/li>\n<li><span style=\"font-size: 10pt;\">Najlepszy absolwent Uniwersytetu \u015al\u0105skiego w Katowicach, 16.12.2020 r.\u00a0<\/span><\/li>\n<li><span style=\"font-size: 10pt;\" data-contrast=\"auto\">Laureatka XIII edycji Wyr\u00f3\u017cnie\u0144 Jego Magnificencji Rektora Uniwersytetu \u015al\u0105skiego \u2013 wyr\u00f3\u017cnienie za osi\u0105gni\u0119cia naukowe, 17.11.2021 r.<\/span><\/li>\n<li><span style=\"font-size: 10pt;\" data-contrast=\"auto\">Nagroda \u2013 III miejsce &#8211; za poster \u201eSynteza i badanie w\u0142a\u015bciwo\u015bci fizykochemicznych pochodnych 9,9\u2019-bifluorenylidenu \u2013 nowych materia\u0142\u00f3w i dla ogniw fotowoltaicznych\u201d na VII Og\u00f3lnopolskiej Sesji Studenckich K\u00f3\u0142 Naukowych, zorganizowanej przez Zachodniopomorski Uniwersytet Technologiczny w Szczecinie, 09-11.12.2021 r.<\/span><\/li>\n<li><span style=\"font-size: 10pt;\">Stypendium Ministra dla student\u00f3w za znacz\u0105ce osi\u0105gni\u0119cia na rok akademicki 2020\/2021 r.\u00a0<\/span><\/li>\n<\/ul>\n<p>&nbsp;<\/p>\n<p><span style=\"font-size: 10pt;\"><strong>Granty<\/strong><\/span><\/p>\n<ul>\n<li data-leveltext=\"\u00b7\" data-font=\"Symbol\" data-listid=\"2\" aria-setsize=\"-1\" data-aria-posinset=\"1\" data-aria-level=\"1\"><span style=\"font-size: 10pt;\" data-contrast=\"auto\">Wykonawca \u2013 OPUS 17 \u201eOd perylenu do funkcjonalizowanych nanografen\u00f3w <\/span><br \/>\n<span style=\"font-size: 10pt;\">o oczekiwanych w\u0142a\u015bciwo\u015bciach\u201d\u00a0<\/span><\/li>\n<li data-leveltext=\"\u00b7\" data-font=\"Symbol\" data-listid=\"2\" aria-setsize=\"-1\" data-aria-posinset=\"2\" data-aria-level=\"1\"><span style=\"font-size: 10pt;\" data-contrast=\"auto\">Kierownik\u00a0\u2013\u00a0Grant Rektora Uniwersytetu \u015al\u0105skiego dla najlepszych student\u00f3w\u00a0\u2013\u00a0\u201eSynteza i badanie wybranych w\u0142a\u015bciwo\u015bci nowych materia\u0142\u00f3w dla ogniw fotowoltaicznych.\u201d<\/span><\/li>\n<\/ul>\n<p>&nbsp;<\/p>\n<p><span style=\"font-size: 10pt;\">Cz\u0142onkini Ko\u0142a Naukowego Chemik\u00f3w &#8222;Aqua Regia&#8221;<\/span><\/p>\n<p><span style=\"font-size: 10pt;\"><a href=\"https:\/\/www.facebook.com\/knchusaquaregia\">https:\/\/www.facebook.com\/knchusaquaregia<\/a><\/span><\/p>\n<p>&nbsp;<\/p>\n<p><span style=\"font-size: 10pt;\">Artyku\u0142 w\u00a0<em>Gazecie Uniwersyteckiej<\/em><\/span><\/p>\n<p><span style=\"font-size: 10pt;\"><a href=\"https:\/\/gazeta.us.edu.pl\/node\/430283\">https:\/\/gazeta.us.edu.pl\/node\/430283<\/a><\/span><\/p>\n<\/div>\r\n                    <\/div>\r\n                <\/div>[\/vc_column_inner][\/vc_row_inner][\/vc_tta_section][vc_tta_section title=&#8221;VIOLETTA BAYEVA&#8221; tab_id=&#8221;1644087678648-22a0bf39-cbb9&#8243;][vc_row_inner][vc_column_inner width=&#8221;1\/3&#8243;][vc_column_text el_class=&#8221;foto&#8221; css=&#8221;.vc_custom_1644087348773{padding-right: 20px !important;padding-left: 20px !important;}&#8221;]<img class=\"alignnone wp-image-23431 size-medium\" src=\"https:\/\/us.edu.pl\/wydzial\/wnst\/wp-content\/uploads\/sites\/18\/Nieprzypisane\/Bayeva-300x300.jpg\" alt=\"\" width=\"300\" height=\"300\" srcset=\"https:\/\/us.edu.pl\/wydzial\/wnst\/wp-content\/uploads\/sites\/18\/Nieprzypisane\/Bayeva-300x300.jpg 300w, https:\/\/us.edu.pl\/wydzial\/wnst\/wp-content\/uploads\/sites\/18\/Nieprzypisane\/Bayeva-150x150.jpg 150w, https:\/\/us.edu.pl\/wydzial\/wnst\/wp-content\/uploads\/sites\/18\/Nieprzypisane\/Bayeva-768x768.jpg 768w, https:\/\/us.edu.pl\/wydzial\/wnst\/wp-content\/uploads\/sites\/18\/Nieprzypisane\/Bayeva-1024x1024.jpg 1024w, https:\/\/us.edu.pl\/wydzial\/wnst\/wp-content\/uploads\/sites\/18\/Nieprzypisane\/Bayeva-575x575.jpg 575w, https:\/\/us.edu.pl\/wydzial\/wnst\/wp-content\/uploads\/sites\/18\/Nieprzypisane\/Bayeva.jpg 1152w\" sizes=\"(max-width: 300px) 100vw, 300px\" \/><br \/>\n<em>fot. archiwum prywatne V. Beyeva<\/em>[\/vc_column_text]\r\n                <div class=\"text-modules\">\r\n                    <div class=\"container\">\r\n                        \r\n                        <div class=\"text-modules__content\"><p><span style=\"letter-spacing: 0.4mm; color: #002e5a; font-size: 200%; font-family: PT Sans Narrow;\"><small><strong>VIOLETTA BAYEVA<br \/>\n<\/strong><\/small><\/span><\/p>\n<hr \/>\n<p>studentka kierunku informatyka<\/p>\n<p><small><a href=\"https:\/\/us.edu.pl\/kandydat\/violetta-bayeva-ambasadorka-kierunku-studiow\/\">Ambasadorka kierunku informatyka<\/a><br \/>\n<\/small><\/p>\n<\/div>\r\n                    <\/div>\r\n                <\/div>[\/vc_column_inner][vc_column_inner width=&#8221;2\/3&#8243;]\r\n                <div class=\"text-modules\">\r\n                    <div class=\"container\">\r\n                        \r\n                        <div class=\"text-modules__content\"><p><span style=\"color: #002e5a; font-size: 200%; font-family: PT Sans Narrow;\">Dlaczego wybra\u0142am drog\u0119 Nauki? <\/span><\/p>\n<p><span data-contrast=\"auto\">Co upodabnia mnie do Napoleona?<\/span><span data-ccp-props=\"{&quot;201341983&quot;:0,&quot;335559739&quot;:200,&quot;335559740&quot;:276}\">\u00a0<\/span><\/p>\n<p><span data-contrast=\"auto\">Te\u017c wierz\u0119 w to, \u017ce zmieni\u0119 \u015bwiat.<\/span><span data-ccp-props=\"{&quot;201341983&quot;:0,&quot;335559739&quot;:200,&quot;335559740&quot;:276}\">\u00a0<\/span><\/p>\n<p><span data-contrast=\"auto\">Codziennie m\u00f3wi\u0119 komputerom (i innym maszynom), co maj\u0105 robi\u0107.\u00a0<\/span><span data-ccp-props=\"{&quot;201341983&quot;:0,&quot;335559739&quot;:200,&quot;335559740&quot;:276}\">\u00a0<\/span><\/p>\n<p><span data-contrast=\"auto\">Programowanie jest moim sposobem na przyczynienie si\u0119 do rozwoju nowoczesnych technologii. Jestem przekonana, \u017ce ich rozw\u00f3j znacz\u0105co poprawi jako\u015b\u0107 \u017cycia.<\/span><span data-ccp-props=\"{&quot;201341983&quot;:0,&quot;335559739&quot;:200,&quot;335559740&quot;:276}\">\u00a0<\/span><\/p>\n<p><span data-contrast=\"auto\">W momencie pisania tego tekstu rozpoczynam sta\u017c w Intelu. Mam nadziej\u0119 nauczy\u0107 si\u0119 tam nowych (lepszych) rozwi\u0105za\u0144 i podej\u015b\u0107 do zagadnie\u0144 informatycznych. To pomo\u017ce mi w przysz\u0142o\u015bci w tworzeniu aplikacji zwi\u0105zanych z edukacj\u0105, zdrowiem mentalnym oraz fizycznym.<\/span><span data-ccp-props=\"{&quot;201341983&quot;:0,&quot;335559739&quot;:200,&quot;335559740&quot;:276}\">\u00a0<\/span><\/p>\n<p>&nbsp;<\/p>\n<p><span style=\"font-size: 10pt;\"><strong>Sukcesy, wyr\u00f3\u017cnienia, nagrody<\/strong><\/span><\/p>\n<ul>\n<li><span style=\"font-size: 10pt;\">Stypendystka JM Rektora U\u015a<\/span><\/li>\n<li><span style=\"font-size: 10pt;\"> Uczestniczka programu &#8222;<em>Tutoring dla najlepszych student\u00f3w U\u015a<\/em>&#8222;<\/span><\/li>\n<li><span style=\"font-size: 10pt;\">Uczestniczka programu <em>Seed4TheFuture<\/em><\/span><\/li>\n<\/ul>\n<p style=\"padding-left: 40px;\"><span style=\"font-size: 10pt;\"><a href=\"https:\/\/us.edu.pl\/wydzial\/wnst\/2021\/12\/16\/studentki-kierunku-informatyka-w-programie-huawei\/\">https:\/\/us.edu.pl\/wydzial\/wnst\/2021\/12\/16\/studentki-kierunku-informatyka-w-programie-huawei\/<\/a><\/span><\/p>\n<ul>\n<li><span style=\"font-size: 10pt;\">Zdobywczyni presti\u017cowego stypendium Women in Tech<\/span><\/li>\n<\/ul>\n<p style=\"padding-left: 40px;\"><span style=\"font-size: 10pt;\"><a href=\"https:\/\/gazeta.us.edu.pl\/node\/430483\">https:\/\/gazeta.us.edu.pl\/node\/430483<\/a><\/span><\/p>\n<p>\n<\/div>\r\n                    <\/div>\r\n                <\/div>[\/vc_column_inner][\/vc_row_inner][\/vc_tta_section][\/vc_tta_tabs][\/vc_column][\/vc_row]<\/p>","protected":false},"excerpt":{"rendered":"<p>[vc_row css=&#8221;.vc_custom_1626772894639{margin-bottom: 0px !important;border-bottom-width: 0px !important;padding-bottom: 0px !important;}&#8221;][vc_column width=&#8221;1\/4&#8243;][vc_single_image image=&#8221;16858&#8243; img_size=&#8221;full&#8221; alignment=&#8221;center&#8221; style=&#8221;vc_box_rounded&#8221; onclick=&#8221;custom_link&#8221; img_link_target=&#8221;_blank&#8221; link=&#8221;https:\/\/us.edu.pl\/wydzial\/wnst\/category\/kartka-z-kalendarza\/&#8221;][\/vc_column][vc_column width=&#8221;3\/4&#8243;][vc_separator color=&#8221;custom&#8221; accent_color=&#8221;#9b132a&#8221;][\/vc_column][\/vc_row][vc_row][vc_column][vc_tta_tabs][vc_tta_section title=&#8221;prof. dr hab. MARZENA DZIDA&#8221; tab_id=&#8221;1630400433390-399ec060-c734&#8243;][vc_row_inner][vc_column_inner width=&#8221;1\/3&#8243;][vc_column_text el_class=&#8221;foto&#8221; css=&#8221;.vc_custom_1644084397874{padding-right: 20px !important;padding-left: 20px !important;}&#8221;] fot. Julia Szymala | archiwum U\u015a [\/vc_column_text][\/vc_column_inner][vc_column_inner width=&#8221;2\/3&#8243;][\/vc_column_inner][\/vc_row_inner][\/vc_tta_section][vc_tta_section title=&#8221;dr hab. AGNIESZKA LISOWSKA, prof. U\u015a&#8221; tab_id=&#8221;1630400433402-d00081fc-b1fb&#8221;][vc_row_inner][vc_column_inner width=&#8221;1\/3&#8243;][vc_column_text el_class=&#8221;foto&#8221; css=&#8221;.vc_custom_1644084882766{padding-right: 20px !important;padding-left: 20px !important;}&#8221;] fot. [&#8230;]<\/p>\n<p><a class=\"btn btn-secondary understrap-read-more-link\" href=\"https:\/\/us.edu.pl\/wydzial\/wnst\/2022\/02\/11\/md-kobiet-i-dziewczat-w-nauce\/\">Read More&#8230;<\/a><\/p>\n","protected":false},"author":3553,"featured_media":23430,"comment_status":"open","ping_status":"open","sticky":false,"template":"","format":"standard","meta":{"_expiration-date-status":"","_expiration-date":0,"_expiration-date-type":"","_expiration-date-categories":[],"_expiration-date-options":[]},"categories":[528,592,9],"tags":[],"acf":[],"_links":{"self":[{"href":"https:\/\/us.edu.pl\/wydzial\/wnst\/wp-json\/wp\/v2\/posts\/23426"}],"collection":[{"href":"https:\/\/us.edu.pl\/wydzial\/wnst\/wp-json\/wp\/v2\/posts"}],"about":[{"href":"https:\/\/us.edu.pl\/wydzial\/wnst\/wp-json\/wp\/v2\/types\/post"}],"author":[{"embeddable":true,"href":"https:\/\/us.edu.pl\/wydzial\/wnst\/wp-json\/wp\/v2\/users\/3553"}],"replies":[{"embeddable":true,"href":"https:\/\/us.edu.pl\/wydzial\/wnst\/wp-json\/wp\/v2\/comments?post=23426"}],"version-history":[{"count":10,"href":"https:\/\/us.edu.pl\/wydzial\/wnst\/wp-json\/wp\/v2\/posts\/23426\/revisions"}],"predecessor-version":[{"id":201895,"href":"https:\/\/us.edu.pl\/wydzial\/wnst\/wp-json\/wp\/v2\/posts\/23426\/revisions\/201895"}],"wp:featuredmedia":[{"embeddable":true,"href":"https:\/\/us.edu.pl\/wydzial\/wnst\/wp-json\/wp\/v2\/media\/23430"}],"wp:attachment":[{"href":"https:\/\/us.edu.pl\/wydzial\/wnst\/wp-json\/wp\/v2\/media?parent=23426"}],"wp:term":[{"taxonomy":"category","embeddable":true,"href":"https:\/\/us.edu.pl\/wydzial\/wnst\/wp-json\/wp\/v2\/categories?post=23426"},{"taxonomy":"post_tag","embeddable":true,"href":"https:\/\/us.edu.pl\/wydzial\/wnst\/wp-json\/wp\/v2\/tags?post=23426"}],"curies":[{"name":"wp","href":"https:\/\/api.w.org\/{rel}","templated":true}]}}