{"id":161027,"date":"2023-02-13T08:07:48","date_gmt":"2023-02-13T07:07:48","guid":{"rendered":"https:\/\/us.edu.pl\/wydzial\/wpia\/?p=161027"},"modified":"2023-02-24T11:03:39","modified_gmt":"2023-02-24T10:03:39","slug":"trwa-rekrutacja-na-platne-staze-w-eu","status":"publish","type":"post","link":"https:\/\/us.edu.pl\/wydzial\/wpia\/2023\/02\/13\/trwa-rekrutacja-na-platne-staze-w-eu\/","title":{"rendered":"Trwa rekrutacja na p\u0142atne sta\u017ce w EU!"},"content":{"rendered":"<p>[vc_row][vc_column]\r\n                <div class=\"text-modules\">\r\n                    <div class=\"container\">\r\n                        \r\n                        <div class=\"text-modules__content\"><p>Wydzia\u0142 Prawa i Administracji Uniwersytetu \u015al\u0105skiego jest uczestnikiem Pan-European Programme \u2013 programu koordynowanego przez dwa najwa\u017cniejsze europejskie urz\u0119dy dzia\u0142aj\u0105ce w zakresie promowania i ochrony w\u0142asno\u015bci intelektualnej: Urz\u0105d Unii Europejskiej ds. W\u0142asno\u015bci Intelektualnej (EUIPO) oraz Europejski Urz\u0105d Patentowy (EPO). Celem programu jest dotarcie do \u015brodowiska akademickiego z promocj\u0105 internetowych narz\u0119dzi edukacyjnych stworzonych przez oba Biura, u\u0142atwienie m\u0142odym ludziom dost\u0119pu do rynku pracy oraz intensyfikowanie wymiany mi\u0119dzynarodowej.<\/p>\n<p>Z ramienia Wydzia\u0142u Prawa i Administracji Uniwersytetu \u015al\u0105skiego wsp\u00f3\u0142prac\u0119 koordynuje Pani dr hab. Marlena Jankowska-Augustyn, prof. U\u015a, Dyrektor Centrum Prawa Designu, Mody i Reklamy.<\/p>\n<p>W ramach Pan-European Seal Programme dzia\u0142a system wyszukiwania m\u0142odych talent\u00f3w, do kt\u00f3rych kierowana jest oferta p\u0142atnych sta\u017cy w EUIP oraz EPO. Student\u00f3w Uniwersytetu \u015al\u0105skiego zapraszamy do aplikowania na roczny program sta\u017cowy w EUIPO, \u00a0kt\u00f3ry rozpocznie si\u0119 we wrze\u015bniu 2023 roku w siedzibie organizacji.\u00a0 W trakcie sta\u017cu \u2013 zar\u00f3wno EUIPO, jak i EPO \u2013 zapewniaj\u0105 beneficjentom programu stypendium (przewidywana miesi\u0119czna wysoko\u015b\u0107 1 200-3 000 EUR brutto\/miesi\u0105c w zale\u017cno\u015bci od organizacji) oraz bezp\u0142atne szkolenia i wyk\u0142ady. Zaj\u0119cia poprowadz\u0105 pracownicy EUIPO i EPO, przedstawiciele sektora prywatnego oraz zaproszeni eksperci. Biura wspieraj\u0105 nadto stypendyst\u00f3w w prowadzonych przez nich badaniach naukowych, w publikacji ich wynik\u00f3w, a tak\u017ce tekst\u00f3w zwi\u0105zanych z codzienn\u0105 dzia\u0142alno\u015bci\u0105 i funkcjonowaniem organizacji.<\/p>\n<p>Szczeg\u00f3\u0142owe informacje o programie (w tym o dodatkowych wymogach dla kandydat\u00f3w) mo\u017cna znale\u017a\u0107 na stronach:\u00a0<a href=\"https:\/\/euipo.europa.eu\/knowledge\/mod\/page\/view.php?id=73916&amp;forceview=1\">EUIPO<\/a>\u00a0oraz\u00a0<a href=\"https:\/\/jobs.epo.org\/content\/PanEuropeanSeal\/?locale=en_GB\">Pan-European Seal Professional Traineeship Programme<\/a>.<\/p>\n<p>HARMONOGRAM REKRUTACJI:<\/p>\n<p>do godziny 12.00 w dniu 22 lutego 2023 \u2013 przes\u0142anie wiadomo\u015bci mailowej z informacj\u0105 o zainteresowaniu udzia\u0142em w programie na adres: <a href=\"mailto:marlena.jankowska@us.edu.pl\">marlena.jankowska@us.edu.pl<\/a> oraz <a href=\"mailto:agnieszka.maron@us.edu.pl\">agnieszka.maron@us.edu.pl<\/a> \u00a0Do wiadomo\u015bci nale\u017cy za\u0142\u0105czy\u0107 CV w j\u0119zyku angielskim (w dokumencie nale\u017cy wskaza\u0107 aktywno\u015bci, sukcesy i zainteresowania powi\u0105zane z profilem instytucji, do kt\u00f3rej Kandydat chce aplikowa\u0107);<\/p>\n<p>24 lutego 2023 \u2013 zdalne rozmowy kwalifikacyjne w j\u0119zyku angielskim lub niemieckim (do wyboru);<\/p>\n<p>do 15 marca 2023 &#8211; termin z\u0142o\u017cenia aplikacji w systemie EPO;<\/p>\n<p>do 31 marca 2023 \u2013 termin z\u0142o\u017cenia aplikacji w systemie EUIPO;<\/p>\n<p>lipiec 2023 \u2013 og\u0142oszenie przez EUIPO listy sta\u017cyst\u00f3w.<\/p>\n<p>Dodatkowe informacje:<\/p>\n<p><a href=\"https:\/\/us.edu.pl\/wydzial\/wpia\/wp-content\/uploads\/sites\/19\/Wspolpraca\/PanEU\/EUIPO_PES-Brochure_2023-2024.pdf\" class=\"mtli_attachment mtli_pdf\" data-mtli=\"mtli_filesize2,65MB\" class=\"mtli_attachment mtli_pdf\" data-mtli=\"mtli_filesize2,65MB\">EUIPO PES Brochure 2023-2024<\/a><\/p>\n<p><a href=\"https:\/\/us.edu.pl\/wydzial\/wpia\/wp-content\/uploads\/sites\/19\/Wspolpraca\/PanEU\/EUIPO_Pan-European_Seal_General_Instructions_Guideline_2023-2024.pdf\" class=\"mtli_attachment mtli_pdf\" data-mtli=\"mtli_filesize331,05kB\" class=\"mtli_attachment mtli_pdf\" data-mtli=\"mtli_filesize331,05kB\">EUIPO Pan-European Steal General Instructions Guideline 2023-2024<\/a><\/p>\n<p><a href=\"https:\/\/us.edu.pl\/wydzial\/wpia\/wp-content\/uploads\/sites\/19\/Wspolpraca\/PanEU\/EPO-PES-YPP-General-Instruction-Guidelines-2023-24.pdf\" class=\"mtli_attachment mtli_pdf\" data-mtli=\"mtli_filesize414,92kB\" class=\"mtli_attachment mtli_pdf\" data-mtli=\"mtli_filesize414,92kB\">EPO-PES-YPP General Instruction Guidelienes 2023-2024<\/a><\/p>\n<p><a href=\"https:\/\/us.edu.pl\/wydzial\/wpia\/wp-content\/uploads\/sites\/19\/Wspolpraca\/PanEU\/PES-Young-Professionals-programme-Slide-Deck_Launch-2023_2024-Final.pdf\" class=\"mtli_attachment mtli_pdf\" data-mtli=\"mtli_filesize901,35kB\" class=\"mtli_attachment mtli_pdf\" data-mtli=\"mtli_filesize901,35kB\">PES Young Professionals programme Slide Deck Launch 2023-2024 Final<\/a><\/p>\n<style type=\"text\/css\">a[data-mtli~=\"mtli_filesize2,65MB\"]:after {content:\" (2,65 MB)\"}a[data-mtli~=\"mtli_filesize331,05kB\"]:after {content:\" (331,05 kB)\"}a[data-mtli~=\"mtli_filesize414,92kB\"]:after {content:\" (414,92 kB)\"}a[data-mtli~=\"mtli_filesize901,35kB\"]:after {content:\" (901,35 kB)\"}<\/style><\/div>\r\n                    <\/div>\r\n                <\/div>\r\n                <div class=\"tiles-section\" style=\"background: \">\r\n                    <div class=\"container\">\r\n                        <h3 class=\"page-title\"><\/h3>\r\n                        <div class=\"tiles tiles-2\">\r\n                            <a href=\"https:\/\/www.lawinstyle.us.edu.pl\/blog\/\" class=\"tile tile_double \" style=\"background-color: #002E5A; font-weight: bold; color: #ffffff;  \">\r\n                                \r\n                                   <div class=\"tile__img\"><img src=\"https:\/\/us.edu.pl\/wydzial\/wpia\/wp-content\/uploads\/sites\/19\/Ogolne\/law_in_style__logotypes__complete-pdf-p427px5469huhti2iq9wi7w9wbmmhlvcelp9j9w29i.png\" alt=\"Blog PES Programme\"> <\/div>\r\n                               \r\n                                <div class=\"tile__name\">Blog PES Programme<\/div>\r\n                            <\/a><\/div>\r\n                    <\/div>\r\n                <\/div>[\/vc_column][\/vc_row]<\/p>\n<style type=\"text\/css\">a[data-mtli~=\"mtli_filesize2,65MB\"]:after {content:\" (2,65 MB)\"}a[data-mtli~=\"mtli_filesize331,05kB\"]:after {content:\" (331,05 kB)\"}a[data-mtli~=\"mtli_filesize414,92kB\"]:after {content:\" (414,92 kB)\"}a[data-mtli~=\"mtli_filesize901,35kB\"]:after {content:\" (901,35 kB)\"}<\/style>","protected":false},"excerpt":{"rendered":"<p>[vc_row][vc_column][\/vc_column][\/vc_row] [&#8230;]<\/p>\n<p><a class=\"btn btn-secondary understrap-read-more-link\" href=\"https:\/\/us.edu.pl\/wydzial\/wpia\/2023\/02\/13\/trwa-rekrutacja-na-platne-staze-w-eu\/\">Read More&#8230;<\/a><\/p>\n","protected":false},"author":3414,"featured_media":161028,"comment_status":"open","ping_status":"open","sticky":false,"template":"","format":"standard","meta":{"_expiration-date-status":"","_expiration-date":0,"_expiration-date-type":"","_expiration-date-categories":[],"_expiration-date-options":[]},"categories":[71],"tags":[],"acf":[],"_links":{"self":[{"href":"https:\/\/us.edu.pl\/wydzial\/wpia\/wp-json\/wp\/v2\/posts\/161027"}],"collection":[{"href":"https:\/\/us.edu.pl\/wydzial\/wpia\/wp-json\/wp\/v2\/posts"}],"about":[{"href":"https:\/\/us.edu.pl\/wydzial\/wpia\/wp-json\/wp\/v2\/types\/post"}],"author":[{"embeddable":true,"href":"https:\/\/us.edu.pl\/wydzial\/wpia\/wp-json\/wp\/v2\/users\/3414"}],"replies":[{"embeddable":true,"href":"https:\/\/us.edu.pl\/wydzial\/wpia\/wp-json\/wp\/v2\/comments?post=161027"}],"version-history":[{"count":4,"href":"https:\/\/us.edu.pl\/wydzial\/wpia\/wp-json\/wp\/v2\/posts\/161027\/revisions"}],"predecessor-version":[{"id":161476,"href":"https:\/\/us.edu.pl\/wydzial\/wpia\/wp-json\/wp\/v2\/posts\/161027\/revisions\/161476"}],"wp:featuredmedia":[{"embeddable":true,"href":"https:\/\/us.edu.pl\/wydzial\/wpia\/wp-json\/wp\/v2\/media\/161028"}],"wp:attachment":[{"href":"https:\/\/us.edu.pl\/wydzial\/wpia\/wp-json\/wp\/v2\/media?parent=161027"}],"wp:term":[{"taxonomy":"category","embeddable":true,"href":"https:\/\/us.edu.pl\/wydzial\/wpia\/wp-json\/wp\/v2\/categories?post=161027"},{"taxonomy":"post_tag","embeddable":true,"href":"https:\/\/us.edu.pl\/wydzial\/wpia\/wp-json\/wp\/v2\/tags?post=161027"}],"curies":[{"name":"wp","href":"https:\/\/api.w.org\/{rel}","templated":true}]}}