{"id":163966,"date":"2023-04-27T02:38:11","date_gmt":"2023-04-27T00:38:11","guid":{"rendered":"https:\/\/us.edu.pl\/wydzial\/wpia\/?p=163966"},"modified":"2023-04-27T02:38:11","modified_gmt":"2023-04-27T00:38:11","slug":"v-ogolnopolska-konferencja-naukowa-prawa-pacjenta-w-ujeciu-interdyscyplinarnym-02-czerwca-2023-r","status":"publish","type":"post","link":"https:\/\/us.edu.pl\/wydzial\/wpia\/2023\/04\/27\/v-ogolnopolska-konferencja-naukowa-prawa-pacjenta-w-ujeciu-interdyscyplinarnym-02-czerwca-2023-r\/","title":{"rendered":"V Og\u00f3lnopolska Konferencja Naukowa \u201ePrawa pacjenta w uj\u0119ciu interdyscyplinarnym\u201d \u2013 2 czerwca 2023 r."},"content":{"rendered":"<p>[vc_row][vc_column]\r\n                <div class=\"text-modules \">\r\n                    <div class=\"container\">\r\n                         \r\n                        <div class=\"row m-0\">\r\n                            <div class=\"text-modules__content\">\r\n                                <span style=\"font-size: 12pt;\">Katedra Prawa Prywatnego Wydzia\u0142u Prawa i Administracji Uniwersytetu Technologiczno-Humanistycznego im. Kazimierza Pu\u0142askiego w Radomiu wraz z Ko\u0142em Naukowym Student\u00f3w Prawa UTH \u201eSapere Aude\u201d zaprasza do udzia\u0142u w <strong>V Og\u00f3lnopolskiej Konferencji Naukowej \u201ePRAWA PACJENTA W UJ\u0118CIU INTERDYSCYPLINARNYM\u201d<\/strong>, kt\u00f3ra odb\u0119dzie si\u0119 <strong>2 czerwca 2023 r.<\/strong> w formie <strong>online<\/strong> poprzez MS Teams.\u00a0<\/span><\/p>\n<p><span style=\"font-size: 12pt;\">Konferencja ma na celu wymian\u0119 pogl\u0105d\u00f3w m.in. w zakresie: aktualnych problem\u00f3w dotycz\u0105cych praw pacjenta, jego godno\u015bci, instytucji Rzecznika Praw Pacjenta, orzecznictwa s\u0105dowego dotycz\u0105cego tytu\u0142owej materii.\u00a0Pok\u0142osiem odbytej Konferencji b\u0119dzie wydanie e-monografii pt. &#8222;Aktualne problemy prawa medycznego&#8221;. <\/span><\/p>\n<p><span style=\"font-size: 12pt;\">Organizatorzy prosz\u0105 o przesy\u0142anie tekst\u00f3w do ww. publikacji w nieprzekraczalnym terminie <strong>do 30 czerwca 2023 r.<\/strong> na adres e-mail: <a href=\"mailto:sapereaude@uthrad.pl\">sapereaude@uthrad.pl<\/a>. W przypadku du\u017cej liczby zg\u0142osze\u0144 Komitet Naukowy zastrzega prawo wyboru artyku\u0142\u00f3w zakwalifikowanych do publikacji.<\/span><\/p>\n<p><span style=\"font-size: 12pt;\">Formularz rejestracyjny:\u00a0<a href=\"https:\/\/forms.office.com\/pages\/responsepage.aspx?id=mw8z2Wsuj0uYnUPYTwYTwh0TW_doJmFNjfxyr5oGFHJUMjJBQ0U5U0FGQ0dUU05ZRk02RjJSWkdKMy4u&amp;fbclid=IwAR2PJUWgns_nli6alVBxOkIZn5PLFpTn8y3Z84Vr_QQygmymL74m-dvA9x0\">https:\/\/forms.office.com\/pages\/responsepage.aspx?id=mw8z2Wsuj0uYnUPYTwYTwh0TW_doJmFNjfxyr5oGFHJUMjJBQ0U5U0FGQ0dUU05ZRk02RjJSWkdKMy4u&amp;fbclid=IwAR2PJUWgns_nli6alVBxOkIZn5PLFpTn8y3Z84Vr_QQygmymL74m-dvA9x0<\/a>.<\/span><\/p>\n<p><span style=\"font-size: 12pt;\">Link do obserwowania naszego wydarzenia na FB: <a href=\"https:\/\/www.facebook.com\/events\/576857391210419\">https:\/\/www.facebook.com\/events\/576857391210419<\/a>.<\/span><\/p>\n<p><span style=\"font-size: 12pt;\">Strona www: <a href=\"https:\/\/wpia.uniwersytetradom.pl\/2023\/04\/25\/zaproszenie-na-konferencje-naukowa-pt-prawa-pacjenta-w-ujeciu-interdyscyplinarnym\/\">https:\/\/wpia.uniwersytetradom.pl\/2023\/04\/25\/zaproszenie-na-konferencje-naukowa-pt-prawa-pacjenta-w-ujeciu-interdyscyplinarnym\/<\/a>.<\/span><\/p>\n<p>&nbsp;<\/p>\n<div class=\"mt-3\"><\/div>\r\n                            <\/div>\r\n                            \r\n                            <div class=\"text-modules__img\"><img src=\"https:\/\/us.edu.pl\/wydzial\/wpia\/wp-content\/uploads\/sites\/19\/2023\/04\/Prawa-pacjenta-plakat-1.png\" alt=\"img\"><\/div>\r\n                        <\/div>\r\n                    <\/div>\r\n                <\/div>[\/vc_column][\/vc_row]<\/p>","protected":false},"excerpt":{"rendered":"<p>[vc_row][vc_column][\/vc_column][\/vc_row] [&#8230;]<\/p>\n<p><a class=\"btn btn-secondary understrap-read-more-link\" href=\"https:\/\/us.edu.pl\/wydzial\/wpia\/2023\/04\/27\/v-ogolnopolska-konferencja-naukowa-prawa-pacjenta-w-ujeciu-interdyscyplinarnym-02-czerwca-2023-r\/\">Read More&#8230;<\/a><\/p>\n","protected":false},"author":6156,"featured_media":163967,"comment_status":"open","ping_status":"open","sticky":false,"template":"","format":"standard","meta":{"_expiration-date-status":"","_expiration-date":0,"_expiration-date-type":"","_expiration-date-categories":[],"_expiration-date-options":[]},"categories":[46],"tags":[],"acf":[],"_links":{"self":[{"href":"https:\/\/us.edu.pl\/wydzial\/wpia\/wp-json\/wp\/v2\/posts\/163966"}],"collection":[{"href":"https:\/\/us.edu.pl\/wydzial\/wpia\/wp-json\/wp\/v2\/posts"}],"about":[{"href":"https:\/\/us.edu.pl\/wydzial\/wpia\/wp-json\/wp\/v2\/types\/post"}],"author":[{"embeddable":true,"href":"https:\/\/us.edu.pl\/wydzial\/wpia\/wp-json\/wp\/v2\/users\/6156"}],"replies":[{"embeddable":true,"href":"https:\/\/us.edu.pl\/wydzial\/wpia\/wp-json\/wp\/v2\/comments?post=163966"}],"version-history":[{"count":4,"href":"https:\/\/us.edu.pl\/wydzial\/wpia\/wp-json\/wp\/v2\/posts\/163966\/revisions"}],"predecessor-version":[{"id":163972,"href":"https:\/\/us.edu.pl\/wydzial\/wpia\/wp-json\/wp\/v2\/posts\/163966\/revisions\/163972"}],"wp:featuredmedia":[{"embeddable":true,"href":"https:\/\/us.edu.pl\/wydzial\/wpia\/wp-json\/wp\/v2\/media\/163967"}],"wp:attachment":[{"href":"https:\/\/us.edu.pl\/wydzial\/wpia\/wp-json\/wp\/v2\/media?parent=163966"}],"wp:term":[{"taxonomy":"category","embeddable":true,"href":"https:\/\/us.edu.pl\/wydzial\/wpia\/wp-json\/wp\/v2\/categories?post=163966"},{"taxonomy":"post_tag","embeddable":true,"href":"https:\/\/us.edu.pl\/wydzial\/wpia\/wp-json\/wp\/v2\/tags?post=163966"}],"curies":[{"name":"wp","href":"https:\/\/api.w.org\/{rel}","templated":true}]}}