{"id":164057,"date":"2023-05-07T13:49:59","date_gmt":"2023-05-07T11:49:59","guid":{"rendered":"https:\/\/us.edu.pl\/wydzial\/wpia\/?p=164057"},"modified":"2023-05-07T13:52:01","modified_gmt":"2023-05-07T11:52:01","slug":"monografia-grzegorz-laszczyca-pojecie-strony-w-ogolnym-postepowaniu-administracyjnym","status":"publish","type":"post","link":"https:\/\/us.edu.pl\/wydzial\/wpia\/2023\/05\/07\/monografia-grzegorz-laszczyca-pojecie-strony-w-ogolnym-postepowaniu-administracyjnym\/","title":{"rendered":"[Monografia] Grzegorz \u0141aszczyca: Poj\u0119cie strony w og\u00f3lnym post\u0119powaniu administracyjnym"},"content":{"rendered":"<p><img class=\"alignnone size-medium wp-image-164058\" src=\"https:\/\/us.edu.pl\/wydzial\/wpia\/wp-content\/uploads\/sites\/19\/Bez-kategorii\/pojecie-strony-w-ogo-516b6fd-353x500.jpg\" alt=\"ok\u0142adka ksi\u0105\u017cki Poj\u0119cie strony \u0141aszczyca\" width=\"353\" height=\"500\" srcset=\"https:\/\/us.edu.pl\/wydzial\/wpia\/wp-content\/uploads\/sites\/19\/Bez-kategorii\/pojecie-strony-w-ogo-516b6fd-353x500.jpg 353w, https:\/\/us.edu.pl\/wydzial\/wpia\/wp-content\/uploads\/sites\/19\/Bez-kategorii\/pojecie-strony-w-ogo-516b6fd-406x575.jpg 406w, https:\/\/us.edu.pl\/wydzial\/wpia\/wp-content\/uploads\/sites\/19\/Bez-kategorii\/pojecie-strony-w-ogo-516b6fd.jpg 500w\" sizes=\"(max-width: 353px) 100vw, 353px\" \/><\/p>\n<p>[vc_row][vc_column]\r\n                <div class=\"text-modules\">\r\n                    <div class=\"container\">\r\n                        \r\n                        <div class=\"text-modules__content\"><p><a href=\"https:\/\/www.profinfo.pl\/sklep\/pojecie-strony-w-ogolnym-postepowaniu-administracyjnym,415030.html\">Grzegorz \u0141aszczyca:\u00a0<em>Poj\u0119cie strony w og\u00f3lnym post\u0119powaniu administracyjnym.<\/em>\u00a0Warszawa: Wolters Kluwer Polska, 2023. ISBN: 978-8328-413-2<\/a><\/p>\n<p>W publikacji om\u00f3wiono poj\u0119cie strony w\u00a0post\u0119powaniu administracyjnym b\u0119d\u0105ce jednym z najwa\u017cniejszych zagadnie\u0144 tego post\u0119powania. Przedstawiono jego definicj\u0119, charakter oraz konstrukcj\u0119 prawn\u0105. Przeanalizowano problemy zdolno\u015bci administracyjnoprawnej, ze wskazaniem podstawowych i\u00a0uzupe\u0142niaj\u0105cych podmiot\u00f3w, kt\u00f3rym taka zdolno\u015b\u0107 przys\u0142uguje. Wyja\u015bniono fundamentalne poj\u0119cie interesu prawnego, zw\u0142aszcza w\u00a0aspekcie jego \u017ar\u00f3de\u0142 oraz cech i\u00a0uwarunkowa\u0144. Wyodr\u0119bniono tak\u017ce p\u0142aszczyzny powi\u0105za\u0144 interesu prawnego ze sfer\u0105 procesow\u0105.<\/p>\n<p>W opracowaniu zaprezentowano rozwi\u0105zania prawne w zakresie poj\u0119cia strony w\u00a0innych pa\u0144stwach europejskich o r\u00f3\u017cnej tradycji i metodzie normowania post\u0119powania administracyjnego, a tak\u017ce niekt\u00f3re ustawodawstwa pozaeuropejskie.<\/p>\n<p>Ksi\u0105\u017cka jest przeznaczona zar\u00f3wno dla radc\u00f3w prawnych, adwokat\u00f3w, s\u0119dzi\u00f3w, prokurator\u00f3w, jak i pracownik\u00f3w administracji publicznej (rz\u0105dowej i\u00a0samorz\u0105dowej) oraz pracownik\u00f3w naukowych zainteresowanych omawian\u0105 tematyk\u0105.<\/p>\n<p>\u201eAutor nie ogranicza si\u0119 do przedstawienia dotychczasowego stanu nauki. Prowadzonym w\u00a0pracy rozwa\u017caniom towarzyszy pytanie o aktualno\u015b\u0107 kodeksowego uj\u0119cia strony post\u0119powania. Praca ma charakter tw\u00f3rczy, rozwija stan wiedzy na temat strony post\u0119powania i poj\u0119cia interesu prawnego\u201d.<br \/>\n<strong>dr hab. Jacek Chlebny, prof. U\u0141 (fragment recenzji)<\/strong><\/p>\n<p>[opis ze strony wydawcy]<\/p>\n<\/div>\r\n                    <\/div>\r\n                <\/div>[\/vc_column][\/vc_row]<\/p>","protected":false},"excerpt":{"rendered":"<p>[vc_row][vc_column][\/vc_column][\/vc_row] [&#8230;]<\/p>\n<p><a class=\"btn btn-secondary understrap-read-more-link\" href=\"https:\/\/us.edu.pl\/wydzial\/wpia\/2023\/05\/07\/monografia-grzegorz-laszczyca-pojecie-strony-w-ogolnym-postepowaniu-administracyjnym\/\">Read More&#8230;<\/a><\/p>\n","protected":false},"author":899,"featured_media":0,"comment_status":"open","ping_status":"open","sticky":false,"template":"","format":"standard","meta":{"_expiration-date-status":"","_expiration-date":0,"_expiration-date-type":"","_expiration-date-categories":[],"_expiration-date-options":[]},"categories":[74],"tags":[],"acf":[],"_links":{"self":[{"href":"https:\/\/us.edu.pl\/wydzial\/wpia\/wp-json\/wp\/v2\/posts\/164057"}],"collection":[{"href":"https:\/\/us.edu.pl\/wydzial\/wpia\/wp-json\/wp\/v2\/posts"}],"about":[{"href":"https:\/\/us.edu.pl\/wydzial\/wpia\/wp-json\/wp\/v2\/types\/post"}],"author":[{"embeddable":true,"href":"https:\/\/us.edu.pl\/wydzial\/wpia\/wp-json\/wp\/v2\/users\/899"}],"replies":[{"embeddable":true,"href":"https:\/\/us.edu.pl\/wydzial\/wpia\/wp-json\/wp\/v2\/comments?post=164057"}],"version-history":[{"count":1,"href":"https:\/\/us.edu.pl\/wydzial\/wpia\/wp-json\/wp\/v2\/posts\/164057\/revisions"}],"predecessor-version":[{"id":164059,"href":"https:\/\/us.edu.pl\/wydzial\/wpia\/wp-json\/wp\/v2\/posts\/164057\/revisions\/164059"}],"wp:attachment":[{"href":"https:\/\/us.edu.pl\/wydzial\/wpia\/wp-json\/wp\/v2\/media?parent=164057"}],"wp:term":[{"taxonomy":"category","embeddable":true,"href":"https:\/\/us.edu.pl\/wydzial\/wpia\/wp-json\/wp\/v2\/categories?post=164057"},{"taxonomy":"post_tag","embeddable":true,"href":"https:\/\/us.edu.pl\/wydzial\/wpia\/wp-json\/wp\/v2\/tags?post=164057"}],"curies":[{"name":"wp","href":"https:\/\/api.w.org\/{rel}","templated":true}]}}