{"id":164479,"date":"2023-05-28T17:03:55","date_gmt":"2023-05-28T15:03:55","guid":{"rendered":"https:\/\/us.edu.pl\/wydzial\/wpia\/?p=164479"},"modified":"2023-05-28T17:13:34","modified_gmt":"2023-05-28T15:13:34","slug":"letnie-kolegium-polsko-austriackie-6-26-sierpnia-2023-r","status":"publish","type":"post","link":"https:\/\/us.edu.pl\/wydzial\/wpia\/2023\/05\/28\/letnie-kolegium-polsko-austriackie-6-26-sierpnia-2023-r\/","title":{"rendered":"Letnie Kolegium Polsko-Austriackie \u2013 6-26 sierpnia 2023 r."},"content":{"rendered":"<p>[vc_row][vc_column]\r\n                <div class=\"text-modules \">\r\n                    <div class=\"container\">\r\n                         \r\n                        <div class=\"row m-0\">\r\n                            <div class=\"text-modules__content\">\r\n                                <span style=\"font-size: 12pt;\"><strong>Uniwersytet Wiede\u0144ski<\/strong> (Universit\u00e4t Wien) zaprasza student\u00f3w z Polski zainteresowanych j\u0119zykiem niemieckim i student\u00f3w z Austrii zainteresowanych j\u0119zykiem polskim do udzia\u0142u w <strong>Letnim Kolegium Polsko-Austriackim<\/strong> (Polnisch-\u00d6sterreichisches Sommerkolleg 2023). Wydarzenie odb\u0119dzie si\u0119 w terminie <strong>6-26 sierpnia 2023 r. w Warszawie<\/strong>, z planowanymi dwudniowymi wyjazdami do Wiednia i do Gda\u0144ska\/Sopotu. Udzia\u0142 w szkole letniej stwarza mo\u017cliwo\u015b\u0107 g\u0142\u0119bszego poznania j\u0119zyka i kultury austriackiej i polskiej.<\/span><\/p>\n<p><span style=\"font-size: 12pt;\">Rekrutacja ko\u0144czy si\u0119 <strong>9 czerwca 2023 r.<\/strong><\/span><\/p>\n<p><span style=\"font-size: 12pt;\">Ca\u0142kowity koszt Letniego Kolegium Polsko-Austriackiego to 810 z\u0142 (dla student\u00f3w z Polski) \/ \u20ac 220 (dla student\u00f3w z Austrii) \u2013 obejmuje on intensywny kurs j\u0119zyka niemieckiego\/polskiego, noclegi, wy\u017cywienie i wszystkie wycieczki. Od student\u00f3w z Polski wymagana jest znajomo\u015b\u0107 j\u0119zyka niemieckiego od poziomu B1; od student\u00f3w z Austrii \u2013 znajomo\u015b\u0107 j\u0119zyka polskiego od poziomu A1.<\/span><\/p>\n<p><span style=\"font-size: 12pt;\">Wi\u0119cej informacji na stronach:<\/span><\/p>\n<ul>\n<li><span style=\"font-size: 12pt;\"><a href=\"https:\/\/www.youtube.com\/watch?v=ls5svd2lcLM&amp;feature=youtu.be\" target=\"_blank\" rel=\"noopener noreferrer\">https:\/\/www.youtube.com\/watch?v=ls5svd2lcLM&amp;feature=youtu.be<\/a><\/span><\/li>\n<li><span style=\"font-size: 12pt;\"><a href=\"http:\/\/sommerkolleg.org\/\" target=\"_blank\" rel=\"noopener noreferrer\">http:\/\/sommerkolleg.org\/<\/a><\/span><\/li>\n<li><span style=\"font-size: 12pt;\"><a href=\"https:\/\/oead.at\/de\/ins-ausland\/hochschulen\/sommerkurse\/sommerkollegs\/#c1713\" target=\"_blank\" rel=\"noopener noreferrer\">https:\/\/oead.at\/de\/ins-ausland\/hochschulen\/sommerkurse\/sommerkollegs\/#c1713<\/a><\/span><\/li>\n<\/ul>\n<p>&nbsp;<\/p>\n<p><a href=\"https:\/\/us.edu.pl\/wydzial\/wpia\/wp-content\/uploads\/sites\/19\/2023\/05\/Sommerkolleg.pdf\" class=\"mtli_attachment mtli_pdf\" data-mtli=\"mtli_filesize468,53kB\">Polnisch-\u00d6sterreichisches Sommerkolleg 2023 \u2013 zaproszenie<\/a> \r\n                                <div class=\"mt-3\"><\/div>\r\n                            <\/div>\r\n                            \r\n                            <div class=\"text-modules__img\"><a href=\"https:\/\/www.youtube.com\/watch?v=ls5svd2lcLM\" target=\"_blank\"><img src=\"https:\/\/us.edu.pl\/wydzial\/wpia\/wp-content\/uploads\/sites\/19\/2023\/05\/Letnie-Kolegum-Austr-Pol.jpg\" alt=\"img\"><\/a><\/div>\r\n                        <\/div>\r\n                    <\/div>\r\n                <\/div>[\/vc_column][\/vc_row]<\/p>\n<style type=\"text\/css\">a[data-mtli~=\"mtli_filesize468,53kB\"]:after {content:\" (468,53 kB)\"}<\/style>","protected":false},"excerpt":{"rendered":"<p>[vc_row][vc_column][\/vc_column][\/vc_row] [&#8230;]<\/p>\n<p><a class=\"btn btn-secondary understrap-read-more-link\" href=\"https:\/\/us.edu.pl\/wydzial\/wpia\/2023\/05\/28\/letnie-kolegium-polsko-austriackie-6-26-sierpnia-2023-r\/\">Read More&#8230;<\/a><\/p>\n","protected":false},"author":6156,"featured_media":164481,"comment_status":"open","ping_status":"open","sticky":false,"template":"","format":"standard","meta":{"_expiration-date-status":"","_expiration-date":0,"_expiration-date-type":"","_expiration-date-categories":[],"_expiration-date-options":[]},"categories":[46],"tags":[],"acf":[],"_links":{"self":[{"href":"https:\/\/us.edu.pl\/wydzial\/wpia\/wp-json\/wp\/v2\/posts\/164479"}],"collection":[{"href":"https:\/\/us.edu.pl\/wydzial\/wpia\/wp-json\/wp\/v2\/posts"}],"about":[{"href":"https:\/\/us.edu.pl\/wydzial\/wpia\/wp-json\/wp\/v2\/types\/post"}],"author":[{"embeddable":true,"href":"https:\/\/us.edu.pl\/wydzial\/wpia\/wp-json\/wp\/v2\/users\/6156"}],"replies":[{"embeddable":true,"href":"https:\/\/us.edu.pl\/wydzial\/wpia\/wp-json\/wp\/v2\/comments?post=164479"}],"version-history":[{"count":4,"href":"https:\/\/us.edu.pl\/wydzial\/wpia\/wp-json\/wp\/v2\/posts\/164479\/revisions"}],"predecessor-version":[{"id":164487,"href":"https:\/\/us.edu.pl\/wydzial\/wpia\/wp-json\/wp\/v2\/posts\/164479\/revisions\/164487"}],"wp:featuredmedia":[{"embeddable":true,"href":"https:\/\/us.edu.pl\/wydzial\/wpia\/wp-json\/wp\/v2\/media\/164481"}],"wp:attachment":[{"href":"https:\/\/us.edu.pl\/wydzial\/wpia\/wp-json\/wp\/v2\/media?parent=164479"}],"wp:term":[{"taxonomy":"category","embeddable":true,"href":"https:\/\/us.edu.pl\/wydzial\/wpia\/wp-json\/wp\/v2\/categories?post=164479"},{"taxonomy":"post_tag","embeddable":true,"href":"https:\/\/us.edu.pl\/wydzial\/wpia\/wp-json\/wp\/v2\/tags?post=164479"}],"curies":[{"name":"wp","href":"https:\/\/api.w.org\/{rel}","templated":true}]}}