{"id":166533,"date":"2023-10-18T12:06:48","date_gmt":"2023-10-18T10:06:48","guid":{"rendered":"https:\/\/us.edu.pl\/wydzial\/wpia\/?p=166533"},"modified":"2023-10-18T12:06:48","modified_gmt":"2023-10-18T10:06:48","slug":"rekrutacja-do-iii-edycji-akademii-liderow-sprawiedliwosci","status":"publish","type":"post","link":"https:\/\/us.edu.pl\/wydzial\/wpia\/2023\/10\/18\/rekrutacja-do-iii-edycji-akademii-liderow-sprawiedliwosci\/","title":{"rendered":"Rekrutacja do III edycji Akademii Lider\u00f3w Sprawiedliwo\u015bci"},"content":{"rendered":"<p>[vc_row][vc_column]\r\n                <div class=\"text-modules\">\r\n                    <div class=\"container\">\r\n                        \r\n                        <div class=\"text-modules__content\"><p>Serdecznie zapraszamy do wzi\u0119cia udzia\u0142u w <strong>III edycji Akademii Lider\u00f3w Sprawiedliwo\u015bci<\/strong> \u2013 bezp\u0142atnego programu szkoleniowo-networkingowego dla student\u00f3w i absolwent\u00f3w kierunk\u00f3w prawniczych i oko\u0142oprawniczych.<\/p>\n<p><strong>Akademia Lider\u00f3w Sprawiedliwo\u015bci<\/strong> to nowoczesna forma kszta\u0142cenia przysz\u0142ych i obecnych przedstawicieli zawod\u00f3w prawniczych. Obecnie trwa rekrutacja do trzeciej edycji Programu kt\u00f3ra <strong>potrwa do 31 pa\u017adziernika 2023 roku.<\/strong><\/p>\n<p>Uczestnicy programu b\u0119d\u0105 mieli okazj\u0119 zdoby\u0107 teoretyczn\u0105 i praktyczn\u0105 wiedz\u0119 prawnicz\u0105 podczas <span style=\"text-decoration: underline;\">weekendowych wyk\u0142ad\u00f3w i warsztat\u00f3w<\/span> prowadzonych przez do\u015bwiadczonych prawnik\u00f3w, praktyk\u00f3w, przedstawicieli wielu o\u015brodk\u00f3w akademickich, zawod\u00f3w prawniczych i urz\u0119d\u00f3w pa\u0144stwowych. Uczestnicy mog\u0105 \u0107wiczy\u0107 sztuk\u0119 przem\u00f3wie\u0144 publicznych, savoir-vivre czy techniki negocjacji. Istotn\u0105 cz\u0119\u015b\u0107 Programu stanowi <span style=\"text-decoration: underline;\">Program Mentoringowy,<\/span> dzi\u0119ki kt\u00f3remu mo\u017cna rozwija\u0107 si\u0119 pod okiem wybranego mentora praktykuj\u0105cego w interesuj\u0105cym ich obszarze.<\/p>\n<p>W ramach ALS realizowany jest tak\u017ce <span style=\"text-decoration: underline;\">wakacyjny Projekt Spo\u0142eczny<\/span>, podczas kt\u00f3rego, pomagaj\u0105c wybranej spo\u0142eczno\u015bci, m\u0142odzi adepci prawa nabywaj\u0105 cenn\u0105 wra\u017cliwo\u015b\u0107 spo\u0142eczn\u0105 i integruj\u0105 si\u0119 we w\u0142asnej grupie, zawieraj\u0105c znajomo\u015bci i przyja\u017anie na d\u0142ugie lata.<\/p>\n<p>Program obejmuje <strong>7 weekendowych zjazd\u00f3w w Warszawie<\/strong>, Projekt Spo\u0142eczny, Program Mentoringowy oraz Seminarium Letnie. <span style=\"text-decoration: underline;\">Udzia\u0142 w Akademii jest nieodp\u0142atny<\/span>. Organizator zapewnia wy\u017cywienie oraz nocleg podczas zjazd\u00f3w.<\/p>\n<p>Uko\u0144czenie Programu potwierdzone zostanie certyfikatem.<\/p>\n<p><strong>Zach\u0119camy do zapoznania si\u0119 ze szczeg\u00f3\u0142ow\u0105 broszur\u0105 informacyjn\u0105<\/strong>:\u00a0<a href=\"https:\/\/drive.google.com\/file\/d\/1Blt7sT3ao3yMIsrZDUdX2mlpEsskS8nr\/view?usp=share_link\">https:\/\/drive.google.com\/file\/d\/1Blt7sT3ao3yMIsrZDUdX2mlpEsskS8nr\/view?usp=share_link<\/a><\/p>\n<p>Do ALS mo\u017cna do\u0142\u0105czy\u0107 wype\u0142niaj\u0105c formularz zg\u0142oszeniowy do jednej z dw\u00f3ch sekcji:<\/p>\n<p>\ud83d\udcda SEKCJA AKADEMICKA (studenci I-IV roku prawa i kierunk\u00f3w pokrewnych): <a href=\"https:\/\/tinyurl.com\/Akademicka2023\">https:\/\/tinyurl.com\/Akademicka2023<\/a><br \/>\n\u2696\ufe0f SEKCJA ABSOLWENCKA(studenci V roku i absolwenci kierunk\u00f3w prawniczych i pokrewnych, aplikanci, asystenci s\u0119dzi\u00f3w, przedstawiciele zawod\u00f3w prawniczych): <a href=\"https:\/\/tinyurl.com\/Absolwencka2023\">https:\/\/tinyurl.com\/Absolwencka2023<\/a><\/p>\n<p>Organizatorem Programu jest Fundacja Altum.<\/p>\n<p>Obserwuj profil na Facebooku, aby by\u0107 na bie\u017c\u0105co ze wszystkimi wiadomo\u015bciami dotycz\u0105cymi rekrutacji: <a href=\"https:\/\/www.facebook.com\/akademiasprawiedliwosci\">https:\/\/www.facebook.com\/akademiasprawiedliwosci<\/a><\/p>\n<p>\n<\/div>\r\n                    <\/div>\r\n                <\/div>[\/vc_column][\/vc_row]<\/p>","protected":false},"excerpt":{"rendered":"<p>[vc_row][vc_column][\/vc_column][\/vc_row] [&#8230;]<\/p>\n<p><a class=\"btn btn-secondary understrap-read-more-link\" href=\"https:\/\/us.edu.pl\/wydzial\/wpia\/2023\/10\/18\/rekrutacja-do-iii-edycji-akademii-liderow-sprawiedliwosci\/\">Read More&#8230;<\/a><\/p>\n","protected":false},"author":6156,"featured_media":166538,"comment_status":"open","ping_status":"open","sticky":false,"template":"","format":"standard","meta":{"_expiration-date-status":"","_expiration-date":0,"_expiration-date-type":"","_expiration-date-categories":[],"_expiration-date-options":[]},"categories":[46],"tags":[],"acf":[],"_links":{"self":[{"href":"https:\/\/us.edu.pl\/wydzial\/wpia\/wp-json\/wp\/v2\/posts\/166533"}],"collection":[{"href":"https:\/\/us.edu.pl\/wydzial\/wpia\/wp-json\/wp\/v2\/posts"}],"about":[{"href":"https:\/\/us.edu.pl\/wydzial\/wpia\/wp-json\/wp\/v2\/types\/post"}],"author":[{"embeddable":true,"href":"https:\/\/us.edu.pl\/wydzial\/wpia\/wp-json\/wp\/v2\/users\/6156"}],"replies":[{"embeddable":true,"href":"https:\/\/us.edu.pl\/wydzial\/wpia\/wp-json\/wp\/v2\/comments?post=166533"}],"version-history":[{"count":3,"href":"https:\/\/us.edu.pl\/wydzial\/wpia\/wp-json\/wp\/v2\/posts\/166533\/revisions"}],"predecessor-version":[{"id":166541,"href":"https:\/\/us.edu.pl\/wydzial\/wpia\/wp-json\/wp\/v2\/posts\/166533\/revisions\/166541"}],"wp:featuredmedia":[{"embeddable":true,"href":"https:\/\/us.edu.pl\/wydzial\/wpia\/wp-json\/wp\/v2\/media\/166538"}],"wp:attachment":[{"href":"https:\/\/us.edu.pl\/wydzial\/wpia\/wp-json\/wp\/v2\/media?parent=166533"}],"wp:term":[{"taxonomy":"category","embeddable":true,"href":"https:\/\/us.edu.pl\/wydzial\/wpia\/wp-json\/wp\/v2\/categories?post=166533"},{"taxonomy":"post_tag","embeddable":true,"href":"https:\/\/us.edu.pl\/wydzial\/wpia\/wp-json\/wp\/v2\/tags?post=166533"}],"curies":[{"name":"wp","href":"https:\/\/api.w.org\/{rel}","templated":true}]}}