{"id":166626,"date":"2023-10-20T14:40:20","date_gmt":"2023-10-20T12:40:20","guid":{"rendered":"https:\/\/us.edu.pl\/wydzial\/wpia\/?p=166626"},"modified":"2023-10-20T14:40:20","modified_gmt":"2023-10-20T12:40:20","slug":"opracowanie-irena-lipowicz-samodzielnosc-samorzadu-terytorialnego-granice-i-perspektywy-system-prawa-samorzadu-terytorialnego-t-3","status":"publish","type":"post","link":"https:\/\/us.edu.pl\/wydzial\/wpia\/2023\/10\/20\/opracowanie-irena-lipowicz-samodzielnosc-samorzadu-terytorialnego-granice-i-perspektywy-system-prawa-samorzadu-terytorialnego-t-3\/","title":{"rendered":"[Opracowanie] Irena Lipowicz: Samodzielno\u015b\u0107 samorz\u0105du terytorialnego \u2013 granice i perspektywy. System prawa samorz\u0105du terytorialnego. T. 3"},"content":{"rendered":"<p>[vc_row][vc_column]\r\n                <div class=\"text-modules\">\r\n                    <div class=\"container\">\r\n                        \r\n                        <div class=\"text-modules__content\"><p><img class=\"alignnone size-full wp-image-166627\" src=\"https:\/\/us.edu.pl\/wydzial\/wpia\/wp-content\/uploads\/sites\/19\/Bez-kategorii\/Obraz10.jpg\" alt=\"Gruba ksi\u0105\u017cka\" width=\"239\" height=\"239\" srcset=\"https:\/\/us.edu.pl\/wydzial\/wpia\/wp-content\/uploads\/sites\/19\/Bez-kategorii\/Obraz10.jpg 239w, https:\/\/us.edu.pl\/wydzial\/wpia\/wp-content\/uploads\/sites\/19\/Bez-kategorii\/Obraz10-150x150.jpg 150w\" sizes=\"(max-width: 239px) 100vw, 239px\" \/><\/p>\n<p><a href=\"https:\/\/www.profinfo.pl\/sklep\/system-prawa-samorzadu-terytorialnego-tom-3-samodzielnosc-samorzadu-terytorialnego-granice-i-perspektywy,401632.html#informacje\"><strong>Samodzielno\u015b\u0107 samorz\u0105du terytorialnego \u2013 granice i perspektywy. Redakcja naukowa Irena Lipowicz. <\/strong><strong>System prawa samorz\u0105du terytorialnego. T. 3. <\/strong><strong>Warszawa: Wolters Kluwer Polska, 2023. 912 s. ISBN 978-83-8328-169-8<\/strong><\/a><\/p>\n<p>Trzeci tom Systemu Prawa Samorz\u0105du Terytorialnego prezentuje zagadnienia granic i perspektyw samodzielno\u015bci samorz\u0105du terytorialnego, w tym m.in.:<\/p>\n<ul>\n<li>nadz\u00f3r nad dzia\u0142alno\u015bci\u0105 samorz\u0105du terytorialnego,<\/li>\n<li>kontrola administracyjna oraz kontrola zarz\u0105dcza,<\/li>\n<li>kierownictwo w samorz\u0105dzie terytorialnym,<\/li>\n<li>odpowiedzialno\u015b\u0107 polityczna, finansowa, odszkodowawcza, karna organu, funkcjonariusza i os\u00f3b piastuj\u0105cych funkcje,<\/li>\n<li>s\u0105dowa ochrona samodzielno\u015bci samorz\u0105du terytorialnego,<\/li>\n<li>kontrola instancyjna i samorz\u0105dowe kolegia odwo\u0142awcze,<\/li>\n<li>mediacja administracyjna,<\/li>\n<li>transformacja cyfrowa w samorz\u0105dzie terytorialnym oraz kreatywne wykorzystywanie zasob\u00f3w,<\/li>\n<li>wyzwania stoj\u0105ce przed samorz\u0105dem terytorialnym,<\/li>\n<li>doktrynalne podstawy samorz\u0105du terytorialnego w pa\u0144stwach Unii Europejskiej.<\/li>\n<\/ul>\n<p>W sk\u0142ad zespo\u0142u reakcyjnego i autorskiego wchodz\u0105 wybitni przedstawiciele praktyki oraz nauki, gwarantuj\u0105c najwy\u017cszy poziom merytoryczny oraz wysoki walor praktyczny publikacji.<\/p>\n<p>Publikacja przeznaczona jest przede wszystkim dla przedstawicieli zawod\u00f3w prawniczych: adwokat\u00f3w, radc\u00f3w prawnych obs\u0142uguj\u0105cych podstawowe jednostki samorz\u0105du terytorialnego i ich jednostki organizacyjne, s\u0119dzi\u00f3w. Zainteresuje tak\u017ce pracownik\u00f3w samorz\u0105dowych, radnych oraz przedstawicieli nauki prawa.<\/p>\n<\/div>\r\n                    <\/div>\r\n                <\/div>[\/vc_column][\/vc_row]<\/p>","protected":false},"excerpt":{"rendered":"<p>[vc_row][vc_column][\/vc_column][\/vc_row] [&#8230;]<\/p>\n<p><a class=\"btn btn-secondary understrap-read-more-link\" href=\"https:\/\/us.edu.pl\/wydzial\/wpia\/2023\/10\/20\/opracowanie-irena-lipowicz-samodzielnosc-samorzadu-terytorialnego-granice-i-perspektywy-system-prawa-samorzadu-terytorialnego-t-3\/\">Read More&#8230;<\/a><\/p>\n","protected":false},"author":6156,"featured_media":166629,"comment_status":"open","ping_status":"open","sticky":false,"template":"","format":"standard","meta":{"_expiration-date-status":"","_expiration-date":0,"_expiration-date-type":"","_expiration-date-categories":[],"_expiration-date-options":[]},"categories":[74],"tags":[],"acf":[],"_links":{"self":[{"href":"https:\/\/us.edu.pl\/wydzial\/wpia\/wp-json\/wp\/v2\/posts\/166626"}],"collection":[{"href":"https:\/\/us.edu.pl\/wydzial\/wpia\/wp-json\/wp\/v2\/posts"}],"about":[{"href":"https:\/\/us.edu.pl\/wydzial\/wpia\/wp-json\/wp\/v2\/types\/post"}],"author":[{"embeddable":true,"href":"https:\/\/us.edu.pl\/wydzial\/wpia\/wp-json\/wp\/v2\/users\/6156"}],"replies":[{"embeddable":true,"href":"https:\/\/us.edu.pl\/wydzial\/wpia\/wp-json\/wp\/v2\/comments?post=166626"}],"version-history":[{"count":1,"href":"https:\/\/us.edu.pl\/wydzial\/wpia\/wp-json\/wp\/v2\/posts\/166626\/revisions"}],"predecessor-version":[{"id":166628,"href":"https:\/\/us.edu.pl\/wydzial\/wpia\/wp-json\/wp\/v2\/posts\/166626\/revisions\/166628"}],"wp:featuredmedia":[{"embeddable":true,"href":"https:\/\/us.edu.pl\/wydzial\/wpia\/wp-json\/wp\/v2\/media\/166629"}],"wp:attachment":[{"href":"https:\/\/us.edu.pl\/wydzial\/wpia\/wp-json\/wp\/v2\/media?parent=166626"}],"wp:term":[{"taxonomy":"category","embeddable":true,"href":"https:\/\/us.edu.pl\/wydzial\/wpia\/wp-json\/wp\/v2\/categories?post=166626"},{"taxonomy":"post_tag","embeddable":true,"href":"https:\/\/us.edu.pl\/wydzial\/wpia\/wp-json\/wp\/v2\/tags?post=166626"}],"curies":[{"name":"wp","href":"https:\/\/api.w.org\/{rel}","templated":true}]}}