{"id":169799,"date":"2024-04-03T07:33:39","date_gmt":"2024-04-03T05:33:39","guid":{"rendered":"https:\/\/us.edu.pl\/wydzial\/wpia\/?p=169799"},"modified":"2024-04-03T07:33:39","modified_gmt":"2024-04-03T05:33:39","slug":"iv-ogolnopolska-konferencja-naukowa-pt-z-dziejow-bankowosci-w-setna-rocznice-powstania-banku-polskiego-s-a-2","status":"publish","type":"post","link":"https:\/\/us.edu.pl\/wydzial\/wpia\/2024\/04\/03\/iv-ogolnopolska-konferencja-naukowa-pt-z-dziejow-bankowosci-w-setna-rocznice-powstania-banku-polskiego-s-a-2\/","title":{"rendered":"IV Og\u00f3lnopolska Konferencja Naukowa pt. \u201eZ dziej\u00f3w bankowo\u015bci \u2013 w setn\u0105 rocznic\u0119 powstania Banku Polskiego S.A.\u201d"},"content":{"rendered":"<p>[vc_row][vc_column]\r\n                <div class=\"text-modules\">\r\n                    <div class=\"container\">\r\n                        \r\n                        <div class=\"text-modules__content\"><p>Katedra Teorii, Historii i Filozofii Prawa Wydzia\u0142u Prawa i Administracji <strong>Uniwersytetu Radomskiego im. Kazimierza Pu\u0142askiego<\/strong> oraz Katedra Historii Ustroju i Prawa Wydzia\u0142u Prawa, Prawa Kanonicznego i Administracji Katolickiego <strong>Uniwersytetu Lubelskiego Jana Paw\u0142a II<\/strong> wraz z Sekcj\u0105 Historii Prawa Ko\u0142a Naukowego Student\u00f3w Prawa KUL maj\u0105 zaszczyt i przyjemno\u015b\u0107 zaprosi\u0107 do udzia\u0142u w <strong>IV Og\u00f3lnopolskiej Konferencji Naukowej pt. \u201e<em>Z dziej\u00f3w bankowo\u015bci \u2013 w setn\u0105 rocznic\u0119 powstania Banku Polskiego S.A.<\/em>\u201d<\/strong><\/p>\n<p>Nawi\u0105zuj\u0105c do okr\u0105g\u0142ej rocznicy utworzenia w 1924 r. Banku Polskiego S.A. jako banku centralnego II RP, Organizatorzy postanowili uczci\u0107 to wydarzenie zapraszaj\u0105c do udzia\u0142u w konferencji naukowej, kt\u00f3rej tematyka b\u0119dzie dotyczy\u0142a szeroko rozumianego prawa bankowego, finansowego i skarbowego oraz implikacji ekonomiczno \u2013 gospodarczych zwi\u0105zanych z has\u0142em g\u0142\u00f3wnym konferencji.<\/p>\n<p>Konferencja odb\u0119dzie si\u0119 dnia <strong>17 maja 2024 roku w Radomiu<\/strong> na Wydziale Prawa i Administracji Uniwersytetu Radomskiego im. Kazimierza Pu\u0142askiego.<br \/>\nProgram konferencji zak\u0142ada sesj\u0119 plenarn\u0105 oraz obrady w r\u00f3wnoleg\u0142ych sekcjach tematycznych.<\/p>\n<p>Szczeg\u00f3\u0142owy harmonogram konferencji Uczestnicy otrzymaj\u0105 drog\u0105 mailow\u0105 w ostatnim tygodniu kwietnia. Do udzia\u0142u w konferencji serdecznie zapraszamy Pracownik\u00f3w naukowych, Doktorant\u00f3w oraz ekspert\u00f3w z zakresu bankowo\u015bci centralnej.<\/p>\n<p>Organizatorzy przewiduj\u0105 <strong>op\u0142at\u0119 konferencyjn\u0105 w wysoko\u015bci 350 z\u0142<\/strong>. Op\u0142ata obejmuje udzia\u0142 w obradach i wyg\u0142oszenie referatu, certyfikat uczestnictwa, materia\u0142y konferencyjne, serwis kawowy w trakcie obrad oraz uroczysty obiad.<\/p>\n<p>Referaty prezentowane na konferencji zostan\u0105 opublikowane w czasopi\u015bmie \u201eRoczniki Nauk Prawnych KUL\u201d (zg\u0142oszenia publikacji na adres: <span style=\"text-decoration: underline;\">marzena.dyjakowska@kul.pl<\/span>) lub \u201ePrzegl\u0105d Prawno-Ekonomiczny\u201d (zg\u0142oszenia publikacji na adres: <span style=\"text-decoration: underline;\">artur.lis@kul.pl<\/span>). Warunkiem publikacji artyku\u0142u naukowego b\u0119dzie spe\u0142nienie przez autora wymog\u00f3w redakcyjnych oraz pozytywne opinie recenzent\u00f3w.<\/p>\n<p>Zg\u0142oszenia wraz z op\u0142at\u0105 konferencyjn\u0105 b\u0119d\u0105 przyjmowane <strong>do dnia 20 kwietnia 2024 r.<\/strong> na adres e-mail: <span style=\"text-decoration: underline;\">judyta.dworas-kulik@kul.pl<\/span>. W tym terminie nale\u017cy przes\u0142a\u0107 do Organizator\u00f3w formularz zg\u0142oszeniowy (<a href=\"https:\/\/us.edu.pl\/wydzial\/wpia\/wp-content\/uploads\/sites\/19\/Bez-kategorii\/formularz_dzieje_bankowosci_2024-2.doc\" class=\"mtli_attachment mtli_doc\" data-mtli=\"mtli_filesize40,50kB\" class=\"mtli_attachment mtli_doc\" data-mtli=\"mtli_filesize40,50kB\">plik<\/a>) oraz potwierdzenie dokonania op\u0142aty (PDF).<\/p>\n<p>Po otrzymaniu zg\u0142oszenia otrzymacie Pa\u0144stwo dalsze informacje.<\/p>\n<p>Dane do przelewu: Uniwersytet Radomski im. Kazimierza Pu\u0142askiego lub URad. ul. Malczewskiego 29, 26-600 Radom, BNP Paribas Bank Polska S.A.: 29 1750 1253 0000 0000 2074 0779 z dopiskiem: Konferencja bankowo\u015b\u0107 2024_imie i nazwisko uczestnika.<\/p>\n<p>Serdecznie zapraszamy!<\/p>\n<style type=\"text\/css\">a[data-mtli~=\"mtli_filesize40,50kB\"]:after {content:\" (40,50 kB)\"}<\/style><\/div>\r\n                    <\/div>\r\n                <\/div>[\/vc_column][\/vc_row]<\/p>\n<style type=\"text\/css\">a[data-mtli~=\"mtli_filesize40,50kB\"]:after {content:\" (40,50 kB)\"}<\/style>","protected":false},"excerpt":{"rendered":"<p>[vc_row][vc_column][\/vc_column][\/vc_row] [&#8230;]<\/p>\n<p><a class=\"btn btn-secondary understrap-read-more-link\" href=\"https:\/\/us.edu.pl\/wydzial\/wpia\/2024\/04\/03\/iv-ogolnopolska-konferencja-naukowa-pt-z-dziejow-bankowosci-w-setna-rocznice-powstania-banku-polskiego-s-a-2\/\">Read More&#8230;<\/a><\/p>\n","protected":false},"author":6156,"featured_media":169802,"comment_status":"open","ping_status":"open","sticky":false,"template":"","format":"standard","meta":{"_expiration-date-status":"","_expiration-date":0,"_expiration-date-type":"","_expiration-date-categories":[],"_expiration-date-options":[]},"categories":[46],"tags":[],"acf":[],"_links":{"self":[{"href":"https:\/\/us.edu.pl\/wydzial\/wpia\/wp-json\/wp\/v2\/posts\/169799"}],"collection":[{"href":"https:\/\/us.edu.pl\/wydzial\/wpia\/wp-json\/wp\/v2\/posts"}],"about":[{"href":"https:\/\/us.edu.pl\/wydzial\/wpia\/wp-json\/wp\/v2\/types\/post"}],"author":[{"embeddable":true,"href":"https:\/\/us.edu.pl\/wydzial\/wpia\/wp-json\/wp\/v2\/users\/6156"}],"replies":[{"embeddable":true,"href":"https:\/\/us.edu.pl\/wydzial\/wpia\/wp-json\/wp\/v2\/comments?post=169799"}],"version-history":[{"count":1,"href":"https:\/\/us.edu.pl\/wydzial\/wpia\/wp-json\/wp\/v2\/posts\/169799\/revisions"}],"predecessor-version":[{"id":169803,"href":"https:\/\/us.edu.pl\/wydzial\/wpia\/wp-json\/wp\/v2\/posts\/169799\/revisions\/169803"}],"wp:featuredmedia":[{"embeddable":true,"href":"https:\/\/us.edu.pl\/wydzial\/wpia\/wp-json\/wp\/v2\/media\/169802"}],"wp:attachment":[{"href":"https:\/\/us.edu.pl\/wydzial\/wpia\/wp-json\/wp\/v2\/media?parent=169799"}],"wp:term":[{"taxonomy":"category","embeddable":true,"href":"https:\/\/us.edu.pl\/wydzial\/wpia\/wp-json\/wp\/v2\/categories?post=169799"},{"taxonomy":"post_tag","embeddable":true,"href":"https:\/\/us.edu.pl\/wydzial\/wpia\/wp-json\/wp\/v2\/tags?post=169799"}],"curies":[{"name":"wp","href":"https:\/\/api.w.org\/{rel}","templated":true}]}}