{"id":169837,"date":"2024-04-04T09:28:12","date_gmt":"2024-04-04T07:28:12","guid":{"rendered":"https:\/\/us.edu.pl\/wydzial\/wpia\/?p=169837"},"modified":"2024-04-17T10:29:46","modified_gmt":"2024-04-17T08:29:46","slug":"prof-krystian-markiewicz-przewodniczacym-komisji-kodyfikacyjnej","status":"publish","type":"post","link":"https:\/\/us.edu.pl\/wydzial\/wpia\/2024\/04\/04\/prof-krystian-markiewicz-przewodniczacym-komisji-kodyfikacyjnej\/","title":{"rendered":"Prof. Krystian Markiewicz przewodnicz\u0105cym Komisji Kodyfikacyjnej Ustroju S\u0105downictwa i Prokuratury"},"content":{"rendered":"<p>Z dum\u0105 informujemy, \u017ce na wniosek Ministra Sprawiedliwo\u015bci Adama Bodnara Premier Donald Tusk z dniem 28 marca 2024 powo\u0142a\u0142 dr hab. Krystiana Markiewicza, prof. U\u015a na Przewodnicz\u0105cego Komisji Kodyfikacyjne\u0135 Ustroju S\u0105downictwa i Prokuratury.<\/p>\n<p>Serdecznie gratulujemy!<\/p>","protected":false},"excerpt":{"rendered":"<p>Z dum\u0105 informujemy, \u017ce na wniosek Ministra Sprawiedliwo\u015bci Adama Bodnara Premier Donald Tusk z dniem 28 marca 2024 powo\u0142a\u0142 dr hab. Krystiana Markiewicza, prof. U\u015a na Przewodnicz\u0105cego Komisji Kodyfikacyjne\u0135 Ustroju S\u0105downictwa i Prokuratury. Serdecznie gratulujemy! [&#8230;]<\/p>\n<p><a class=\"btn btn-secondary understrap-read-more-link\" href=\"https:\/\/us.edu.pl\/wydzial\/wpia\/2024\/04\/04\/prof-krystian-markiewicz-przewodniczacym-komisji-kodyfikacyjnej\/\">Read More&#8230;<\/a><\/p>\n","protected":false},"author":899,"featured_media":169838,"comment_status":"open","ping_status":"open","sticky":false,"template":"","format":"standard","meta":{"_expiration-date-status":"","_expiration-date":0,"_expiration-date-type":"","_expiration-date-categories":[],"_expiration-date-options":[]},"categories":[39],"tags":[],"acf":[],"_links":{"self":[{"href":"https:\/\/us.edu.pl\/wydzial\/wpia\/wp-json\/wp\/v2\/posts\/169837"}],"collection":[{"href":"https:\/\/us.edu.pl\/wydzial\/wpia\/wp-json\/wp\/v2\/posts"}],"about":[{"href":"https:\/\/us.edu.pl\/wydzial\/wpia\/wp-json\/wp\/v2\/types\/post"}],"author":[{"embeddable":true,"href":"https:\/\/us.edu.pl\/wydzial\/wpia\/wp-json\/wp\/v2\/users\/899"}],"replies":[{"embeddable":true,"href":"https:\/\/us.edu.pl\/wydzial\/wpia\/wp-json\/wp\/v2\/comments?post=169837"}],"version-history":[{"count":2,"href":"https:\/\/us.edu.pl\/wydzial\/wpia\/wp-json\/wp\/v2\/posts\/169837\/revisions"}],"predecessor-version":[{"id":170140,"href":"https:\/\/us.edu.pl\/wydzial\/wpia\/wp-json\/wp\/v2\/posts\/169837\/revisions\/170140"}],"wp:featuredmedia":[{"embeddable":true,"href":"https:\/\/us.edu.pl\/wydzial\/wpia\/wp-json\/wp\/v2\/media\/169838"}],"wp:attachment":[{"href":"https:\/\/us.edu.pl\/wydzial\/wpia\/wp-json\/wp\/v2\/media?parent=169837"}],"wp:term":[{"taxonomy":"category","embeddable":true,"href":"https:\/\/us.edu.pl\/wydzial\/wpia\/wp-json\/wp\/v2\/categories?post=169837"},{"taxonomy":"post_tag","embeddable":true,"href":"https:\/\/us.edu.pl\/wydzial\/wpia\/wp-json\/wp\/v2\/tags?post=169837"}],"curies":[{"name":"wp","href":"https:\/\/api.w.org\/{rel}","templated":true}]}}