{"id":171868,"date":"2024-07-11T12:15:50","date_gmt":"2024-07-11T10:15:50","guid":{"rendered":"https:\/\/us.edu.pl\/wydzial\/wpia\/?p=171868"},"modified":"2024-07-11T12:15:50","modified_gmt":"2024-07-11T10:15:50","slug":"platne-staze-w-noyb-european-center-for-digital-rights-w-austrii-2","status":"publish","type":"post","link":"https:\/\/us.edu.pl\/wydzial\/wpia\/2024\/07\/11\/platne-staze-w-noyb-european-center-for-digital-rights-w-austrii-2\/","title":{"rendered":"P\u0142atne sta\u017ce w NOYB \u2013 European Center for Digital Rights w Austrii"},"content":{"rendered":"<p>[vc_row][vc_column]\r\n                <div class=\"text-modules\">\r\n                    <div class=\"container\">\r\n                        \r\n                        <div class=\"text-modules__content\"><p>Szanowni Pa\u0144stwo,<\/p>\n<p><strong>NOYB \u2013 European Center for Digital Rights<\/strong>\u00a0organizacja non-profit z siedzib\u0105 w Wiedniu w Austrii,\u00a0<strong>poszukuje ch\u0119tnych do odbycia 4-6 miesi\u0119cznych sta\u017cy.<\/strong>\u00a0Sta\u017ce s\u0105 odp\u0142atne (to sta\u017cysta otrzyma wynagrodzenie). Mo\u017cliwo\u015b\u0107 rozpocz\u0119cia sta\u017cu ju\u017c od wrze\u015bnia\/pa\u017adziernika 2024 roku.<\/p>\n<p>Organizacja zosta\u0142a za\u0142o\u017cona przez Maxa Schremsa w celu prowadzenia strategicznych post\u0119powa\u0144 s\u0105dowych w dziedzinie ochrony danych osobowych i prywatno\u015bci informacyjnej.\u00a0Nieustannie poszukuje sta\u017cyst\u00f3w, kt\u00f3rzy wespr\u0105\u00a0 prac\u0119 w zakresie egzekwowania przepis\u00f3w RODO.<\/p>\n<p>Organizacja koncentruje si\u0119 na strategicznych sporach s\u0105dowych w sprawach dotycz\u0105cych prywatno\u015bci w sektorze prywatnym. Og\u00f3lnoeuropejskie podej\u015bcie i wsp\u00f3\u0142praca z innymi organizacjami i grupami s\u0105 kluczowymi elementami pracy.<\/p>\n<p>Praca tej organizacji ma bezpo\u015bredni wp\u0142yw prawny na podmioty kt\u00f3rych dane dotycz\u0105, zach\u0119ca do nowatorskiego i innowacyjnego podej\u015bcia do post\u0119powa\u0144 s\u0105dowych dotycz\u0105cych prywatno\u015bci.<\/p>\n<p>Ka\u017cdy sta\u017cysta zostanie odpowiednio wdro\u017cony przez reszt\u0119 zespo\u0142u kt\u00f3ry b\u0119dzie dzieli\u0107 si\u0119 wiedz\u0105 i do\u015bwiadczeniem.<\/p>\n<p>Nale\u017cy pami\u0119ta\u0107, \u017ce zgodnie z obowi\u0105zuj\u0105cym prawem austriackim sta\u017cy\u015bci nie mog\u0105 pracowa\u0107 zdalnie, wobec czego nie ma mo\u017cliwo\u015bci odbycia sta\u017cy zdalnych czy hybrydowych.<\/p>\n<p>Ze wzgl\u0119du na wymogi prawne sta\u017ce mog\u0105 by\u0107 oferowane\u00a0<strong>tylko obywatelom EOG<\/strong>\u00a0(Europejski Obszar Gospodarczy \u2013 strefa wolnego handlu i wsp\u00f3lny rynek, obejmuj\u0105ce pa\u0144stwa Unii Europejskiej i Europejskiego Stowarzyszenia Wolnego Handlu z wyj\u0105tkiem Szwajcarii).<\/p>\n<p><strong>Co oferuje NOYB?<\/strong><\/p>\n<ul>\n<li>Projekty, kt\u00f3re mog\u0105 zmieni\u0107 oblicze prawa,<\/li>\n<li>Mi\u0119dzynarodowe \u015brodowisko i prawdziwie proeuropejski zesp\u00f3\u0142,<\/li>\n<li>Elastyczne godziny pracy,<\/li>\n<li>Otwart\u0105 i przyjazn\u0105 atmosfer\u0119.<\/li>\n<\/ul>\n<p><strong>G\u0142\u00f3wne zadania:<\/strong><\/p>\n<ul>\n<li>Zarz\u0105dzanie i pisanie dla GDPRhub.eu (publiczna strona wiki na temat RODO),<\/li>\n<li>Pisanie dla GDPRtoday (wewn\u0119trzny newsletter),<\/li>\n<li>Dochodzenia rzeczowe i badania prawne,<\/li>\n<li>Podstawowe porady prawne dla cz\u0142onk\u00f3w organizacji,<\/li>\n<li>Przygotowywanie wniosk\u00f3w prawnych,<\/li>\n<li>Prezentacje,<\/li>\n<li>T\u0142umaczenia dokument\u00f3w, zw\u0142aszcza dla stron internetowych organizacji,<\/li>\n<li>Mo\u017cliwo\u015b\u0107 badania, zarz\u0105dzania i sk\u0142adania w\u0142asnej skargi RODO,<\/li>\n<li>Wsparcie prawne dla reszty zespo\u0142u w bie\u017c\u0105cych projektach.<\/li>\n<\/ul>\n<p><strong>Najwa\u017cniejsze fakty i korzy\u015bci:<\/strong><\/p>\n<ul>\n<li>Bezp\u0142atne cz\u0142onkostwo w Noyb,<\/li>\n<li>Wynagrodzenie w wysoko\u015bci 30 euro za dzie\u0144 pracy,<\/li>\n<li>Koszt podstawowego zakwaterowania w Wiedniu (wsp\u00f3lne mieszkanie) do 500 euro\/miesi\u0105c,<\/li>\n<li>Wsparcie finansowe na podr\u00f3\u017ce do Wiednia,<\/li>\n<li>Bilety transportu publicznego do Wiednia,<\/li>\n<li>Tydzie\u0144 pracy oko\u0142o 40h\/tydzie\u0144 (z elastyczno\u015bci\u0105 w odniesieniu do ca\u0142o\u015bci),<\/li>\n<li>Czas trwania: 4-6 miesi\u0119cy,<\/li>\n<li>Kolejne oferty pracy s\u0105 dost\u0119pne od wrze\u015bnia 2024 roku (wcze\u015bniejsze rozpocz\u0119cie pracy nie jest mo\u017cliwe).<\/li>\n<\/ul>\n<p><strong>Wymagania:<\/strong><\/p>\n<ul>\n<li>Znajomo\u015b\u0107 prawa dotycz\u0105cego prywatno\u015bci i ochrony danych,<\/li>\n<li>Dyplom prawa uzyskany na uniwersytecie w EOG lub odpowiednie wykszta\u0142cenie w zakresie prawa UE lub RODO,<\/li>\n<li>Solidne zrozumienie RODO i prawa UED doskona\u0142a znajomo\u015b\u0107 prawniczego j\u0119zyka angielskiego (angielski jest naszym j\u0119zykiem roboczym),<\/li>\n<li>Doskona\u0142a znajomo\u015b\u0107 co najmniej jednego j\u0119zyka urz\u0119dowego EOG opr\u00f3cz j\u0119zyka angielskiego (B2\/C1 lub wy\u017cszy \u2013 umiej\u0119tno\u015b\u0107 pisania\/czytania tekst\u00f3w prawnych),<\/li>\n<li>Mile widziane znajomo\u015b\u0107 dodatkowych j\u0119zyk\u00f3w EOG,<\/li>\n<li>Praktyczne podej\u015bcie do pracy,<\/li>\n<li>Zdolno\u015b\u0107 do samodzielnego zarz\u0105dzania i pracy w mi\u0119dzynarodowym zespole,<\/li>\n<li>Brak konfliktu interes\u00f3w.<\/li>\n<\/ul>\n<p><strong>Aplikacja powinna zawiera\u0107:<\/strong><\/p>\n<ul>\n<li>\u017byciorys,<\/li>\n<li>Kr\u00f3tki list motywacyjny okre\u015blaj\u0105cy (maks. 400 s\u0142\u00f3w).<\/li>\n<\/ul>\n<p>Aplikowa\u0107 mo\u017cna za po\u015brednictwem formularza znajduj\u0105cego si\u0119\u00a0<a href=\"https:\/\/survey.noyb.eu\/index.php?r=survey\/index&amp;sid=526554&amp;newtest=Y&amp;lang=en\">tutaj<\/a>.<\/p>\n<\/div>\r\n                    <\/div>\r\n                <\/div>[\/vc_column][\/vc_row]<\/p>","protected":false},"excerpt":{"rendered":"<p>[vc_row][vc_column][\/vc_column][\/vc_row] [&#8230;]<\/p>\n<p><a class=\"btn btn-secondary understrap-read-more-link\" href=\"https:\/\/us.edu.pl\/wydzial\/wpia\/2024\/07\/11\/platne-staze-w-noyb-european-center-for-digital-rights-w-austrii-2\/\">Read More&#8230;<\/a><\/p>\n","protected":false},"author":6156,"featured_media":171860,"comment_status":"open","ping_status":"open","sticky":false,"template":"","format":"standard","meta":{"_expiration-date-status":"","_expiration-date":0,"_expiration-date-type":"","_expiration-date-categories":[],"_expiration-date-options":[]},"categories":[39],"tags":[],"acf":[],"_links":{"self":[{"href":"https:\/\/us.edu.pl\/wydzial\/wpia\/wp-json\/wp\/v2\/posts\/171868"}],"collection":[{"href":"https:\/\/us.edu.pl\/wydzial\/wpia\/wp-json\/wp\/v2\/posts"}],"about":[{"href":"https:\/\/us.edu.pl\/wydzial\/wpia\/wp-json\/wp\/v2\/types\/post"}],"author":[{"embeddable":true,"href":"https:\/\/us.edu.pl\/wydzial\/wpia\/wp-json\/wp\/v2\/users\/6156"}],"replies":[{"embeddable":true,"href":"https:\/\/us.edu.pl\/wydzial\/wpia\/wp-json\/wp\/v2\/comments?post=171868"}],"version-history":[{"count":1,"href":"https:\/\/us.edu.pl\/wydzial\/wpia\/wp-json\/wp\/v2\/posts\/171868\/revisions"}],"predecessor-version":[{"id":171869,"href":"https:\/\/us.edu.pl\/wydzial\/wpia\/wp-json\/wp\/v2\/posts\/171868\/revisions\/171869"}],"wp:featuredmedia":[{"embeddable":true,"href":"https:\/\/us.edu.pl\/wydzial\/wpia\/wp-json\/wp\/v2\/media\/171860"}],"wp:attachment":[{"href":"https:\/\/us.edu.pl\/wydzial\/wpia\/wp-json\/wp\/v2\/media?parent=171868"}],"wp:term":[{"taxonomy":"category","embeddable":true,"href":"https:\/\/us.edu.pl\/wydzial\/wpia\/wp-json\/wp\/v2\/categories?post=171868"},{"taxonomy":"post_tag","embeddable":true,"href":"https:\/\/us.edu.pl\/wydzial\/wpia\/wp-json\/wp\/v2\/tags?post=171868"}],"curies":[{"name":"wp","href":"https:\/\/api.w.org\/{rel}","templated":true}]}}