{"id":177586,"date":"2024-11-25T13:52:47","date_gmt":"2024-11-25T12:52:47","guid":{"rendered":"https:\/\/us.edu.pl\/wydzial\/wpia\/?p=177586"},"modified":"2024-11-25T13:52:47","modified_gmt":"2024-11-25T12:52:47","slug":"xv-warszawskie-seminarium-praw-czlowieka","status":"publish","type":"post","link":"https:\/\/us.edu.pl\/wydzial\/wpia\/2024\/11\/25\/xv-warszawskie-seminarium-praw-czlowieka\/","title":{"rendered":"XV Warszawskie Seminarium Praw Cz\u0142owieka"},"content":{"rendered":"<p>[vc_row][vc_column]\r\n                <div class=\"text-modules\">\r\n                    <div class=\"container\">\r\n                        \r\n                        <div class=\"text-modules__content\"><p><span style=\"color: #000080;\"><strong>Ministerstwo Spraw Zagranicznych<\/strong><\/span> serdecznie zaprasza na <strong>XV Warszawskie Seminarium Praw Cz\u0142owieka<\/strong>, kt\u00f3re odb\u0119dzie si\u0119<strong> 10 grudnia 2024 roku<\/strong> w hotelu <strong>Warsaw Presidential<\/strong> (Al. Jerozolimskie 65\/79, Warszawa)<\/p>\n<p>Tegoroczna edycja b\u0119dzie po\u015bwi\u0119cona <strong><em>Roli Europejskiej Konwencji Praw Cz\u0142owieka i Europejskiego Trybuna\u0142u Praw Cz\u0142owieka we wzmacnianiu instytucji demokratycznych<\/em><\/strong>. Go\u015bciem specjalnym konferencji b\u0119dzie Prezes Europejskiego Trybuna\u0142u Praw Cz\u0142owieka, Pan Marko Bo\u0161njak.<\/p>\n<p>W 75-rocznic\u0119 utworzenia Rady Europy i w 65-rocznic\u0119 rozpocz\u0119cia dzia\u0142alno\u015bci przez Europejski Trybuna\u0142 Praw Cz\u0142owieka, seminarium stanowi\u0107 b\u0119dzie okazj\u0119 do przypomnienia i przedyskutowania, z\u00a0udzia\u0142em prelegent\u00f3w z Polski i zagranicy, standard\u00f3w wynikaj\u0105cych z Konwencji i orzecznictwa Trybuna\u0142u, maj\u0105cych znaczenie dla funkcjonowania instytucji demokratycznych.<\/p>\n<p>Dyskusja odb\u0119dzie si\u0119 w ramach nast\u0119puj\u0105cych czterech paneli tematycznych:<\/p>\n<p><strong>I. Rola niezale\u017cnego s\u0105downictwa jako kluczowego komponentu ustroju demokratycznego <\/strong>\u2013 gwarancje niezale\u017cno\u015bci s\u0105downictwa, nadz\u00f3r nad innymi organami w\u0142adzy (np. wykonawczej i s\u0142u\u017cbami pa\u0144stwowymi), rozwijanie prawa dost\u0119pu do s\u0105du i drogi odwo\u0142awczej, w tym analiza obszar\u00f3w wymagaj\u0105cych dalszego uregulowania, rola s\u0105downictwa jako podmiotu uczestnicz\u0105cego w demokratycznym procesie wa\u017cenia praw i interes\u00f3w.<\/p>\n<p><strong>II. Gwarancje demokratycznego procesu tworzenia prawa<\/strong> \u2013 zapewnianie zgodno\u015bci prawa i praktyki jego tworzenia ze standardami Konwencji, w tym zapewnianie zgodno\u015bci projekt\u00f3w ustaw z tymi standardami (m.in. aspekty takie jak: wa\u017cenie praw i interes\u00f3w, zasada subsydiarno\u015bci i marginesu oceny), gwarancje prawa do wolnych wybor\u00f3w, poszanowanie autonomii parlament\u00f3w, a jednocze\u015bnie rzetelno\u015b\u0107 i zgodno\u015b\u0107 z Konwencj\u0105 procedur parlamentarnych, je\u015bli decyzje organ\u00f3w parlamentu wp\u0142ywaj\u0105 na prawa i obowi\u0105zki parlamentarzyst\u00f3w lub\u00a0obywateli, oraz uregulowania dotycz\u0105ce funkcjonowania partii politycznych (tworzenie, finansowanie itp.).<\/p>\n<p><strong>III. Udzia\u0142 spo\u0142ecze\u0144stwa w funkcjonowaniu demokracji<\/strong> \u2013 gwarancyjna rola spo\u0142ecze\u0144stwa obywatelskiego i organizacji pozarz\u0105dowych jako str\u00f3\u017ca spo\u0142ecznego (<em>social watchdog<\/em>), dost\u0119p do\u00a0informacji na temat spraw publicznych, ochrona niezale\u017cno\u015bci i warunk\u00f3w dzia\u0142ania zawod\u00f3w prawniczych oraz ich rola w zapewnianiu zgodno\u015bci z prawami cz\u0142owieka, wolno\u015b\u0107 zgromadze\u0144 (jej\u00a0znaczenie, gwarancje, granice, w tym w kontek\u015bcie kontrzgromadze\u0144 i praw innych os\u00f3b).<\/p>\n<p><strong>IV. Gwarancje demokratycznej debaty publicznej<\/strong> \u2013 wolno\u015b\u0107 wyra\u017cania opinii w debacie publicznej i\u00a0politycznej, mowa nienawi\u015bci, dezinformacja i litygacja strategiczna jako rosn\u0105ce zagro\u017cenia dla debaty demokratycznej, dost\u0119p uczestnik\u00f3w proces\u00f3w demokratycznych i aktor\u00f3w politycznych do medi\u00f3w publicznych, gwarancyjna rola medi\u00f3w w\u00a0odniesieniu do demokracji i praw cz\u0142owieka.<\/p>\n<p>Szczeg\u00f3\u0142owy plan seminarium zosta\u0142 zawarty w za\u0142\u0105czniku.<\/p>\n<p>Osoby zainteresowane udzia\u0142em w konferencji prosimy o wype\u0142nienie <strong>formularza rejestracyjnego<\/strong> znajduj\u0105cego si\u0119 w za\u0142\u0105czniku\u00a0i odes\u0142anie go na adres: <a href=\"mailto:dpt.warsaw.seminar@msz.gov.pl\">dpt.warsaw.seminar@msz.gov.pl<\/a> do dnia <strong>28 listopada 2024 roku<\/strong>.<\/p>\n<p><a href=\"https:\/\/us.edu.pl\/wydzial\/wpia\/wp-content\/uploads\/sites\/19\/Bez-kategorii\/formularz-zgloszeniowy.pdf\" class=\"mtli_attachment mtli_pdf\" data-mtli=\"mtli_filesize506,69kB\" class=\"mtli_attachment mtli_pdf\" data-mtli=\"mtli_filesize506,69kB\">formularz zg\u0142oszeniowy<\/a><br \/>\n<a href=\"https:\/\/us.edu.pl\/wydzial\/wpia\/wp-content\/uploads\/sites\/19\/Bez-kategorii\/program-XV-Warszawskiego-Seminarium-Praw-Czlowieka-10.12.2024.pdf\" class=\"mtli_attachment mtli_pdf\" data-mtli=\"mtli_filesize343,51kB\" class=\"mtli_attachment mtli_pdf\" data-mtli=\"mtli_filesize343,51kB\">program XV Warszawskiego Seminarium Praw Cz\u0142owieka 10.12.2024<\/a><\/p>\n<style type=\"text\/css\">a[data-mtli~=\"mtli_filesize506,69kB\"]:after {content:\" (506,69 kB)\"}a[data-mtli~=\"mtli_filesize343,51kB\"]:after {content:\" (343,51 kB)\"}<\/style><\/div>\r\n                    <\/div>\r\n                <\/div>[\/vc_column][\/vc_row]<\/p>\n<style type=\"text\/css\">a[data-mtli~=\"mtli_filesize506,69kB\"]:after {content:\" (506,69 kB)\"}a[data-mtli~=\"mtli_filesize343,51kB\"]:after {content:\" (343,51 kB)\"}<\/style>","protected":false},"excerpt":{"rendered":"<p>[vc_row][vc_column][\/vc_column][\/vc_row] [&#8230;]<\/p>\n<p><a class=\"btn btn-secondary understrap-read-more-link\" href=\"https:\/\/us.edu.pl\/wydzial\/wpia\/2024\/11\/25\/xv-warszawskie-seminarium-praw-czlowieka\/\">Read More&#8230;<\/a><\/p>\n","protected":false},"author":6981,"featured_media":177592,"comment_status":"open","ping_status":"open","sticky":false,"template":"","format":"standard","meta":{"_expiration-date-status":"","_expiration-date":0,"_expiration-date-type":"","_expiration-date-categories":[],"_expiration-date-options":[]},"categories":[46],"tags":[],"acf":[],"_links":{"self":[{"href":"https:\/\/us.edu.pl\/wydzial\/wpia\/wp-json\/wp\/v2\/posts\/177586"}],"collection":[{"href":"https:\/\/us.edu.pl\/wydzial\/wpia\/wp-json\/wp\/v2\/posts"}],"about":[{"href":"https:\/\/us.edu.pl\/wydzial\/wpia\/wp-json\/wp\/v2\/types\/post"}],"author":[{"embeddable":true,"href":"https:\/\/us.edu.pl\/wydzial\/wpia\/wp-json\/wp\/v2\/users\/6981"}],"replies":[{"embeddable":true,"href":"https:\/\/us.edu.pl\/wydzial\/wpia\/wp-json\/wp\/v2\/comments?post=177586"}],"version-history":[{"count":1,"href":"https:\/\/us.edu.pl\/wydzial\/wpia\/wp-json\/wp\/v2\/posts\/177586\/revisions"}],"predecessor-version":[{"id":177596,"href":"https:\/\/us.edu.pl\/wydzial\/wpia\/wp-json\/wp\/v2\/posts\/177586\/revisions\/177596"}],"wp:featuredmedia":[{"embeddable":true,"href":"https:\/\/us.edu.pl\/wydzial\/wpia\/wp-json\/wp\/v2\/media\/177592"}],"wp:attachment":[{"href":"https:\/\/us.edu.pl\/wydzial\/wpia\/wp-json\/wp\/v2\/media?parent=177586"}],"wp:term":[{"taxonomy":"category","embeddable":true,"href":"https:\/\/us.edu.pl\/wydzial\/wpia\/wp-json\/wp\/v2\/categories?post=177586"},{"taxonomy":"post_tag","embeddable":true,"href":"https:\/\/us.edu.pl\/wydzial\/wpia\/wp-json\/wp\/v2\/tags?post=177586"}],"curies":[{"name":"wp","href":"https:\/\/api.w.org\/{rel}","templated":true}]}}