{"id":185131,"date":"2025-03-20T13:58:15","date_gmt":"2025-03-20T12:58:15","guid":{"rendered":"https:\/\/us.edu.pl\/wydzial\/wpia\/?p=185131"},"modified":"2025-03-20T13:49:34","modified_gmt":"2025-03-20T11:49:34","slug":"dr-hab-joanna-nowakowska-malusecka-prof-us-oraz-dr-malgorzata-myl-chojnacka-uczestniczkami-11th-annual-conference-on-genocide-and-human-rights","status":"publish","type":"post","link":"https:\/\/us.edu.pl\/wydzial\/wpia\/2025\/03\/20\/dr-hab-joanna-nowakowska-malusecka-prof-us-oraz-dr-malgorzata-myl-chojnacka-uczestniczkami-11th-annual-conference-on-genocide-and-human-rights\/","title":{"rendered":"dr hab. Joanna Nowakowska-Ma\u0142usecka, prof. U\u015a oraz dr Ma\u0142gorzata Myl-Chojnacka uczestniczkami 11th Annual Conference on Genocide and Human Rights"},"content":{"rendered":"<p>[vc_row][vc_column]\r\n                <div class=\"text-modules \">\r\n                    <div class=\"container\">\r\n                         \r\n                        <div class=\"row m-0\">\r\n                            <div class=\"text-modules__content\">\r\n                                <\/p>\n<p style=\"text-align: justify;\">W dniach 5-7 marca 2025 roku w Chicago (USA) odby\u0142a si\u0119 presti\u017cowa mi\u0119dzynarodowa konferencja \u2013 <strong>11th Annual Conference on Genocide and Human Rights<\/strong> organizowana przez Center for Genocide and Human Rights Research in Africa and the Diaspora na Northeastern University of Illinois, w kt\u00f3rej uczestniczyli wybitni specjali\u015bci r\u00f3\u017cnych dziedzin zajmuj\u0105cy si\u0119 tytu\u0142ow\u0105 problematyk\u0105. W konferencji tej aktywny udzia\u0142 wzi\u0119\u0142y <span style=\"color: #000080;\"><strong>dr hab. Joanna Nowakowska-Ma\u0142usecka<\/strong><strong>, prof. U\u015a<\/strong><\/span> oraz <span style=\"color: #000080;\"><strong>dr Ma\u0142gorzata Myl-Chojnacka<\/strong><\/span>.<\/p>\n<p style=\"text-align: justify;\">W panelu <em>Restorative Justice as an International Process<\/em> Prof. Joanna Nowakowska-Ma\u0142usecka wyg\u0142osi\u0142a referat pt. &#8222;<em>Restorative Justice for Victims of Sexual and Gender-Based Violence&#8221;<\/em>. Natomiast w Panelu <em>Restorative Justice on the Ground<\/em> dr M. Myl-Chojnacka przedstawi\u0142a zagadnienia zatytu\u0142owane &#8222;<em>Bosnia nad Herzegovina: 30 Years After Genocide \u2013 Between Expectations and (Im)possibilities&#8221;<\/em>.<\/p>\n<div class=\"mt-3\"><\/div>\r\n                            <\/div>\r\n                            \r\n                            \r\n                        <\/div>\r\n                    <\/div>\r\n                <\/div>[\/vc_column][\/vc_row][vc_row][vc_column]            \r\n                    <div class=\"container\">\r\n                        <div class=\"gallery gallery_4\" data-images-in-row=\"4\">\r\n                            \r\n                            <div class=\"row m-0\">\r\n                                <a data-fancybox-group=\"button\" title=\"\" data-fancybox=\"9724\" href=\"https:\/\/us.edu.pl\/wydzial\/wpia\/wp-content\/uploads\/sites\/19\/Bez-kategorii\/IMG-20250307-WA0040.jpg\" class=\"gallery__item thumbnail\"\r\n                                    style=\"background-image: url(https:\/\/us.edu.pl\/wydzial\/wpia\/wp-content\/uploads\/sites\/19\/Bez-kategorii\/IMG-20250307-WA0040-768x1024.jpg)\"> <span class=\"d-none\">https:\/\/us.edu.pl\/wydzial\/wpia\/wp-content\/uploads\/sites\/19\/Bez-kategorii\/IMG-20250307-WA0040.jpg<\/span> <\/a><a data-fancybox-group=\"button\" title=\"\" data-fancybox=\"9724\" href=\"https:\/\/us.edu.pl\/wydzial\/wpia\/wp-content\/uploads\/sites\/19\/Bez-kategorii\/20250307_143103-scaled.jpg\" class=\"gallery__item thumbnail\"\r\n                                    style=\"background-image: url(https:\/\/us.edu.pl\/wydzial\/wpia\/wp-content\/uploads\/sites\/19\/Bez-kategorii\/20250307_143103-1024x768.jpg)\"> <span class=\"d-none\">https:\/\/us.edu.pl\/wydzial\/wpia\/wp-content\/uploads\/sites\/19\/Bez-kategorii\/20250307_143103-scaled.jpg<\/span> <\/a><a data-fancybox-group=\"button\" title=\"\" data-fancybox=\"9724\" href=\"https:\/\/us.edu.pl\/wydzial\/wpia\/wp-content\/uploads\/sites\/19\/Bez-kategorii\/IMG-20250307-WA0036.jpg\" class=\"gallery__item thumbnail\"\r\n                                    style=\"background-image: url(https:\/\/us.edu.pl\/wydzial\/wpia\/wp-content\/uploads\/sites\/19\/Bez-kategorii\/IMG-20250307-WA0036-768x1024.jpg)\"> <span class=\"d-none\">https:\/\/us.edu.pl\/wydzial\/wpia\/wp-content\/uploads\/sites\/19\/Bez-kategorii\/IMG-20250307-WA0036.jpg<\/span> <\/a><a data-fancybox-group=\"button\" title=\"\" data-fancybox=\"9724\" href=\"https:\/\/us.edu.pl\/wydzial\/wpia\/wp-content\/uploads\/sites\/19\/Bez-kategorii\/20250307_151833-scaled.jpg\" class=\"gallery__item thumbnail\"\r\n                                    style=\"background-image: url(https:\/\/us.edu.pl\/wydzial\/wpia\/wp-content\/uploads\/sites\/19\/Bez-kategorii\/20250307_151833-768x1024.jpg)\"> <span class=\"d-none\">https:\/\/us.edu.pl\/wydzial\/wpia\/wp-content\/uploads\/sites\/19\/Bez-kategorii\/20250307_151833-scaled.jpg<\/span> <\/a>\r\n                            <\/div>\r\n                    <\/div>\r\n                <\/div>[\/vc_column][\/vc_row]<\/p>","protected":false},"excerpt":{"rendered":"<p>[vc_row][vc_column][\/vc_column][\/vc_row][vc_row][vc_column][\/vc_column][\/vc_row] [&#8230;]<\/p>\n<p><a class=\"btn btn-secondary understrap-read-more-link\" href=\"https:\/\/us.edu.pl\/wydzial\/wpia\/2025\/03\/20\/dr-hab-joanna-nowakowska-malusecka-prof-us-oraz-dr-malgorzata-myl-chojnacka-uczestniczkami-11th-annual-conference-on-genocide-and-human-rights\/\">Read More&#8230;<\/a><\/p>\n","protected":false},"author":6981,"featured_media":185148,"comment_status":"open","ping_status":"open","sticky":false,"template":"","format":"standard","meta":{"_expiration-date-status":"","_expiration-date":0,"_expiration-date-type":"","_expiration-date-categories":[],"_expiration-date-options":[]},"categories":[39],"tags":[],"acf":[],"_links":{"self":[{"href":"https:\/\/us.edu.pl\/wydzial\/wpia\/wp-json\/wp\/v2\/posts\/185131"}],"collection":[{"href":"https:\/\/us.edu.pl\/wydzial\/wpia\/wp-json\/wp\/v2\/posts"}],"about":[{"href":"https:\/\/us.edu.pl\/wydzial\/wpia\/wp-json\/wp\/v2\/types\/post"}],"author":[{"embeddable":true,"href":"https:\/\/us.edu.pl\/wydzial\/wpia\/wp-json\/wp\/v2\/users\/6981"}],"replies":[{"embeddable":true,"href":"https:\/\/us.edu.pl\/wydzial\/wpia\/wp-json\/wp\/v2\/comments?post=185131"}],"version-history":[{"count":2,"href":"https:\/\/us.edu.pl\/wydzial\/wpia\/wp-json\/wp\/v2\/posts\/185131\/revisions"}],"predecessor-version":[{"id":185154,"href":"https:\/\/us.edu.pl\/wydzial\/wpia\/wp-json\/wp\/v2\/posts\/185131\/revisions\/185154"}],"wp:featuredmedia":[{"embeddable":true,"href":"https:\/\/us.edu.pl\/wydzial\/wpia\/wp-json\/wp\/v2\/media\/185148"}],"wp:attachment":[{"href":"https:\/\/us.edu.pl\/wydzial\/wpia\/wp-json\/wp\/v2\/media?parent=185131"}],"wp:term":[{"taxonomy":"category","embeddable":true,"href":"https:\/\/us.edu.pl\/wydzial\/wpia\/wp-json\/wp\/v2\/categories?post=185131"},{"taxonomy":"post_tag","embeddable":true,"href":"https:\/\/us.edu.pl\/wydzial\/wpia\/wp-json\/wp\/v2\/tags?post=185131"}],"curies":[{"name":"wp","href":"https:\/\/api.w.org\/{rel}","templated":true}]}}