{"id":189964,"date":"2025-06-05T13:50:16","date_gmt":"2025-06-05T11:50:16","guid":{"rendered":"https:\/\/us.edu.pl\/wydzial\/wpia\/?p=189964"},"modified":"2025-06-05T13:43:20","modified_gmt":"2025-06-05T11:43:20","slug":"rekrutacja-do-ii-lubuskiej-szkoly-letniej","status":"publish","type":"post","link":"https:\/\/us.edu.pl\/wydzial\/wpia\/2025\/06\/05\/rekrutacja-do-ii-lubuskiej-szkoly-letniej\/","title":{"rendered":"Rekrutacja do II Lubuskiej Szko\u0142y Letniej"},"content":{"rendered":"<p>[vc_row][vc_column]\r\n                <div class=\"text-modules\">\r\n                    <div class=\"container\">\r\n                        \r\n                        <div class=\"text-modules__content\"><\/p>\n<p class=\"xmsonormal\" style=\"text-align: justify;\"><span style=\"color: #000080;\"><strong>Wydzia\u0142 Prawa i Bezpiecze\u0144stwa Akademii im. Jakuba z Parady\u017ca w Gorzowie Wielkopolskim<\/strong><\/span> zaprasza do udzia\u0142u w<span style=\"color: #212121;\"> rekrutacji do <strong>II Lubuskiej Szko\u0142y Letniej<\/strong> <em>\u201ePrawo na rzecz inkluzji spo\u0142ecznej\u201d<\/em>.<\/span><\/p>\n<p class=\"xmsonormal\" style=\"text-align: justify;\"><span style=\"color: #212121;\">Lubuska\u00a0Szko\u0142a Letnia \u201ePrawo na rzecz inkluzji spo\u0142ecznej\u201d to tygodniowy kurs dydaktyczny adresowany do wszystkich os\u00f3b studiuj\u0105cych na uczelniach wy\u017cszych, zainteresowanych <strong>problematyk\u0105 inkluzji spo\u0142ecznej, integracji i niedyskryminacj<\/strong>i.\u00a0<\/span><\/p>\n<p class=\"xmsonormal\" style=\"text-align: justify;\"><span style=\"color: #212121;\">Tegoroczna edycja odb\u0119dzie si\u0119 w dniach<span class=\"xapple-converted-space\">\u00a0<\/span><b>8 \u2013 12 wrze\u015bnia 2025 roku<\/b>\u00a0w Akademii im. Jakuba z Parady\u017ca w Gorzowie Wielkopolskim. <\/span><\/p>\n<p class=\"xmsonormal\" style=\"text-align: justify;\"><span style=\"color: #212121;\">Udzia\u0142<span class=\"xapple-converted-space\">\u00a0<\/span>w Lubuskiej Szkole Letniej dla 20 wy\u0142onionych w procedurze rekrutacyjnej uczestnik\u00f3w i uczestniczek<span class=\"xapple-converted-space\">\u00a0<\/span><b>jest bezp\u0142atny<\/b>\u00a0\u2013 organizatorzy zapewniaj\u0105 zakwaterowanie, wy\u017cywienie, materia\u0142y dydaktyczne, pokrycie koszt\u00f3w dojazdu.\u00a0<\/span><\/p>\n<p class=\"xmsonormal\"><span style=\"color: #212121;\">Rekrutacja<\/span><span style=\"color: #212121;\">\u00a0odbywa si\u0119 za pomoc\u0105 <strong>formularza<\/strong> dost\u0119pnego<span class=\"xapple-converted-space\">\u00a0<\/span><\/span><u><span style=\"color: purple;\"><a title=\"https:\/\/prawonarzeczinkluzji.ajp.edu.pl\/index.php\/formularz-rejestracyjny\/\" href=\"https:\/\/prawonarzeczinkluzji.ajp.edu.pl\/index.php\/formularz-rejestracyjny\/\" target=\"_blank\" rel=\"noopener\">online<\/a><\/span><\/u><span style=\"color: #212121;\">.<\/span><\/p>\n<p>\n<\/div>\r\n                    <\/div>\r\n                <\/div>[\/vc_column][\/vc_row]<\/p>","protected":false},"excerpt":{"rendered":"<p>[vc_row][vc_column][\/vc_column][\/vc_row] [&#8230;]<\/p>\n<p><a class=\"btn btn-secondary understrap-read-more-link\" href=\"https:\/\/us.edu.pl\/wydzial\/wpia\/2025\/06\/05\/rekrutacja-do-ii-lubuskiej-szkoly-letniej\/\">Read More&#8230;<\/a><\/p>\n","protected":false},"author":6981,"featured_media":189967,"comment_status":"open","ping_status":"open","sticky":false,"template":"","format":"standard","meta":{"_expiration-date-status":"","_expiration-date":0,"_expiration-date-type":"","_expiration-date-categories":[],"_expiration-date-options":[]},"categories":[46],"tags":[],"acf":[],"_links":{"self":[{"href":"https:\/\/us.edu.pl\/wydzial\/wpia\/wp-json\/wp\/v2\/posts\/189964"}],"collection":[{"href":"https:\/\/us.edu.pl\/wydzial\/wpia\/wp-json\/wp\/v2\/posts"}],"about":[{"href":"https:\/\/us.edu.pl\/wydzial\/wpia\/wp-json\/wp\/v2\/types\/post"}],"author":[{"embeddable":true,"href":"https:\/\/us.edu.pl\/wydzial\/wpia\/wp-json\/wp\/v2\/users\/6981"}],"replies":[{"embeddable":true,"href":"https:\/\/us.edu.pl\/wydzial\/wpia\/wp-json\/wp\/v2\/comments?post=189964"}],"version-history":[{"count":1,"href":"https:\/\/us.edu.pl\/wydzial\/wpia\/wp-json\/wp\/v2\/posts\/189964\/revisions"}],"predecessor-version":[{"id":189970,"href":"https:\/\/us.edu.pl\/wydzial\/wpia\/wp-json\/wp\/v2\/posts\/189964\/revisions\/189970"}],"wp:featuredmedia":[{"embeddable":true,"href":"https:\/\/us.edu.pl\/wydzial\/wpia\/wp-json\/wp\/v2\/media\/189967"}],"wp:attachment":[{"href":"https:\/\/us.edu.pl\/wydzial\/wpia\/wp-json\/wp\/v2\/media?parent=189964"}],"wp:term":[{"taxonomy":"category","embeddable":true,"href":"https:\/\/us.edu.pl\/wydzial\/wpia\/wp-json\/wp\/v2\/categories?post=189964"},{"taxonomy":"post_tag","embeddable":true,"href":"https:\/\/us.edu.pl\/wydzial\/wpia\/wp-json\/wp\/v2\/tags?post=189964"}],"curies":[{"name":"wp","href":"https:\/\/api.w.org\/{rel}","templated":true}]}}