{"id":190400,"date":"2025-06-16T10:42:12","date_gmt":"2025-06-16T08:42:12","guid":{"rendered":"https:\/\/us.edu.pl\/wydzial\/wpia\/?p=190400"},"modified":"2025-06-16T10:37:13","modified_gmt":"2025-06-16T08:37:13","slug":"iii-edycja-cineforum","status":"publish","type":"post","link":"https:\/\/us.edu.pl\/wydzial\/wpia\/2025\/06\/16\/iii-edycja-cineforum\/","title":{"rendered":"III edycja Cineforum"},"content":{"rendered":"<p>[vc_row][vc_column]\r\n                <div class=\"text-modules\">\r\n                    <div class=\"container\">\r\n                        \r\n                        <div class=\"text-modules__content\"><\/p>\n<p style=\"text-align: justify;\"><span style=\"color: #000080;\"><strong>European Patent Academy<\/strong><\/span>, kt\u00f3re jest cz\u0119\u015bci\u0105 <span style=\"color: #000000;\">Urz\u0119du Unii Europejskiej ds. W\u0142asno\u015bci Intelektualnej (EUIPO)<\/span> we wsp\u00f3\u0142pracy z <span style=\"color: #000080;\"><strong>Centre for International Intellectual Property Studies (CEIPI) \u2013 University of Strasbourg<\/strong><\/span> serdecznie zapraszaj\u0105 do udzia\u0142u w nadchodz\u0105cej wielkimi krokami trzeciej edycji <strong>Cineforum<\/strong>, kt\u00f3re odb\u0119dzie si\u0119 ju\u017c <strong>8 lipca 2025 roku<\/strong>.<\/p>\n<p style=\"text-align: justify;\">Tegoroczne Cineforum zag\u0142\u0119bi si\u0119 w porywaj\u0105cy temat: <em>\u201eWhat is the protection for titles and character names?<\/em>\u201d. Uczestnicy wydarzenia zastanowi\u0105 si\u0119, w jaki spos\u00f3b znaki towarowe i prawa autorskie krzy\u017cuj\u0105 drogi z szeroko poj\u0119t\u0105 popkultur\u0105, literatur\u0105 oraz \u015bwiatem filmu, oferuj\u0105c zar\u00f3wno studentom, jak i dzia\u0142aczom naukowym \u015bwie\u017ce spojrzenie na w\u0142asno\u015b\u0107 intelektualn\u0105.<\/p>\n<p style=\"text-align: justify;\">Poni\u017cej przedstawiamy najwa\u017cniejsze informacje organizacyjne:<\/p>\n<ul>\n<li style=\"text-align: justify;\">8 lipca 2025 roku,<\/li>\n<li style=\"text-align: justify;\">start godz. 10.00,<\/li>\n<li style=\"text-align: justify;\">mo\u017cliwo\u015b\u0107 wzi\u0119cia udzia\u0142u w webinarze jest dost\u0119pna po wype\u0142nieniu <a href=\"https:\/\/euipo-vitelsa-es.zoom.us\/webinar\/register\/WN_Wgr4k6HdRiiAorxAVtJ12w#\/registration\">formularza zg\u0142oszeniowego<\/a>.<\/li>\n<\/ul>\n<p>\n<\/div>\r\n                    <\/div>\r\n                <\/div>[\/vc_column][\/vc_row]<\/p>","protected":false},"excerpt":{"rendered":"<p>[vc_row][vc_column][\/vc_column][\/vc_row] [&#8230;]<\/p>\n<p><a class=\"btn btn-secondary understrap-read-more-link\" href=\"https:\/\/us.edu.pl\/wydzial\/wpia\/2025\/06\/16\/iii-edycja-cineforum\/\">Read More&#8230;<\/a><\/p>\n","protected":false},"author":6981,"featured_media":190404,"comment_status":"open","ping_status":"open","sticky":false,"template":"","format":"standard","meta":{"_expiration-date-status":"","_expiration-date":0,"_expiration-date-type":"","_expiration-date-categories":[],"_expiration-date-options":[]},"categories":[46],"tags":[],"acf":[],"_links":{"self":[{"href":"https:\/\/us.edu.pl\/wydzial\/wpia\/wp-json\/wp\/v2\/posts\/190400"}],"collection":[{"href":"https:\/\/us.edu.pl\/wydzial\/wpia\/wp-json\/wp\/v2\/posts"}],"about":[{"href":"https:\/\/us.edu.pl\/wydzial\/wpia\/wp-json\/wp\/v2\/types\/post"}],"author":[{"embeddable":true,"href":"https:\/\/us.edu.pl\/wydzial\/wpia\/wp-json\/wp\/v2\/users\/6981"}],"replies":[{"embeddable":true,"href":"https:\/\/us.edu.pl\/wydzial\/wpia\/wp-json\/wp\/v2\/comments?post=190400"}],"version-history":[{"count":1,"href":"https:\/\/us.edu.pl\/wydzial\/wpia\/wp-json\/wp\/v2\/posts\/190400\/revisions"}],"predecessor-version":[{"id":190408,"href":"https:\/\/us.edu.pl\/wydzial\/wpia\/wp-json\/wp\/v2\/posts\/190400\/revisions\/190408"}],"wp:featuredmedia":[{"embeddable":true,"href":"https:\/\/us.edu.pl\/wydzial\/wpia\/wp-json\/wp\/v2\/media\/190404"}],"wp:attachment":[{"href":"https:\/\/us.edu.pl\/wydzial\/wpia\/wp-json\/wp\/v2\/media?parent=190400"}],"wp:term":[{"taxonomy":"category","embeddable":true,"href":"https:\/\/us.edu.pl\/wydzial\/wpia\/wp-json\/wp\/v2\/categories?post=190400"},{"taxonomy":"post_tag","embeddable":true,"href":"https:\/\/us.edu.pl\/wydzial\/wpia\/wp-json\/wp\/v2\/tags?post=190400"}],"curies":[{"name":"wp","href":"https:\/\/api.w.org\/{rel}","templated":true}]}}