{"id":193110,"date":"2025-09-15T12:25:17","date_gmt":"2025-09-15T10:25:17","guid":{"rendered":"https:\/\/us.edu.pl\/wydzial\/wpia\/?p=193110"},"modified":"2025-09-15T12:18:33","modified_gmt":"2025-09-15T10:18:33","slug":"ogolnopolska-konferencja-naukowa-pt-podmioty-administracji-publicznej-i-prawne-formy-ich-dzialania-3","status":"publish","type":"post","link":"https:\/\/us.edu.pl\/wydzial\/wpia\/2025\/09\/15\/ogolnopolska-konferencja-naukowa-pt-podmioty-administracji-publicznej-i-prawne-formy-ich-dzialania-3\/","title":{"rendered":"Og\u00f3lnopolska Konferencja Naukowa pt. \u201ePodmioty administracji publicznej i prawne formy ich dzia\u0142ania\u201d"},"content":{"rendered":"<p>[vc_row][vc_column]\r\n                <div class=\"text-modules\">\r\n                    <div class=\"container\">\r\n                        \r\n                        <div class=\"text-modules__content\"><\/p>\n<p style=\"text-align: justify;\"><span style=\"color: #000080;\"><strong>Katedra Prawa Administracyjnego Wydzia\u0142u Prawa i Administracji Uniwersytetu Miko\u0142aja Kopernika w Toruniu<\/strong><\/span> serdecznie zaprasza na <strong>Og\u00f3lnopolsk\u0105 Konferencj\u0119 Naukow\u0105<\/strong> pt. <em>\u201ePodmioty administracji publicznej i prawne formy ich dzia\u0142ania\u201d<\/em>, organizowan\u0105 z okazji jubileuszu 100. rocznicy urodzin Profesora Eugeniusza Ochendowskiego.<\/p>\n<p style=\"text-align: justify;\">Konferencja odb\u0119dzie si\u0119 w dniach <strong>6-7 listopada 2025 roku <\/strong>w Toruniu. Rejestracja uczestnik\u00f3w czynnych trwa do <strong>15 wrze\u015bnia<\/strong>, natomiast udzia\u0142 bierny mo\u017cna zg\u0142asza\u0107 do <strong>30 wrze\u015bnia<\/strong>.<\/p>\n<p>Wydarzenie obejmie dwie cz\u0119\u015bci:<\/p>\n<ul style=\"text-align: justify;\">\n<li>Cz\u0119\u015b\u0107 naukowa \u2014 analiza aktualnych zagadnie\u0144 zwi\u0105zanych z podmiotami administracji publicznej i prawnymi formami ich dzia\u0142ania,<\/li>\n<li>Cz\u0119\u015b\u0107 uroczysta \u2014 uczczenie pami\u0119ci Profesora Eugeniusza Ochendowskiego, podczas kt\u00f3rej przypomniane zostan\u0105 dorobek naukowy Profesora oraz wp\u0142yw na rozw\u00f3j prawa administracyjnego w Polsce.<\/li>\n<\/ul>\n<p style=\"text-align: justify;\"><strong>Rejestracja oraz wszystkie najwa\u017cniejsze informacje znajduj\u0105 si\u0119 na<\/strong><strong> <a href=\"https:\/\/ochendowski100.umk.pl\/pages\/home\/\">stronie Organizatora<\/a>. <\/strong><\/p>\n<p>\n<\/div>\r\n                    <\/div>\r\n                <\/div>[\/vc_column][\/vc_row]<\/p>","protected":false},"excerpt":{"rendered":"<p>[vc_row][vc_column][\/vc_column][\/vc_row] [&#8230;]<\/p>\n<p><a class=\"btn btn-secondary understrap-read-more-link\" href=\"https:\/\/us.edu.pl\/wydzial\/wpia\/2025\/09\/15\/ogolnopolska-konferencja-naukowa-pt-podmioty-administracji-publicznej-i-prawne-formy-ich-dzialania-3\/\">Read More&#8230;<\/a><\/p>\n","protected":false},"author":6981,"featured_media":193111,"comment_status":"open","ping_status":"open","sticky":false,"template":"","format":"standard","meta":{"_expiration-date-status":"","_expiration-date":0,"_expiration-date-type":"","_expiration-date-categories":[],"_expiration-date-options":[]},"categories":[46],"tags":[],"acf":[],"_links":{"self":[{"href":"https:\/\/us.edu.pl\/wydzial\/wpia\/wp-json\/wp\/v2\/posts\/193110"}],"collection":[{"href":"https:\/\/us.edu.pl\/wydzial\/wpia\/wp-json\/wp\/v2\/posts"}],"about":[{"href":"https:\/\/us.edu.pl\/wydzial\/wpia\/wp-json\/wp\/v2\/types\/post"}],"author":[{"embeddable":true,"href":"https:\/\/us.edu.pl\/wydzial\/wpia\/wp-json\/wp\/v2\/users\/6981"}],"replies":[{"embeddable":true,"href":"https:\/\/us.edu.pl\/wydzial\/wpia\/wp-json\/wp\/v2\/comments?post=193110"}],"version-history":[{"count":1,"href":"https:\/\/us.edu.pl\/wydzial\/wpia\/wp-json\/wp\/v2\/posts\/193110\/revisions"}],"predecessor-version":[{"id":193112,"href":"https:\/\/us.edu.pl\/wydzial\/wpia\/wp-json\/wp\/v2\/posts\/193110\/revisions\/193112"}],"wp:featuredmedia":[{"embeddable":true,"href":"https:\/\/us.edu.pl\/wydzial\/wpia\/wp-json\/wp\/v2\/media\/193111"}],"wp:attachment":[{"href":"https:\/\/us.edu.pl\/wydzial\/wpia\/wp-json\/wp\/v2\/media?parent=193110"}],"wp:term":[{"taxonomy":"category","embeddable":true,"href":"https:\/\/us.edu.pl\/wydzial\/wpia\/wp-json\/wp\/v2\/categories?post=193110"},{"taxonomy":"post_tag","embeddable":true,"href":"https:\/\/us.edu.pl\/wydzial\/wpia\/wp-json\/wp\/v2\/tags?post=193110"}],"curies":[{"name":"wp","href":"https:\/\/api.w.org\/{rel}","templated":true}]}}