{"id":196004,"date":"2026-02-02T14:25:02","date_gmt":"2026-02-02T13:25:02","guid":{"rendered":"https:\/\/us.edu.pl\/wydzial\/wpia\/?p=196004"},"modified":"2026-02-02T14:21:11","modified_gmt":"2026-02-02T12:21:11","slug":"komunikat-dot-rozpoczecia-zajec-dydaktycznych-w-semestrze-letnim-w-roku-akademickim-2025-2026","status":"publish","type":"post","link":"https:\/\/us.edu.pl\/wydzial\/wpia\/2026\/02\/02\/komunikat-dot-rozpoczecia-zajec-dydaktycznych-w-semestrze-letnim-w-roku-akademickim-2025-2026\/","title":{"rendered":"Komunikat dot. rozpocz\u0119cia zaj\u0119\u0107 dydaktycznych w semestrze letnim w roku akademickim 2025\/2026"},"content":{"rendered":"<p>[vc_row][vc_column]\r\n                <div class=\"text-modules\">\r\n                    <div class=\"container\">\r\n                        \r\n                        <div class=\"text-modules__content\"><p>Szanowni Pa\u0144stwo,<\/p>\n<p>uprzejmie informuj\u0119, \u017ce zaj\u0119cia <strong><u>w semestrze letnim 2025\/2026<\/u><\/strong> na studiach:<\/p>\n<p>1)\u00a0\u00a0 <strong>stacjonarnych<\/strong> rozpoczn\u0105 si\u0119:<\/p>\n<p>&#8211; 23 lutego 2026 r. \u2013 tydzie\u0144 nieparzysty \u2013 kursowe wyk\u0142ady oraz \u0107wiczenia,<br \/>\n&#8211; 2 marca\u00a0 2026 r.\u00a0 \u2013 tydzie\u0144 parzysty \u2013 przedmioty wybieralne (wyk\u0142ady monograficzne, konwersatoria, przedmioty do wyboru, interdyscyplinarne przedmioty do wyboru), lektoraty oraz zaj\u0119cia na kierunku IBLA i Erasmus.<\/p>\n<p>2)\u00a0 <strong>niestacjonarnych<\/strong> rozpoczn\u0105 si\u0119:<\/p>\n<p>&#8211; 21 i 22 lutego 2026 r. \u2013\u00a0 prawo studia niestacjonarne jednolite magisterskie,<br \/>\n&#8211; 21 i 22 lutego 2026 r. \u2013 administracja niestacjonarna I i II stopnia.<\/p>\n<p><em>Z powa\u017caniem<\/em><\/p>\n<p><em>dr Urszula Torbus<\/em><\/p>\n<p><em>Prodziekanka ds. studenckich i kszta\u0142cenia<br \/>\n<\/em><em>Wydzia\u0142u Prawa i Administracji U\u015a w Katowicach<\/em><\/p>\n<p>\n<\/div>\r\n                    <\/div>\r\n                <\/div>[\/vc_column][\/vc_row]<\/p>","protected":false},"excerpt":{"rendered":"<p>[vc_row][vc_column][\/vc_column][\/vc_row] [&#8230;]<\/p>\n<p><a class=\"btn btn-secondary understrap-read-more-link\" href=\"https:\/\/us.edu.pl\/wydzial\/wpia\/2026\/02\/02\/komunikat-dot-rozpoczecia-zajec-dydaktycznych-w-semestrze-letnim-w-roku-akademickim-2025-2026\/\">Read More&#8230;<\/a><\/p>\n","protected":false},"author":6981,"featured_media":188312,"comment_status":"open","ping_status":"open","sticky":false,"template":"","format":"standard","meta":{"_expiration-date-status":"","_expiration-date":0,"_expiration-date-type":"","_expiration-date-categories":[],"_expiration-date-options":[]},"categories":[39],"tags":[],"acf":[],"_links":{"self":[{"href":"https:\/\/us.edu.pl\/wydzial\/wpia\/wp-json\/wp\/v2\/posts\/196004"}],"collection":[{"href":"https:\/\/us.edu.pl\/wydzial\/wpia\/wp-json\/wp\/v2\/posts"}],"about":[{"href":"https:\/\/us.edu.pl\/wydzial\/wpia\/wp-json\/wp\/v2\/types\/post"}],"author":[{"embeddable":true,"href":"https:\/\/us.edu.pl\/wydzial\/wpia\/wp-json\/wp\/v2\/users\/6981"}],"replies":[{"embeddable":true,"href":"https:\/\/us.edu.pl\/wydzial\/wpia\/wp-json\/wp\/v2\/comments?post=196004"}],"version-history":[{"count":2,"href":"https:\/\/us.edu.pl\/wydzial\/wpia\/wp-json\/wp\/v2\/posts\/196004\/revisions"}],"predecessor-version":[{"id":196006,"href":"https:\/\/us.edu.pl\/wydzial\/wpia\/wp-json\/wp\/v2\/posts\/196004\/revisions\/196006"}],"wp:featuredmedia":[{"embeddable":true,"href":"https:\/\/us.edu.pl\/wydzial\/wpia\/wp-json\/wp\/v2\/media\/188312"}],"wp:attachment":[{"href":"https:\/\/us.edu.pl\/wydzial\/wpia\/wp-json\/wp\/v2\/media?parent=196004"}],"wp:term":[{"taxonomy":"category","embeddable":true,"href":"https:\/\/us.edu.pl\/wydzial\/wpia\/wp-json\/wp\/v2\/categories?post=196004"},{"taxonomy":"post_tag","embeddable":true,"href":"https:\/\/us.edu.pl\/wydzial\/wpia\/wp-json\/wp\/v2\/tags?post=196004"}],"curies":[{"name":"wp","href":"https:\/\/api.w.org\/{rel}","templated":true}]}}