{"id":197051,"date":"2026-03-23T09:10:21","date_gmt":"2026-03-23T08:10:21","guid":{"rendered":"https:\/\/us.edu.pl\/wydzial\/wpia\/?p=197051"},"modified":"2026-03-23T09:09:29","modified_gmt":"2026-03-23T08:09:29","slug":"komunikat-dot-harmonogramu-zajec-w-semestrze-letnim-roku-akademickiego-2025-2026","status":"publish","type":"post","link":"https:\/\/us.edu.pl\/wydzial\/wpia\/2026\/03\/23\/komunikat-dot-harmonogramu-zajec-w-semestrze-letnim-roku-akademickiego-2025-2026\/","title":{"rendered":"Komunikat dot. harmonogramu zaj\u0119\u0107 w semestrze letnim roku akademickiego 2025\/2026"},"content":{"rendered":"<p>[vc_row][vc_column]\r\n                <div class=\"text-modules\">\r\n                    <div class=\"container\">\r\n                        \r\n                        <div class=\"text-modules__content\"><p>Szanowni Pa\u0144stwo,<\/p>\n<p>w nawi\u0105zaniu do zarz\u0105dzenia JM Rektora w sprawie organizacji roku akademickiego 2025\/2026\u00a0 uprzejmie informujemy, \u017ce zaj\u0119cia na Wydziale Prawa i Administracji w semestrze letnim 2025\/2026 <strong>odbywaj\u0105 si\u0119 zgodnie z harmonogramem wydzia\u0142owym (tj. zgodnie z kalendarzem) i nie s\u0105 przewidziane zmiany.<\/strong> Oznacza to, \u017ce w \u015brod\u0119 1 kwietnia odbywaj\u0105 si\u0119 zaj\u0119cia przewidziane na \u015brod\u0119. Podobnie w poniedzia\u0142ek 15 czerwca odbywaj\u0105 si\u0119 zaj\u0119cia przewidziane na poniedzia\u0142ek, a we wtorek 16 czerwca zaj\u0119cia wtorkowe.<\/p>\n<p><em>\u00a0<\/em><\/p>\n<p style=\"text-align: right;\"><em>Z powa\u017caniem <\/em><\/p>\n<p style=\"text-align: right;\"><em>dr Urszula Torbus<br \/>\n<\/em><em>Prodziekanka ds. Studenckich i kszta\u0142cenia<br \/>\n<\/em><em>Wydzia\u0142u Prawa i Administracji U\u015a w Katowicach<\/em><\/p>\n<p>\n<\/div>\r\n                    <\/div>\r\n                <\/div>[\/vc_column][\/vc_row]<\/p>","protected":false},"excerpt":{"rendered":"<p>[vc_row][vc_column][\/vc_column][\/vc_row] [&#8230;]<\/p>\n<p><a class=\"btn btn-secondary understrap-read-more-link\" href=\"https:\/\/us.edu.pl\/wydzial\/wpia\/2026\/03\/23\/komunikat-dot-harmonogramu-zajec-w-semestrze-letnim-roku-akademickiego-2025-2026\/\">Read More&#8230;<\/a><\/p>\n","protected":false},"author":6981,"featured_media":194422,"comment_status":"open","ping_status":"open","sticky":false,"template":"","format":"standard","meta":{"_expiration-date-status":"","_expiration-date":0,"_expiration-date-type":"","_expiration-date-categories":[],"_expiration-date-options":[]},"categories":[39],"tags":[],"acf":[],"_links":{"self":[{"href":"https:\/\/us.edu.pl\/wydzial\/wpia\/wp-json\/wp\/v2\/posts\/197051"}],"collection":[{"href":"https:\/\/us.edu.pl\/wydzial\/wpia\/wp-json\/wp\/v2\/posts"}],"about":[{"href":"https:\/\/us.edu.pl\/wydzial\/wpia\/wp-json\/wp\/v2\/types\/post"}],"author":[{"embeddable":true,"href":"https:\/\/us.edu.pl\/wydzial\/wpia\/wp-json\/wp\/v2\/users\/6981"}],"replies":[{"embeddable":true,"href":"https:\/\/us.edu.pl\/wydzial\/wpia\/wp-json\/wp\/v2\/comments?post=197051"}],"version-history":[{"count":2,"href":"https:\/\/us.edu.pl\/wydzial\/wpia\/wp-json\/wp\/v2\/posts\/197051\/revisions"}],"predecessor-version":[{"id":197053,"href":"https:\/\/us.edu.pl\/wydzial\/wpia\/wp-json\/wp\/v2\/posts\/197051\/revisions\/197053"}],"wp:featuredmedia":[{"embeddable":true,"href":"https:\/\/us.edu.pl\/wydzial\/wpia\/wp-json\/wp\/v2\/media\/194422"}],"wp:attachment":[{"href":"https:\/\/us.edu.pl\/wydzial\/wpia\/wp-json\/wp\/v2\/media?parent=197051"}],"wp:term":[{"taxonomy":"category","embeddable":true,"href":"https:\/\/us.edu.pl\/wydzial\/wpia\/wp-json\/wp\/v2\/categories?post=197051"},{"taxonomy":"post_tag","embeddable":true,"href":"https:\/\/us.edu.pl\/wydzial\/wpia\/wp-json\/wp\/v2\/tags?post=197051"}],"curies":[{"name":"wp","href":"https:\/\/api.w.org\/{rel}","templated":true}]}}