{"id":197276,"date":"2026-04-07T12:30:57","date_gmt":"2026-04-07T10:30:57","guid":{"rendered":"https:\/\/us.edu.pl\/wydzial\/wpia\/?p=197276"},"modified":"2026-04-07T12:01:13","modified_gmt":"2026-04-07T10:01:13","slug":"konferencja-naukowa-prawo-4-0-interdyscyplinarne-studia-prawnicze-nad-sztuczna-inteligencja","status":"publish","type":"post","link":"https:\/\/us.edu.pl\/wydzial\/wpia\/2026\/04\/07\/konferencja-naukowa-prawo-4-0-interdyscyplinarne-studia-prawnicze-nad-sztuczna-inteligencja\/","title":{"rendered":"Konferencja Naukowa \u201ePrawo 4.0 &#8211; interdyscyplinarne studia prawnicze nad sztuczn\u0105 inteligencj\u0105\u201d"},"content":{"rendered":"<p>[vc_row][vc_column]\r\n                <div class=\"text-modules\">\r\n                    <div class=\"container\">\r\n                        \r\n                        <div class=\"text-modules__content\"><\/p>\n<p style=\"text-align: justify; line-height: 115%; margin: 12.0pt 0cm 12.0pt 0cm;\"><span style=\"font-family: 'Verdana',sans-serif; color: black;\"><span style=\"color: #000080;\"><strong>Ko\u0142o Naukowe Prawa Cywilnego i Handlowego Uniwersytetu Ekonomicznego w Krakowie<\/strong><\/span> zaprasza do udzia\u0142u w <strong>Og\u00f3lnopolskiej Konferencji Naukowej pt. \u201ePrawo 4.0 &#8211; interdyscyplinarne studia prawnicze nad sztuczn\u0105 inteligencj\u0105&#8221;<\/strong>, kt\u00f3ra odb\u0119dzie si\u0119 w <strong>26 maja 2026 roku o godz. 9.00<\/strong> stacjonarnie w Sali Senackiej Budynku G\u0142\u00f3wnego Uniwersytetu Ekonomicznego w Krakowie.<\/span><\/p>\n<p style=\"text-align: justify; line-height: 115%; margin: 12.0pt 0cm 12.0pt 0cm;\"><span style=\"font-family: 'Verdana',sans-serif; color: black;\">Celem konferencji jest stworzenie forum wymiany pogl\u0105d\u00f3w pomi\u0119dzy przedstawicielami doktryny, praktyki oraz \u015brodowiska akademickiego w zakresie wyzwa\u0144, jakie dynamiczny <strong>rozw\u00f3j system\u00f3w sztucznej inteligencji stawia przed wsp\u00f3\u0142czesnym systemem prawnym<\/strong>, ze szczeg\u00f3lnym uwzgl\u0119dnieniem prawa prywatnego, ochrony danych osobowych oraz funkcjonowania obrotu gospodarczego.<\/span><\/p>\n<p style=\"text-align: justify; line-height: 115%; margin: 12.0pt 0cm 12.0pt 0cm;\"><span style=\"font-family: 'Verdana',sans-serif; color: black;\">Do udzia\u0142u w konferencji organizatorzy zapraszaj\u0105 pracownik\u00f3w naukowych, doktorant\u00f3w oraz student\u00f3w zainteresowanych przedstawieniem referatu.<br \/>\nTermin nadsy\u0142ania abstrakt\u00f3w up\u0142ywa w dniu <b>21 kwietnia br<\/b>. Zg\u0142oszenia nale\u017cy kierowa\u0107 mailowo na adres: <b><a href=\"mailto:knpcihuek@gmail.com\">knpcihuek@gmail.com<\/a><\/b>.<\/span><\/p>\n<p style=\"text-align: justify; line-height: 115%; margin: 12.0pt 0cm 12.0pt 0cm;\"><span style=\"font-family: 'Verdana',sans-serif; color: black;\">Informacja o wynikach kwalifikacji zostanie przekazana do dnia <b>28 kwietnia br.<\/b>, natomiast szczeg\u00f3\u0142owy program konferencji zostanie opublikowany i przekazany do wiadomo\u015bci uczestnik\u00f3w do dnia <b>2 maja br<\/b>.<\/span><\/p>\n<p style=\"text-align: justify; margin: 12.0pt 0cm 12.0pt 0cm;\"><span style=\"font-family: 'Verdana',sans-serif; color: black;\">Udzia\u0142 w konferencji jest <b>bezp\u0142atny<\/b>.<\/span><\/p>\n<p style=\"text-align: justify; margin: 12.0pt 0cm 12.0pt 0cm;\"><span style=\"font-family: 'Verdana',sans-serif; color: black;\">Zwie\u0144czeniem wydarzenia b\u0119dzie przygotowanie <b>monografii pokonferencyjnej<\/b>, zawieraj\u0105cej referaty uczestnik\u00f3w, kt\u00f3ra zostanie wydana za po\u015brednictwem wydawnictwa uj\u0119tego w wykazie wydawnictw publikuj\u0105cych recenzowane monografie naukowe Ministerstwa Edukacji Narodowej.<\/span><\/p>\n<p>\n<\/div>\r\n                    <\/div>\r\n                <\/div>[\/vc_column][\/vc_row]<\/p>","protected":false},"excerpt":{"rendered":"<p>[vc_row][vc_column][\/vc_column][\/vc_row] [&#8230;]<\/p>\n<p><a class=\"btn btn-secondary understrap-read-more-link\" href=\"https:\/\/us.edu.pl\/wydzial\/wpia\/2026\/04\/07\/konferencja-naukowa-prawo-4-0-interdyscyplinarne-studia-prawnicze-nad-sztuczna-inteligencja\/\">Read More&#8230;<\/a><\/p>\n","protected":false},"author":6981,"featured_media":196439,"comment_status":"open","ping_status":"open","sticky":false,"template":"","format":"standard","meta":{"_expiration-date-status":"","_expiration-date":0,"_expiration-date-type":"","_expiration-date-categories":[],"_expiration-date-options":[]},"categories":[46],"tags":[],"acf":[],"_links":{"self":[{"href":"https:\/\/us.edu.pl\/wydzial\/wpia\/wp-json\/wp\/v2\/posts\/197276"}],"collection":[{"href":"https:\/\/us.edu.pl\/wydzial\/wpia\/wp-json\/wp\/v2\/posts"}],"about":[{"href":"https:\/\/us.edu.pl\/wydzial\/wpia\/wp-json\/wp\/v2\/types\/post"}],"author":[{"embeddable":true,"href":"https:\/\/us.edu.pl\/wydzial\/wpia\/wp-json\/wp\/v2\/users\/6981"}],"replies":[{"embeddable":true,"href":"https:\/\/us.edu.pl\/wydzial\/wpia\/wp-json\/wp\/v2\/comments?post=197276"}],"version-history":[{"count":4,"href":"https:\/\/us.edu.pl\/wydzial\/wpia\/wp-json\/wp\/v2\/posts\/197276\/revisions"}],"predecessor-version":[{"id":197280,"href":"https:\/\/us.edu.pl\/wydzial\/wpia\/wp-json\/wp\/v2\/posts\/197276\/revisions\/197280"}],"wp:featuredmedia":[{"embeddable":true,"href":"https:\/\/us.edu.pl\/wydzial\/wpia\/wp-json\/wp\/v2\/media\/196439"}],"wp:attachment":[{"href":"https:\/\/us.edu.pl\/wydzial\/wpia\/wp-json\/wp\/v2\/media?parent=197276"}],"wp:term":[{"taxonomy":"category","embeddable":true,"href":"https:\/\/us.edu.pl\/wydzial\/wpia\/wp-json\/wp\/v2\/categories?post=197276"},{"taxonomy":"post_tag","embeddable":true,"href":"https:\/\/us.edu.pl\/wydzial\/wpia\/wp-json\/wp\/v2\/tags?post=197276"}],"curies":[{"name":"wp","href":"https:\/\/api.w.org\/{rel}","templated":true}]}}