{"id":197578,"date":"2026-04-28T13:41:03","date_gmt":"2026-04-28T11:41:03","guid":{"rendered":"https:\/\/us.edu.pl\/wydzial\/wpia\/?p=197578"},"modified":"2026-04-28T13:41:03","modified_gmt":"2026-04-28T11:41:03","slug":"godziny-rektorskie-w-dniu-4-maja-2026-r","status":"publish","type":"post","link":"https:\/\/us.edu.pl\/wydzial\/wpia\/2026\/04\/28\/godziny-rektorskie-w-dniu-4-maja-2026-r\/","title":{"rendered":"Godziny rektorskie w dniu 4 maja 2026 r."},"content":{"rendered":"<p>[vc_row][vc_column]\r\n                <div class=\"text-modules\">\r\n                    <div class=\"container\">\r\n                        \r\n                        <div class=\"text-modules__content\"><\/p>\n<p align=\"center\"><span style=\"font-family: PT Sans, sans-serif;\"><span style=\"font-size: large;\"><b>KOMUNIKAT<\/b><\/span><\/span><\/p>\n<p align=\"center\"><span style=\"font-family: PT Sans, sans-serif;\"><span style=\"font-size: large;\"><b>Rektora Uniwersytetu \u015al\u0105skiego w Katowicach<\/b><\/span><\/span><\/p>\n<p align=\"center\"><span style=\"font-family: PT Sans, sans-serif;\"><span style=\"font-size: large;\"><b>z dnia 27 kwietnia 2026 r.<\/b><\/span><\/span><\/p>\n<p align=\"center\"><span style=\"font-family: PT Sans, sans-serif;\"><span style=\"font-size: large;\"><b>w sprawie ustalenia godzin rektorskich<\/b><\/span><\/span><\/p>\n<p align=\"center\"><span style=\"font-family: PT Sans, sans-serif;\"><span style=\"font-size: large;\"><b>w dniu 4 maja 2026 r.<\/b><\/span><\/span><\/p>\n<p align=\"center\"><span style=\"font-family: PT Sans, sans-serif;\"><span style=\"font-size: large;\"><b>dla studentek i student\u00f3w studi\u00f3w I i II stopnia <\/b><\/span><\/span><\/p>\n<p align=\"center\"><span style=\"font-family: PT Sans, sans-serif;\"><span style=\"font-size: large;\"><b>oraz jednolitych studi\u00f3w magisterskich<\/b><\/span><\/span><\/p>\n<p>&nbsp;<\/p>\n<p align=\"justify\"><span style=\"font-family: PT Sans, sans-serif;\"><span style=\"font-size: medium;\">W zwi\u0105zku ze zbli\u017caj\u0105c\u0105 si\u0119 \u201emaj\u00f3wk\u0105\u201d i dniami ustawowo wolnymi od pracy tj. 1\u00a0maja (\u015awi\u0119to Pracy) i 3 maja (\u015awi\u0119to Konstytucji 3 maja), na wniosek Samorz\u0105du Studenckiego Uniwersytetu \u015al\u0105skiego w Katowicach, og\u0142aszam <\/span><\/span><span style=\"font-family: PT Sans, sans-serif;\"><span style=\"font-size: medium;\"><b>4\u00a0maja 2026 r. <\/b><\/span><\/span><span style=\"font-family: PT Sans, sans-serif;\"><span style=\"font-size: medium;\">dniem rektorskim wolnym od zaj\u0119\u0107 dydaktycznych.<\/span><\/span><\/p>\n<p align=\"center\"><span style=\"font-family: PT Sans, sans-serif;\"><span style=\"font-size: medium;\">Z up. REKTORA<\/span><\/span><\/p>\n<p align=\"center\"><span style=\"font-family: PT Sans, sans-serif;\"><span style=\"font-size: medium;\">Prorektor ds. studenckich i kszta\u0142cenia<\/span><\/span><\/p>\n<p align=\"center\"><span style=\"font-family: PT Sans, sans-serif;\"><span style=\"font-size: medium;\"><b>dr Katarzyna Trynda, prof. U\u015a<\/b><\/span><\/span><\/p>\n<p style=\"text-align: left;\" align=\"center\"><a href=\"https:\/\/us.edu.pl\/wydzial\/wpia\/wp-content\/uploads\/sites\/19\/Pliki\/rektorskie-sig.pdf\" class=\"mtli_attachment mtli_pdf\" data-mtli=\"mtli_filesize360,47kB\" class=\"mtli_attachment mtli_pdf\" data-mtli=\"mtli_filesize360,47kB\">rektorskie-sig<\/a><\/p>\n<p>\n<style type=\"text\/css\">a[data-mtli~=\"mtli_filesize360,47kB\"]:after {content:\" (360,47 kB)\"}<\/style><\/div>\r\n                    <\/div>\r\n                <\/div>[\/vc_column][\/vc_row]<\/p>\n<style type=\"text\/css\">a[data-mtli~=\"mtli_filesize360,47kB\"]:after {content:\" (360,47 kB)\"}<\/style>","protected":false},"excerpt":{"rendered":"<p>[vc_row][vc_column][\/vc_column][\/vc_row] [&#8230;]<\/p>\n<p><a class=\"btn btn-secondary understrap-read-more-link\" href=\"https:\/\/us.edu.pl\/wydzial\/wpia\/2026\/04\/28\/godziny-rektorskie-w-dniu-4-maja-2026-r\/\">Read More&#8230;<\/a><\/p>\n","protected":false},"author":107,"featured_media":157019,"comment_status":"open","ping_status":"open","sticky":false,"template":"","format":"standard","meta":{"_expiration-date-status":"saved","_expiration-date":1777963020,"_expiration-date-type":"trash","_expiration-date-categories":[],"_expiration-date-options":{"expireType":"trash","id":197578}},"categories":[39],"tags":[],"acf":[],"_links":{"self":[{"href":"https:\/\/us.edu.pl\/wydzial\/wpia\/wp-json\/wp\/v2\/posts\/197578"}],"collection":[{"href":"https:\/\/us.edu.pl\/wydzial\/wpia\/wp-json\/wp\/v2\/posts"}],"about":[{"href":"https:\/\/us.edu.pl\/wydzial\/wpia\/wp-json\/wp\/v2\/types\/post"}],"author":[{"embeddable":true,"href":"https:\/\/us.edu.pl\/wydzial\/wpia\/wp-json\/wp\/v2\/users\/107"}],"replies":[{"embeddable":true,"href":"https:\/\/us.edu.pl\/wydzial\/wpia\/wp-json\/wp\/v2\/comments?post=197578"}],"version-history":[{"count":1,"href":"https:\/\/us.edu.pl\/wydzial\/wpia\/wp-json\/wp\/v2\/posts\/197578\/revisions"}],"predecessor-version":[{"id":197580,"href":"https:\/\/us.edu.pl\/wydzial\/wpia\/wp-json\/wp\/v2\/posts\/197578\/revisions\/197580"}],"wp:featuredmedia":[{"embeddable":true,"href":"https:\/\/us.edu.pl\/wydzial\/wpia\/wp-json\/wp\/v2\/media\/157019"}],"wp:attachment":[{"href":"https:\/\/us.edu.pl\/wydzial\/wpia\/wp-json\/wp\/v2\/media?parent=197578"}],"wp:term":[{"taxonomy":"category","embeddable":true,"href":"https:\/\/us.edu.pl\/wydzial\/wpia\/wp-json\/wp\/v2\/categories?post=197578"},{"taxonomy":"post_tag","embeddable":true,"href":"https:\/\/us.edu.pl\/wydzial\/wpia\/wp-json\/wp\/v2\/tags?post=197578"}],"curies":[{"name":"wp","href":"https:\/\/api.w.org\/{rel}","templated":true}]}}