{"id":156257,"date":"2022-06-07T15:00:31","date_gmt":"2022-06-07T13:00:31","guid":{"rendered":"https:\/\/us.edu.pl\/wydzial\/wsne\/?p=156257"},"modified":"2022-06-13T10:00:30","modified_gmt":"2022-06-13T08:00:30","slug":"fotorelacja-z-xxvi-koncertu-akademickiego-w-cieszynie-cz-2","status":"publish","type":"post","link":"https:\/\/us.edu.pl\/wydzial\/wsne\/2022\/06\/07\/fotorelacja-z-xxvi-koncertu-akademickiego-w-cieszynie-cz-2\/","title":{"rendered":"Fotorelacja z XXVI koncertu akademickiego w Cieszynie cz.2"},"content":{"rendered":"<p>[vc_row][vc_column][vc_column_text]<span style=\"font-size: 12pt;\">31 maja w cieszy\u0144skim teatrze im. Adama Mickiewicza \u015bwi\u0119towali\u015bmy 54. rocznic\u0119 powo\u0142ania Uniwersytetu \u015al\u0105skiego oraz jubileusz 50-lecia filii U\u015a w Cieszynie. Z tej podw\u00f3jnej okazji wyk\u0142adowcy i ich studenci z Instytutu Sztuk Muzycznych oraz zaproszeni arty\u015bci przygotowali dla nas wspania\u0142y koncert.<\/span>[\/vc_column_text][\/vc_column][\/vc_row][vc_row][vc_column]            \r\n                    <div class=\"container\">\r\n                        <div class=\"gallery gallery_4\" data-images-in-row=\"4\">\r\n                            \r\n                            <div class=\"row m-0\">\r\n                                <a data-fancybox-group=\"button\" title=\"\" data-fancybox=\"8831\" href=\"https:\/\/us.edu.pl\/wydzial\/wsne\/wp-content\/uploads\/sites\/20\/Bez-kategorii\/01_koncert_net-1.jpg\" class=\"gallery__item thumbnail\"\r\n                                    style=\"background-image: url(https:\/\/us.edu.pl\/wydzial\/wsne\/wp-content\/uploads\/sites\/20\/Bez-kategorii\/01_koncert_net-1.jpg)\"> <span class=\"d-none\">https:\/\/us.edu.pl\/wydzial\/wsne\/wp-content\/uploads\/sites\/20\/Bez-kategorii\/01_koncert_net-1.jpg<\/span> <\/a><a data-fancybox-group=\"button\" title=\"\" data-fancybox=\"8831\" href=\"https:\/\/us.edu.pl\/wydzial\/wsne\/wp-content\/uploads\/sites\/20\/Bez-kategorii\/03_koncert_net.jpg\" class=\"gallery__item thumbnail\"\r\n                                    style=\"background-image: url(https:\/\/us.edu.pl\/wydzial\/wsne\/wp-content\/uploads\/sites\/20\/Bez-kategorii\/03_koncert_net.jpg)\"> <span class=\"d-none\">https:\/\/us.edu.pl\/wydzial\/wsne\/wp-content\/uploads\/sites\/20\/Bez-kategorii\/03_koncert_net.jpg<\/span> <\/a><a data-fancybox-group=\"button\" title=\"\" data-fancybox=\"8831\" href=\"https:\/\/us.edu.pl\/wydzial\/wsne\/wp-content\/uploads\/sites\/20\/Bez-kategorii\/04_koncert_net.jpg\" class=\"gallery__item thumbnail\"\r\n                                    style=\"background-image: url(https:\/\/us.edu.pl\/wydzial\/wsne\/wp-content\/uploads\/sites\/20\/Bez-kategorii\/04_koncert_net.jpg)\"> <span class=\"d-none\">https:\/\/us.edu.pl\/wydzial\/wsne\/wp-content\/uploads\/sites\/20\/Bez-kategorii\/04_koncert_net.jpg<\/span> <\/a><a data-fancybox-group=\"button\" title=\"\" data-fancybox=\"8831\" href=\"https:\/\/us.edu.pl\/wydzial\/wsne\/wp-content\/uploads\/sites\/20\/Bez-kategorii\/05_koncert_net.jpg\" class=\"gallery__item thumbnail\"\r\n                                    style=\"background-image: url(https:\/\/us.edu.pl\/wydzial\/wsne\/wp-content\/uploads\/sites\/20\/Bez-kategorii\/05_koncert_net.jpg)\"> <span class=\"d-none\">https:\/\/us.edu.pl\/wydzial\/wsne\/wp-content\/uploads\/sites\/20\/Bez-kategorii\/05_koncert_net.jpg<\/span> <\/a><a data-fancybox-group=\"button\" title=\"\" data-fancybox=\"8831\" href=\"https:\/\/us.edu.pl\/wydzial\/wsne\/wp-content\/uploads\/sites\/20\/Bez-kategorii\/06_koncert_net.jpg\" class=\"gallery__item thumbnail\"\r\n                                    style=\"background-image: url(https:\/\/us.edu.pl\/wydzial\/wsne\/wp-content\/uploads\/sites\/20\/Bez-kategorii\/06_koncert_net.jpg)\"> <span class=\"d-none\">https:\/\/us.edu.pl\/wydzial\/wsne\/wp-content\/uploads\/sites\/20\/Bez-kategorii\/06_koncert_net.jpg<\/span> <\/a><a data-fancybox-group=\"button\" title=\"\" data-fancybox=\"8831\" href=\"https:\/\/us.edu.pl\/wydzial\/wsne\/wp-content\/uploads\/sites\/20\/Bez-kategorii\/07_koncert_net.jpg\" class=\"gallery__item thumbnail\"\r\n                                    style=\"background-image: url(https:\/\/us.edu.pl\/wydzial\/wsne\/wp-content\/uploads\/sites\/20\/Bez-kategorii\/07_koncert_net.jpg)\"> <span class=\"d-none\">https:\/\/us.edu.pl\/wydzial\/wsne\/wp-content\/uploads\/sites\/20\/Bez-kategorii\/07_koncert_net.jpg<\/span> <\/a><a data-fancybox-group=\"button\" title=\"\" data-fancybox=\"8831\" href=\"https:\/\/us.edu.pl\/wydzial\/wsne\/wp-content\/uploads\/sites\/20\/Bez-kategorii\/08_koncert_net.jpg\" class=\"gallery__item thumbnail\"\r\n                                    style=\"background-image: url(https:\/\/us.edu.pl\/wydzial\/wsne\/wp-content\/uploads\/sites\/20\/Bez-kategorii\/08_koncert_net.jpg)\"> <span class=\"d-none\">https:\/\/us.edu.pl\/wydzial\/wsne\/wp-content\/uploads\/sites\/20\/Bez-kategorii\/08_koncert_net.jpg<\/span> <\/a><a data-fancybox-group=\"button\" title=\"\" data-fancybox=\"8831\" href=\"https:\/\/us.edu.pl\/wydzial\/wsne\/wp-content\/uploads\/sites\/20\/Bez-kategorii\/09_koncert_net.jpg\" class=\"gallery__item thumbnail\"\r\n                                    style=\"background-image: url(https:\/\/us.edu.pl\/wydzial\/wsne\/wp-content\/uploads\/sites\/20\/Bez-kategorii\/09_koncert_net.jpg)\"> <span class=\"d-none\">https:\/\/us.edu.pl\/wydzial\/wsne\/wp-content\/uploads\/sites\/20\/Bez-kategorii\/09_koncert_net.jpg<\/span> <\/a><a data-fancybox-group=\"button\" title=\"\" data-fancybox=\"8831\" href=\"https:\/\/us.edu.pl\/wydzial\/wsne\/wp-content\/uploads\/sites\/20\/Bez-kategorii\/10_koncert_net.jpg\" class=\"gallery__item thumbnail\"\r\n                                    style=\"background-image: url(https:\/\/us.edu.pl\/wydzial\/wsne\/wp-content\/uploads\/sites\/20\/Bez-kategorii\/10_koncert_net.jpg)\"> <span class=\"d-none\">https:\/\/us.edu.pl\/wydzial\/wsne\/wp-content\/uploads\/sites\/20\/Bez-kategorii\/10_koncert_net.jpg<\/span> <\/a><a data-fancybox-group=\"button\" title=\"\" data-fancybox=\"8831\" href=\"https:\/\/us.edu.pl\/wydzial\/wsne\/wp-content\/uploads\/sites\/20\/Bez-kategorii\/11_koncert_net.jpg\" class=\"gallery__item thumbnail\"\r\n                                    style=\"background-image: url(https:\/\/us.edu.pl\/wydzial\/wsne\/wp-content\/uploads\/sites\/20\/Bez-kategorii\/11_koncert_net.jpg)\"> <span class=\"d-none\">https:\/\/us.edu.pl\/wydzial\/wsne\/wp-content\/uploads\/sites\/20\/Bez-kategorii\/11_koncert_net.jpg<\/span> <\/a><a data-fancybox-group=\"button\" title=\"\" data-fancybox=\"8831\" href=\"https:\/\/us.edu.pl\/wydzial\/wsne\/wp-content\/uploads\/sites\/20\/Bez-kategorii\/12_koncert_net.jpg\" class=\"gallery__item thumbnail\"\r\n                                    style=\"background-image: url(https:\/\/us.edu.pl\/wydzial\/wsne\/wp-content\/uploads\/sites\/20\/Bez-kategorii\/12_koncert_net.jpg)\"> <span class=\"d-none\">https:\/\/us.edu.pl\/wydzial\/wsne\/wp-content\/uploads\/sites\/20\/Bez-kategorii\/12_koncert_net.jpg<\/span> <\/a><a data-fancybox-group=\"button\" title=\"\" data-fancybox=\"8831\" href=\"https:\/\/us.edu.pl\/wydzial\/wsne\/wp-content\/uploads\/sites\/20\/Bez-kategorii\/13_koncert_net.jpg\" class=\"gallery__item thumbnail\"\r\n                                    style=\"background-image: url(https:\/\/us.edu.pl\/wydzial\/wsne\/wp-content\/uploads\/sites\/20\/Bez-kategorii\/13_koncert_net.jpg)\"> <span class=\"d-none\">https:\/\/us.edu.pl\/wydzial\/wsne\/wp-content\/uploads\/sites\/20\/Bez-kategorii\/13_koncert_net.jpg<\/span> <\/a><a data-fancybox-group=\"button\" title=\"\" data-fancybox=\"8831\" href=\"https:\/\/us.edu.pl\/wydzial\/wsne\/wp-content\/uploads\/sites\/20\/Bez-kategorii\/14_koncert_net.jpg\" class=\"gallery__item thumbnail\"\r\n                                    style=\"background-image: url(https:\/\/us.edu.pl\/wydzial\/wsne\/wp-content\/uploads\/sites\/20\/Bez-kategorii\/14_koncert_net.jpg)\"> <span class=\"d-none\">https:\/\/us.edu.pl\/wydzial\/wsne\/wp-content\/uploads\/sites\/20\/Bez-kategorii\/14_koncert_net.jpg<\/span> <\/a><a data-fancybox-group=\"button\" title=\"\" data-fancybox=\"8831\" href=\"https:\/\/us.edu.pl\/wydzial\/wsne\/wp-content\/uploads\/sites\/20\/Bez-kategorii\/15_koncert_net.jpg\" class=\"gallery__item thumbnail\"\r\n                                    style=\"background-image: url(https:\/\/us.edu.pl\/wydzial\/wsne\/wp-content\/uploads\/sites\/20\/Bez-kategorii\/15_koncert_net.jpg)\"> <span class=\"d-none\">https:\/\/us.edu.pl\/wydzial\/wsne\/wp-content\/uploads\/sites\/20\/Bez-kategorii\/15_koncert_net.jpg<\/span> <\/a><a data-fancybox-group=\"button\" title=\"\" data-fancybox=\"8831\" href=\"https:\/\/us.edu.pl\/wydzial\/wsne\/wp-content\/uploads\/sites\/20\/Bez-kategorii\/16_koncert_net.jpg\" class=\"gallery__item thumbnail\"\r\n                                    style=\"background-image: url(https:\/\/us.edu.pl\/wydzial\/wsne\/wp-content\/uploads\/sites\/20\/Bez-kategorii\/16_koncert_net.jpg)\"> <span class=\"d-none\">https:\/\/us.edu.pl\/wydzial\/wsne\/wp-content\/uploads\/sites\/20\/Bez-kategorii\/16_koncert_net.jpg<\/span> <\/a><a data-fancybox-group=\"button\" title=\"\" data-fancybox=\"8831\" href=\"https:\/\/us.edu.pl\/wydzial\/wsne\/wp-content\/uploads\/sites\/20\/Bez-kategorii\/17_koncert_net.jpg\" class=\"gallery__item thumbnail\"\r\n                                    style=\"background-image: url(https:\/\/us.edu.pl\/wydzial\/wsne\/wp-content\/uploads\/sites\/20\/Bez-kategorii\/17_koncert_net.jpg)\"> <span class=\"d-none\">https:\/\/us.edu.pl\/wydzial\/wsne\/wp-content\/uploads\/sites\/20\/Bez-kategorii\/17_koncert_net.jpg<\/span> <\/a><a data-fancybox-group=\"button\" title=\"\" data-fancybox=\"8831\" href=\"https:\/\/us.edu.pl\/wydzial\/wsne\/wp-content\/uploads\/sites\/20\/Bez-kategorii\/18_koncert_net.jpg\" class=\"gallery__item thumbnail\"\r\n                                    style=\"background-image: url(https:\/\/us.edu.pl\/wydzial\/wsne\/wp-content\/uploads\/sites\/20\/Bez-kategorii\/18_koncert_net.jpg)\"> <span class=\"d-none\">https:\/\/us.edu.pl\/wydzial\/wsne\/wp-content\/uploads\/sites\/20\/Bez-kategorii\/18_koncert_net.jpg<\/span> <\/a><a data-fancybox-group=\"button\" title=\"\" data-fancybox=\"8831\" href=\"https:\/\/us.edu.pl\/wydzial\/wsne\/wp-content\/uploads\/sites\/20\/Bez-kategorii\/19_koncert_net.jpg\" class=\"gallery__item thumbnail\"\r\n                                    style=\"background-image: url(https:\/\/us.edu.pl\/wydzial\/wsne\/wp-content\/uploads\/sites\/20\/Bez-kategorii\/19_koncert_net.jpg)\"> <span class=\"d-none\">https:\/\/us.edu.pl\/wydzial\/wsne\/wp-content\/uploads\/sites\/20\/Bez-kategorii\/19_koncert_net.jpg<\/span> <\/a><a data-fancybox-group=\"button\" title=\"\" data-fancybox=\"8831\" href=\"https:\/\/us.edu.pl\/wydzial\/wsne\/wp-content\/uploads\/sites\/20\/Bez-kategorii\/20_koncert_net-1.jpg\" class=\"gallery__item thumbnail\"\r\n                                    style=\"background-image: url(https:\/\/us.edu.pl\/wydzial\/wsne\/wp-content\/uploads\/sites\/20\/Bez-kategorii\/20_koncert_net-1.jpg)\"> <span class=\"d-none\">https:\/\/us.edu.pl\/wydzial\/wsne\/wp-content\/uploads\/sites\/20\/Bez-kategorii\/20_koncert_net-1.jpg<\/span> <\/a>\r\n                            <\/div>\r\n                    <\/div>\r\n                <\/div>[\/vc_column][\/vc_row][vc_row][vc_column]\r\n                <div class=\"text-modules\">\r\n                    <div class=\"container\">\r\n                        \r\n                        <div class=\"text-modules__content\"><p><span style=\"font-size: 12pt;\"><strong>Program koncertu<\/strong><\/span><\/p>\n<ul>\n<li><span style=\"font-size: 12pt;\">K. Pyka,\u00a0<em>Na Cieszy\u0144skiej Ziemi<\/em>\u00a0(aran\u017cacja: K. Pyka)<\/span><\/li>\n<li><span style=\"font-size: 12pt;\">B. Listwan,\u00a0<em>Tango na dwa serca<\/em>\u00a0(s\u0142owa: B. Listwan, aran\u017cacja: K. Pyka)<\/span><\/li>\n<li><span style=\"font-size: 12pt;\">W. Lutos\u0142awski,\u00a0<em>Wariacje na temat Paganiniego<\/em><\/span><\/li>\n<li><span style=\"font-size: 12pt;\">W. Kilar, walc z filmu \u201eZiemia obiecana\u201d (aran\u017cacja na dwa fortepiany: K. Pyka)<\/span><\/li>\n<li><span style=\"font-size: 12pt;\">J. Glenc,\u00a0<em>Legenda<\/em>\u00a0na skrzypce i fortepian<\/span><\/li>\n<li><span style=\"font-size: 12pt;\">J. Glenc,\u00a0<em>Wokaliza<\/em>\u00a0na skrzypce i fortepian<\/span><\/li>\n<li><span style=\"font-size: 12pt;\">F. Chopin \u2013 Scherzo b-moll op. 31<\/span><\/li>\n<li><span style=\"font-size: 12pt;\">S. Moniuszko,\u00a0<em>Nawr\u00f3cona<\/em>\u00a0(s\u0142owa: J. W. Goethe, przek\u0142ad: K. Brodzi\u0144ski, aran\u017cacja: P. Matusik)<\/span><\/li>\n<li><span style=\"font-size: 12pt;\">S. Moniuszki,\u00a0<em>Gro\u017ana dziewczyna<\/em>\u00a0(autor s\u0142\u00f3w nieznany, aran\u017cacja: M. \u017bupa\u0144ski)<\/span><\/li>\n<li><span style=\"font-size: 12pt;\">F. P. Tosti,\u00a0<em>Il pescatore canta<\/em>\u00a0(s\u0142owa: R. Mazzola)<\/span><\/li>\n<li><span style=\"font-size: 12pt;\">F. P. Tosti,\u00a0<em>Non t\u2019amo pi\u00f9!<\/em>\u00a0(s\u0142owa: C. Errico)<\/span><\/li>\n<li><span style=\"font-size: 12pt;\">F. P. Tosti,\u00a0<em>Good-Bye!<\/em>\u00a0(s\u0142owa: G. T. Whyte Melville)<\/span><\/li>\n<li><span style=\"font-size: 12pt;\">Z. Wodecki,\u00a0<em>Tak bardzo wierz\u0119 w nas<\/em>\u00a0(s\u0142owa: Z. Ksi\u0105\u017cek, aran\u017cacja: S. Meck)<\/span><\/li>\n<li><span style=\"font-size: 12pt;\">Z. Wodecki,\u00a0<em>Zacznij od Bacha<\/em>\u00a0(s\u0142owa: J. Terakowski, aran\u017cacja: S. Meck)<\/span><\/li>\n<li><span style=\"font-size: 12pt;\">M. Galeski,\u00a0<em>Hymn III tysi\u0105clecia<\/em><\/span><\/li>\n<\/ul>\n<p><span style=\"font-size: 12pt;\"><strong>Wykonawcy<\/strong><\/span><\/p>\n<p><span style=\"font-size: 12pt;\">CIESZY\u0143SKA ORKIESTRA D\u0118TA UNIWERSYTETU \u015aL\u0104SKIEGO<\/span><\/p>\n<p><span style=\"font-size: 12pt;\">CH\u00d3R INSTYTUTU SZTUK MUZYCZNYCH<\/span><\/p>\n<p><span style=\"font-size: 12pt;\">CH\u00d3R UNIWERSYTETU \u015aL\u0104SKIEGO \u201eHARMONIA&#8221;<\/span><\/p>\n<p><span style=\"font-size: 12pt;\">Sabina OLBRICH-SZAFRANIEC \u2013 sopran<\/span><br \/>\n<span style=\"font-size: 12pt;\">Aleksandra OPA\u0141A \u2013 mezzosopran<\/span><br \/>\n<span style=\"font-size: 12pt;\">Hubert MI\u015aKA \u2013 tenor<\/span><br \/>\n<span style=\"font-size: 12pt;\">Mateusz ZAJDEL \u2013 tenor<\/span><br \/>\n<span style=\"font-size: 12pt;\">Bartosz LISTWAN \u2013 \u015bpiew<\/span><br \/>\n<span style=\"font-size: 12pt;\">Marek ANTON \u2013 \u015bpiew<\/span><br \/>\n<span style=\"font-size: 12pt;\">Aleksandra HA\u0141AT \u2013 fortepian<\/span><br \/>\n<span style=\"font-size: 12pt;\">Agata HO\u0141DYK \u2013 fortepian<\/span><br \/>\n<span style=\"font-size: 12pt;\">Micha\u0142 KORZISTKA \u2013 fortepian<\/span><br \/>\n<span style=\"font-size: 12pt;\">Grzegorz NIEMCZUK \u2013 fortepian<\/span><br \/>\n<span style=\"font-size: 12pt;\">Piotr MATUSIK \u2013 fortepian<\/span><br \/>\n<span style=\"font-size: 12pt;\">Jakub CZEKIERDA \u2013 fortepian<\/span><br \/>\n<span style=\"font-size: 12pt;\">Wojciech GOLEC \u2013 akordeon<\/span><br \/>\n<span style=\"font-size: 12pt;\">Marcin HA\u0141AT \u2013 skrzypce<\/span><br \/>\n<span style=\"font-size: 12pt;\">Marcin \u017bUPA\u0143SKI \u2013 klarnet basowy, flet, saksofon sopranowy<\/span><br \/>\n<span style=\"font-size: 12pt;\">Eugeniusz KUBAT \u2013 kontrabas<\/span><br \/>\n<span style=\"font-size: 12pt;\">Konrad SADLIK \u2013 perkusja<\/span><\/p>\n<p><span style=\"font-size: 12pt;\">Anna SZOSTAK \u2013 dyrygent (przygotowanie ch\u00f3ru)<\/span><br \/>\n<span style=\"font-size: 12pt;\">Aleksandra ZEMAN \u2013 dyrygent (przygotowanie ch\u00f3ru)<\/span><br \/>\n<span style=\"font-size: 12pt;\">Karol PYKA \u2013 dyrygent (przygotowanie orkiestry)<\/span><\/p>\n<p><span style=\"font-size: 12pt;\">Ma\u0142gorzata Mendel \u2013 prowadzenie<\/span><br \/>\n<span style=\"font-size: 12pt;\">Magda Mi\u015bka-Jackowska \u2013 prowadzenie<\/span><\/p>\n<p><span style=\"font-size: 12pt;\">Wojciech Golec \u2013 koordynator programowy<\/span><\/p>\n<\/div>\r\n                    <\/div>\r\n                <\/div>[\/vc_column][\/vc_row]<\/p>","protected":false},"excerpt":{"rendered":"<p>[vc_row][vc_column][vc_column_text]31 maja w cieszy\u0144skim teatrze im. Adama Mickiewicza \u015bwi\u0119towali\u015bmy 54. rocznic\u0119 powo\u0142ania Uniwersytetu \u015al\u0105skiego oraz jubileusz 50-lecia filii U\u015a w Cieszynie. Z tej podw\u00f3jnej okazji wyk\u0142adowcy i ich studenci z Instytutu Sztuk Muzycznych oraz zaproszeni arty\u015bci przygotowali dla nas wspania\u0142y koncert.[\/vc_column_text][\/vc_column][\/vc_row][vc_row][vc_column][\/vc_column][\/vc_row][vc_row][vc_column][\/vc_column][\/vc_row] [&#8230;]<\/p>\n<p><a class=\"btn btn-secondary understrap-read-more-link\" href=\"https:\/\/us.edu.pl\/wydzial\/wsne\/2022\/06\/07\/fotorelacja-z-xxvi-koncertu-akademickiego-w-cieszynie-cz-2\/\">Read More&#8230;<\/a><\/p>\n","protected":false},"author":110,"featured_media":156261,"comment_status":"open","ping_status":"open","sticky":false,"template":"","format":"standard","meta":{"_expiration-date-status":"","_expiration-date":0,"_expiration-date-type":"","_expiration-date-categories":[],"_expiration-date-options":[]},"categories":[31,32,13,10],"tags":[],"acf":[],"_links":{"self":[{"href":"https:\/\/us.edu.pl\/wydzial\/wsne\/wp-json\/wp\/v2\/posts\/156257"}],"collection":[{"href":"https:\/\/us.edu.pl\/wydzial\/wsne\/wp-json\/wp\/v2\/posts"}],"about":[{"href":"https:\/\/us.edu.pl\/wydzial\/wsne\/wp-json\/wp\/v2\/types\/post"}],"author":[{"embeddable":true,"href":"https:\/\/us.edu.pl\/wydzial\/wsne\/wp-json\/wp\/v2\/users\/110"}],"replies":[{"embeddable":true,"href":"https:\/\/us.edu.pl\/wydzial\/wsne\/wp-json\/wp\/v2\/comments?post=156257"}],"version-history":[{"count":2,"href":"https:\/\/us.edu.pl\/wydzial\/wsne\/wp-json\/wp\/v2\/posts\/156257\/revisions"}],"predecessor-version":[{"id":156281,"href":"https:\/\/us.edu.pl\/wydzial\/wsne\/wp-json\/wp\/v2\/posts\/156257\/revisions\/156281"}],"wp:featuredmedia":[{"embeddable":true,"href":"https:\/\/us.edu.pl\/wydzial\/wsne\/wp-json\/wp\/v2\/media\/156261"}],"wp:attachment":[{"href":"https:\/\/us.edu.pl\/wydzial\/wsne\/wp-json\/wp\/v2\/media?parent=156257"}],"wp:term":[{"taxonomy":"category","embeddable":true,"href":"https:\/\/us.edu.pl\/wydzial\/wsne\/wp-json\/wp\/v2\/categories?post=156257"},{"taxonomy":"post_tag","embeddable":true,"href":"https:\/\/us.edu.pl\/wydzial\/wsne\/wp-json\/wp\/v2\/tags?post=156257"}],"curies":[{"name":"wp","href":"https:\/\/api.w.org\/{rel}","templated":true}]}}