{"id":157230,"date":"2022-11-23T13:53:24","date_gmt":"2022-11-23T12:53:24","guid":{"rendered":"https:\/\/us.edu.pl\/wydzial\/wsne\/?p=157230"},"modified":"2022-11-23T13:53:24","modified_gmt":"2022-11-23T12:53:24","slug":"konferencja-piecza-zastepcza-i-adopcja-codzienne-wyzwania","status":"publish","type":"post","link":"https:\/\/us.edu.pl\/wydzial\/wsne\/2022\/11\/23\/konferencja-piecza-zastepcza-i-adopcja-codzienne-wyzwania\/","title":{"rendered":"Konferencja &#8222;Piecza Zast\u0119pcza i Adopcja &#8211; codzienne wyzwania&#8221;"},"content":{"rendered":"<p>[vc_row][vc_column][vc_column_text]<span style=\"font-size: 12pt;\">22 listopada odby\u0142a si\u0119 konferencja &#8222;Piecza Zast\u0119pcza i Adopcja &#8211; codzienne wyzwania&#8221;. Po raz kolejny organizatorem by\u0142 Wydzia\u0142 Sztuki i Nauk o Edukacji wraz ze Stowarzyszeniem Rodzin Zast\u0119pczych i Adopcyjnych T\u0119czowa Przysta\u0144. Prezentowane tematy tegorocznych obrad wsp\u00f3\u0142tworzy\u0142y studentki pedagogiki o specjalno\u015bci resocjalizacja i socjoterapia, pod opiek\u0105 Pani dr Doroty Prysak. (www.prysak.pl)<\/span><\/p>\n<p><span style=\"font-size: 12pt;\">Zdj\u0119cia: Oliwia P\u0142aczek<\/span>[\/vc_column_text][\/vc_column][\/vc_row][vc_row][vc_column]            \r\n                    <div class=\"container\">\r\n                        <div class=\"gallery gallery_4\" data-images-in-row=\"4\">\r\n                            \r\n                            <div class=\"row m-0\">\r\n                                <a data-fancybox-group=\"button\" title=\"\" data-fancybox=\"3192\" href=\"https:\/\/us.edu.pl\/wydzial\/wsne\/wp-content\/uploads\/sites\/20\/Bez-kategorii\/Ftoreportaz-z-konferencji-001-1.jpg\" class=\"gallery__item thumbnail\"\r\n                                    style=\"background-image: url(https:\/\/us.edu.pl\/wydzial\/wsne\/wp-content\/uploads\/sites\/20\/Bez-kategorii\/Ftoreportaz-z-konferencji-001-1.jpg)\"> <span class=\"d-none\">https:\/\/us.edu.pl\/wydzial\/wsne\/wp-content\/uploads\/sites\/20\/Bez-kategorii\/Ftoreportaz-z-konferencji-001-1.jpg<\/span> <\/a><a data-fancybox-group=\"button\" title=\"\" data-fancybox=\"3192\" href=\"https:\/\/us.edu.pl\/wydzial\/wsne\/wp-content\/uploads\/sites\/20\/Bez-kategorii\/Ftoreportaz-z-konferencji-001-2.jpg\" class=\"gallery__item thumbnail\"\r\n                                    style=\"background-image: url(https:\/\/us.edu.pl\/wydzial\/wsne\/wp-content\/uploads\/sites\/20\/Bez-kategorii\/Ftoreportaz-z-konferencji-001-2.jpg)\"> <span class=\"d-none\">https:\/\/us.edu.pl\/wydzial\/wsne\/wp-content\/uploads\/sites\/20\/Bez-kategorii\/Ftoreportaz-z-konferencji-001-2.jpg<\/span> <\/a><a data-fancybox-group=\"button\" title=\"\" data-fancybox=\"3192\" href=\"https:\/\/us.edu.pl\/wydzial\/wsne\/wp-content\/uploads\/sites\/20\/Bez-kategorii\/Ftoreportaz-z-konferencji-001-3.jpg\" class=\"gallery__item thumbnail\"\r\n                                    style=\"background-image: url(https:\/\/us.edu.pl\/wydzial\/wsne\/wp-content\/uploads\/sites\/20\/Bez-kategorii\/Ftoreportaz-z-konferencji-001-3.jpg)\"> <span class=\"d-none\">https:\/\/us.edu.pl\/wydzial\/wsne\/wp-content\/uploads\/sites\/20\/Bez-kategorii\/Ftoreportaz-z-konferencji-001-3.jpg<\/span> <\/a><a data-fancybox-group=\"button\" title=\"\" data-fancybox=\"3192\" href=\"https:\/\/us.edu.pl\/wydzial\/wsne\/wp-content\/uploads\/sites\/20\/Bez-kategorii\/Ftoreportaz-z-konferencji-001-4.jpg\" class=\"gallery__item thumbnail\"\r\n                                    style=\"background-image: url(https:\/\/us.edu.pl\/wydzial\/wsne\/wp-content\/uploads\/sites\/20\/Bez-kategorii\/Ftoreportaz-z-konferencji-001-4.jpg)\"> <span class=\"d-none\">https:\/\/us.edu.pl\/wydzial\/wsne\/wp-content\/uploads\/sites\/20\/Bez-kategorii\/Ftoreportaz-z-konferencji-001-4.jpg<\/span> <\/a><a data-fancybox-group=\"button\" title=\"\" data-fancybox=\"3192\" href=\"https:\/\/us.edu.pl\/wydzial\/wsne\/wp-content\/uploads\/sites\/20\/Bez-kategorii\/Ftoreportaz-z-konferencji-001-5.jpg\" class=\"gallery__item thumbnail\"\r\n                                    style=\"background-image: url(https:\/\/us.edu.pl\/wydzial\/wsne\/wp-content\/uploads\/sites\/20\/Bez-kategorii\/Ftoreportaz-z-konferencji-001-5.jpg)\"> <span class=\"d-none\">https:\/\/us.edu.pl\/wydzial\/wsne\/wp-content\/uploads\/sites\/20\/Bez-kategorii\/Ftoreportaz-z-konferencji-001-5.jpg<\/span> <\/a><a data-fancybox-group=\"button\" title=\"\" data-fancybox=\"3192\" href=\"https:\/\/us.edu.pl\/wydzial\/wsne\/wp-content\/uploads\/sites\/20\/Bez-kategorii\/Ftoreportaz-z-konferencji-001-6.jpg\" class=\"gallery__item thumbnail\"\r\n                                    style=\"background-image: url(https:\/\/us.edu.pl\/wydzial\/wsne\/wp-content\/uploads\/sites\/20\/Bez-kategorii\/Ftoreportaz-z-konferencji-001-6.jpg)\"> <span class=\"d-none\">https:\/\/us.edu.pl\/wydzial\/wsne\/wp-content\/uploads\/sites\/20\/Bez-kategorii\/Ftoreportaz-z-konferencji-001-6.jpg<\/span> <\/a><a data-fancybox-group=\"button\" title=\"\" data-fancybox=\"3192\" href=\"https:\/\/us.edu.pl\/wydzial\/wsne\/wp-content\/uploads\/sites\/20\/Bez-kategorii\/Ftoreportaz-z-konferencji-001-7.jpg\" class=\"gallery__item thumbnail\"\r\n                                    style=\"background-image: url(https:\/\/us.edu.pl\/wydzial\/wsne\/wp-content\/uploads\/sites\/20\/Bez-kategorii\/Ftoreportaz-z-konferencji-001-7.jpg)\"> <span class=\"d-none\">https:\/\/us.edu.pl\/wydzial\/wsne\/wp-content\/uploads\/sites\/20\/Bez-kategorii\/Ftoreportaz-z-konferencji-001-7.jpg<\/span> <\/a><a data-fancybox-group=\"button\" title=\"\" data-fancybox=\"3192\" href=\"https:\/\/us.edu.pl\/wydzial\/wsne\/wp-content\/uploads\/sites\/20\/Bez-kategorii\/Ftoreportaz-z-konferencji-001-8.jpg\" class=\"gallery__item thumbnail\"\r\n                                    style=\"background-image: url(https:\/\/us.edu.pl\/wydzial\/wsne\/wp-content\/uploads\/sites\/20\/Bez-kategorii\/Ftoreportaz-z-konferencji-001-8.jpg)\"> <span class=\"d-none\">https:\/\/us.edu.pl\/wydzial\/wsne\/wp-content\/uploads\/sites\/20\/Bez-kategorii\/Ftoreportaz-z-konferencji-001-8.jpg<\/span> <\/a><a data-fancybox-group=\"button\" title=\"\" data-fancybox=\"3192\" href=\"https:\/\/us.edu.pl\/wydzial\/wsne\/wp-content\/uploads\/sites\/20\/Bez-kategorii\/Ftoreportaz-z-konferencji-001-9.jpg\" class=\"gallery__item thumbnail\"\r\n                                    style=\"background-image: url(https:\/\/us.edu.pl\/wydzial\/wsne\/wp-content\/uploads\/sites\/20\/Bez-kategorii\/Ftoreportaz-z-konferencji-001-9.jpg)\"> <span class=\"d-none\">https:\/\/us.edu.pl\/wydzial\/wsne\/wp-content\/uploads\/sites\/20\/Bez-kategorii\/Ftoreportaz-z-konferencji-001-9.jpg<\/span> <\/a><a data-fancybox-group=\"button\" title=\"\" data-fancybox=\"3192\" href=\"https:\/\/us.edu.pl\/wydzial\/wsne\/wp-content\/uploads\/sites\/20\/Bez-kategorii\/Ftoreportaz-z-konferencji-001-10.jpg\" class=\"gallery__item thumbnail\"\r\n                                    style=\"background-image: url(https:\/\/us.edu.pl\/wydzial\/wsne\/wp-content\/uploads\/sites\/20\/Bez-kategorii\/Ftoreportaz-z-konferencji-001-10.jpg)\"> <span class=\"d-none\">https:\/\/us.edu.pl\/wydzial\/wsne\/wp-content\/uploads\/sites\/20\/Bez-kategorii\/Ftoreportaz-z-konferencji-001-10.jpg<\/span> <\/a>\r\n                            <\/div>\r\n                    <\/div>\r\n                <\/div>[\/vc_column][\/vc_row]<\/p>","protected":false},"excerpt":{"rendered":"<p>[vc_row][vc_column][vc_column_text]22 listopada odby\u0142a si\u0119 konferencja &#8222;Piecza Zast\u0119pcza i Adopcja &#8211; codzienne wyzwania&#8221;. Po raz kolejny organizatorem by\u0142 Wydzia\u0142 Sztuki i Nauk o Edukacji wraz ze Stowarzyszeniem Rodzin Zast\u0119pczych i Adopcyjnych T\u0119czowa Przysta\u0144. Prezentowane tematy tegorocznych obrad wsp\u00f3\u0142tworzy\u0142y studentki pedagogiki o specjalno\u015bci resocjalizacja i socjoterapia, pod opiek\u0105 Pani dr Doroty Prysak. (www.prysak.pl) Zdj\u0119cia: Oliwia P\u0142aczek[\/vc_column_text][\/vc_column][\/vc_row][vc_row][vc_column][\/vc_column][\/vc_row] [&#8230;]<\/p>\n<p><a class=\"btn btn-secondary understrap-read-more-link\" href=\"https:\/\/us.edu.pl\/wydzial\/wsne\/2022\/11\/23\/konferencja-piecza-zastepcza-i-adopcja-codzienne-wyzwania\/\">Read More&#8230;<\/a><\/p>\n","protected":false},"author":110,"featured_media":157238,"comment_status":"open","ping_status":"open","sticky":false,"template":"","format":"standard","meta":{"_expiration-date-status":"","_expiration-date":0,"_expiration-date-type":"","_expiration-date-categories":[],"_expiration-date-options":[]},"categories":[13,10],"tags":[],"acf":[],"_links":{"self":[{"href":"https:\/\/us.edu.pl\/wydzial\/wsne\/wp-json\/wp\/v2\/posts\/157230"}],"collection":[{"href":"https:\/\/us.edu.pl\/wydzial\/wsne\/wp-json\/wp\/v2\/posts"}],"about":[{"href":"https:\/\/us.edu.pl\/wydzial\/wsne\/wp-json\/wp\/v2\/types\/post"}],"author":[{"embeddable":true,"href":"https:\/\/us.edu.pl\/wydzial\/wsne\/wp-json\/wp\/v2\/users\/110"}],"replies":[{"embeddable":true,"href":"https:\/\/us.edu.pl\/wydzial\/wsne\/wp-json\/wp\/v2\/comments?post=157230"}],"version-history":[{"count":0,"href":"https:\/\/us.edu.pl\/wydzial\/wsne\/wp-json\/wp\/v2\/posts\/157230\/revisions"}],"wp:featuredmedia":[{"embeddable":true,"href":"https:\/\/us.edu.pl\/wydzial\/wsne\/wp-json\/wp\/v2\/media\/157238"}],"wp:attachment":[{"href":"https:\/\/us.edu.pl\/wydzial\/wsne\/wp-json\/wp\/v2\/media?parent=157230"}],"wp:term":[{"taxonomy":"category","embeddable":true,"href":"https:\/\/us.edu.pl\/wydzial\/wsne\/wp-json\/wp\/v2\/categories?post=157230"},{"taxonomy":"post_tag","embeddable":true,"href":"https:\/\/us.edu.pl\/wydzial\/wsne\/wp-json\/wp\/v2\/tags?post=157230"}],"curies":[{"name":"wp","href":"https:\/\/api.w.org\/{rel}","templated":true}]}}