{"id":161083,"date":"2024-05-07T10:20:11","date_gmt":"2024-05-07T08:20:11","guid":{"rendered":"https:\/\/us.edu.pl\/wydzial\/wsne\/?p=161083"},"modified":"2024-05-07T10:20:11","modified_gmt":"2024-05-07T08:20:11","slug":"konkurs-na-projekty-upominkow-dla-politykow-i-urzednikow-instytucji-unii-europejskiej","status":"publish","type":"post","link":"https:\/\/us.edu.pl\/wydzial\/wsne\/2024\/05\/07\/konkurs-na-projekty-upominkow-dla-politykow-i-urzednikow-instytucji-unii-europejskiej\/","title":{"rendered":"Konkurs na projekty upomink\u00f3w dla polityk\u00f3w i urz\u0119dnik\u00f3w instytucji Unii Europejskiej"},"content":{"rendered":"<p>[vc_row][vc_column][vc_column_text]<span style=\"font-size: 12pt;\">Uprzejmie informuj\u0119, \u017ce w dniu 22 kwietnia 2024 r. zosta\u0142 og\u0142oszony konkurs na projekty upomink\u00f3w dla polityk\u00f3w i urz\u0119dnik\u00f3w instytucji Unii Europejskiej oraz jej pa\u0144stw cz\u0142onkowskich z okazji prezydencji Polski w Radzie Unii Europejskiej, przypadaj\u0105cej na okres od 1 stycznia 2025 r. do 30 czerwca 2025 r.<\/span><\/p>\n<p><span style=\"font-size: 12pt;\">Organizatorem konkursu, na zlecenie Kancelarii Prezesa Rady Ministr\u00f3w, jest Instytut Wzornictwa Przemys\u0142owego sp. z o. o. z siedzib\u0105 w Warszawie. \u00a0Konkurs jest skierowany <\/span><span style=\"font-size: 12pt;\">m. in. do student\u00f3w kszta\u0142c\u0105cych si\u0119 na studiach pierwszego i drugiego stopnia oraz jednolitych studiach magisterskich na kierunkach, na kt\u00f3rych jest realizowany program studi\u00f3w w zakresie wzornictwa przemys\u0142owego, w szczeg\u00f3lno\u015bci takich jak wzornictwo, grafika, malarstwo, architektura, sztuka nowych medi\u00f3w i innych kierunk\u00f3w projektowych, <\/span><span style=\"font-size: 12pt;\">a tak\u017ce ich absolwent\u00f3w, kt\u00f3rzy do dnia 31 grudnia 2024 roku nie uko\u0144cz\u0105 30. roku \u017cycia. Prowadzony jest w czterech kategoriach, a laureaci, w ka\u017cdej z nich otrzymuj\u0105 nagrod\u0119 finansow\u0105 w wysoko\u015bci 7 000 z\u0142otych brutto.<\/span><\/p>\n<p><span style=\"font-size: 12pt;\">Ostateczny termin nadsy\u0142ania formularzy zg\u0142osze\u0144 up\u0142ywa z dniem <strong>24 maja 2024 r.<\/strong><\/span><\/p>\n<p><span style=\"font-size: 12pt;\">Szczeg\u00f3\u0142owe informacje o konkursie, w tym regulamin konkursu oraz tzw. brief koncepcyjny, s\u0105 dost\u0119pne na stronie internetowej pod adresem URL: <a href=\"https:\/\/instytutwzornictwa.com\/upominekue\/\">https:\/\/instytutwzornictwa.com\/upominekue\/<\/a> Wszelkich dodatkowych informacji w sprawie udziela Instytut Wzornictwa Przemys\u0142owego z siedzib\u0105 w Warszawie oraz KPRM.<\/span><\/p>\n<p><span style=\"font-size: 12pt;\"><a href=\"https:\/\/us.edu.pl\/wydzial\/wsne\/wp-content\/uploads\/sites\/20\/Bez-kategorii\/05.04.2024-r._-REGULAMIN-konkurs-otwarty-1.pdf\" class=\"mtli_attachment mtli_pdf\">05.04.2024-r._ REGULAMIN-konkurs-otwarty<\/a><\/span><\/p>\n<p><span style=\"font-size: 12pt;\">Kancelarii Prezesa Rady Ministr\u00f3w, jako inicjatorowi konkursu, zale\u017cy na mo\u017cliwie najszerszym udziale w nim projektant\u00f3w m\u0142odego pokolenia, po to aby wykorzysta\u0107 ich wizje i pomys\u0142y w dzia\u0142aniach wizerunkowych, podejmowanych przez KPRM w zwi\u0105zku <\/span><span style=\"font-size: 12pt;\">z prezydencj\u0105.<\/span><\/p>\n<p><span style=\"font-size: 12pt;\"><strong><em>Z wyrazami szacunku<\/em><\/strong><\/span><\/p>\n<p><span style=\"font-size: 12pt;\">Z upowa\u017cnienia<\/span><\/p>\n<p><span style=\"font-size: 12pt;\">Ministra Nauki<\/span><\/p>\n<p><span style=\"font-size: 12pt;\">Maria Mr\u00f3wczy\u0144ska<\/span><\/p>\n<p><span style=\"font-size: 12pt;\">Podsekretarz Stanu<\/span>[\/vc_column_text][\/vc_column][\/vc_row]<\/p>","protected":false},"excerpt":{"rendered":"<p>[vc_row][vc_column][vc_column_text]Uprzejmie informuj\u0119, \u017ce w dniu 22 kwietnia 2024 r. zosta\u0142 og\u0142oszony konkurs na projekty upomink\u00f3w dla polityk\u00f3w i urz\u0119dnik\u00f3w instytucji Unii Europejskiej oraz jej pa\u0144stw cz\u0142onkowskich z okazji prezydencji Polski w Radzie Unii Europejskiej, przypadaj\u0105cej na okres od 1 stycznia 2025 r. do 30 czerwca 2025 r. Organizatorem konkursu, na zlecenie Kancelarii Prezesa Rady Ministr\u00f3w, [&#8230;]<\/p>\n<p><a class=\"btn btn-secondary understrap-read-more-link\" href=\"https:\/\/us.edu.pl\/wydzial\/wsne\/2024\/05\/07\/konkurs-na-projekty-upominkow-dla-politykow-i-urzednikow-instytucji-unii-europejskiej\/\">Read More&#8230;<\/a><\/p>\n","protected":false},"author":110,"featured_media":159992,"comment_status":"open","ping_status":"open","sticky":false,"template":"","format":"standard","meta":{"_expiration-date-status":"","_expiration-date":0,"_expiration-date-type":"","_expiration-date-categories":[],"_expiration-date-options":[]},"categories":[13,10],"tags":[],"acf":[],"_links":{"self":[{"href":"https:\/\/us.edu.pl\/wydzial\/wsne\/wp-json\/wp\/v2\/posts\/161083"}],"collection":[{"href":"https:\/\/us.edu.pl\/wydzial\/wsne\/wp-json\/wp\/v2\/posts"}],"about":[{"href":"https:\/\/us.edu.pl\/wydzial\/wsne\/wp-json\/wp\/v2\/types\/post"}],"author":[{"embeddable":true,"href":"https:\/\/us.edu.pl\/wydzial\/wsne\/wp-json\/wp\/v2\/users\/110"}],"replies":[{"embeddable":true,"href":"https:\/\/us.edu.pl\/wydzial\/wsne\/wp-json\/wp\/v2\/comments?post=161083"}],"version-history":[{"count":0,"href":"https:\/\/us.edu.pl\/wydzial\/wsne\/wp-json\/wp\/v2\/posts\/161083\/revisions"}],"wp:featuredmedia":[{"embeddable":true,"href":"https:\/\/us.edu.pl\/wydzial\/wsne\/wp-json\/wp\/v2\/media\/159992"}],"wp:attachment":[{"href":"https:\/\/us.edu.pl\/wydzial\/wsne\/wp-json\/wp\/v2\/media?parent=161083"}],"wp:term":[{"taxonomy":"category","embeddable":true,"href":"https:\/\/us.edu.pl\/wydzial\/wsne\/wp-json\/wp\/v2\/categories?post=161083"},{"taxonomy":"post_tag","embeddable":true,"href":"https:\/\/us.edu.pl\/wydzial\/wsne\/wp-json\/wp\/v2\/tags?post=161083"}],"curies":[{"name":"wp","href":"https:\/\/api.w.org\/{rel}","templated":true}]}}