{"id":161595,"date":"2024-06-27T12:46:28","date_gmt":"2024-06-27T10:46:28","guid":{"rendered":"https:\/\/us.edu.pl\/wydzial\/wsne\/?p=161595"},"modified":"2024-06-27T12:49:44","modified_gmt":"2024-06-27T10:49:44","slug":"dwie-nagrody-dla-choru-us-harmonia-na-59-miedzynarodowym-festiwalu-piesni-choralnej-im-prof-jana-szyrockiego","status":"publish","type":"post","link":"https:\/\/us.edu.pl\/wydzial\/wsne\/2024\/06\/27\/dwie-nagrody-dla-choru-us-harmonia-na-59-miedzynarodowym-festiwalu-piesni-choralnej-im-prof-jana-szyrockiego\/","title":{"rendered":"Dwie nagrody dla Ch\u00f3ru U\u015a Harmonia na 59. Mi\u0119dzynarodowym Festiwalu Pie\u015bni Ch\u00f3ralnej im. Prof. Jana Szyrockiego"},"content":{"rendered":"<p>[vc_row][vc_column][vc_column_text]<span style=\"font-size: 12pt;\">Szanowni Pa\u0144stwo,<\/span><\/p>\n<p><span style=\"font-size: 12pt;\">Z rado\u015bci\u0105 informuj\u0119, i\u017c podczas <em>59. <\/em>Mi\u0119dzynarodowego Festiwalu Pie\u015bni Ch\u00f3ralnej im. Prof. Jana Szyrockiego odbywaj\u0105cego si\u0119 od 16 do 21 czerwca br. w Mi\u0119dzyzdrojach <\/span><span style=\"font-size: 12pt;\">Ch\u00f3r U\u015a Harmonia otrzyma\u0142 dwie nagrody:<strong> Srebrny Dyplom<\/strong> w konkursie <em>Muzyka Wsp\u00f3\u0142czesna <\/em>oraz <strong>Srebrny Dyplom <\/strong>w konkursie <em>Musica Sacra.<\/em> W tym presti\u017cowym festiwalu udzia\u0142 wzi\u0119\u0142o kilkana\u015bcie znakomitych ch\u00f3r\u00f3w krajowych i jeden zagraniczny. Nasz zesp\u00f3\u0142 \u00a0zaprezentowa\u0142 sw\u00f3j repertuar przed jury oraz licznie zgromadzon\u0105 publiczno\u015bci\u0105 w dw\u00f3ch miejscach: Ko\u015bci\u00f3\u0142 p.w. \u015aw. Piotra Aposto\u0142a w Mi\u0119dzyzdrojach (<em>Musica Sacra<\/em>) oraz Mi\u0119dzynarodowy Dom Kultury w Mi\u0119dzyzdrojach (<em>Muzyka wsp\u00f3\u0142czesna<\/em>). \u00a0<\/span><\/p>\n<p><span style=\"font-size: 12pt;\">\u0141\u0105cz\u0119 wyrazy szacunku,<\/span><br \/>\n<span style=\"font-size: 12pt;\">prof. dr hab. Joanna Glenc \u2013 dyrygent \u00a0\u00a0<\/span>[\/vc_column_text][\/vc_column][\/vc_row][vc_row][vc_column]            \r\n                    <div class=\"container\">\r\n                        <div class=\"gallery gallery_4\" data-images-in-row=\"4\">\r\n                            \r\n                            <div class=\"row m-0\">\r\n                                <a data-fancybox-group=\"button\" title=\"\" data-fancybox=\"9669\" href=\"https:\/\/us.edu.pl\/wydzial\/wsne\/wp-content\/uploads\/sites\/20\/Bez-kategorii\/1-4.jpg\" class=\"gallery__item thumbnail\"\r\n                                    style=\"background-image: url(https:\/\/us.edu.pl\/wydzial\/wsne\/wp-content\/uploads\/sites\/20\/Bez-kategorii\/1-4-1200x900.jpg)\"> <span class=\"d-none\">https:\/\/us.edu.pl\/wydzial\/wsne\/wp-content\/uploads\/sites\/20\/Bez-kategorii\/1-4.jpg<\/span> <\/a><a data-fancybox-group=\"button\" title=\"\" data-fancybox=\"9669\" href=\"https:\/\/us.edu.pl\/wydzial\/wsne\/wp-content\/uploads\/sites\/20\/Bez-kategorii\/2-4-scaled.jpg\" class=\"gallery__item thumbnail\"\r\n                                    style=\"background-image: url(https:\/\/us.edu.pl\/wydzial\/wsne\/wp-content\/uploads\/sites\/20\/Bez-kategorii\/2-4-900x1200.jpg)\"> <span class=\"d-none\">https:\/\/us.edu.pl\/wydzial\/wsne\/wp-content\/uploads\/sites\/20\/Bez-kategorii\/2-4-scaled.jpg<\/span> <\/a><a data-fancybox-group=\"button\" title=\"\" data-fancybox=\"9669\" href=\"https:\/\/us.edu.pl\/wydzial\/wsne\/wp-content\/uploads\/sites\/20\/Bez-kategorii\/Chor-US-Harmonia-konkurs-Musica-Sacra-fot.-arch.-festiwalu..jpg\" class=\"gallery__item thumbnail\"\r\n                                    style=\"background-image: url(https:\/\/us.edu.pl\/wydzial\/wsne\/wp-content\/uploads\/sites\/20\/Bez-kategorii\/Chor-US-Harmonia-konkurs-Musica-Sacra-fot.-arch.-festiwalu.-1200x900.jpg)\"> <span class=\"d-none\">https:\/\/us.edu.pl\/wydzial\/wsne\/wp-content\/uploads\/sites\/20\/Bez-kategorii\/Chor-US-Harmonia-konkurs-Musica-Sacra-fot.-arch.-festiwalu..jpg<\/span> <\/a><a data-fancybox-group=\"button\" title=\"\" data-fancybox=\"9669\" href=\"https:\/\/us.edu.pl\/wydzial\/wsne\/wp-content\/uploads\/sites\/20\/Bez-kategorii\/Chor-US-Harmonia-konkurs-Musica-Sacra-fot.-arch.-festiwalu.jpg\" class=\"gallery__item thumbnail\"\r\n                                    style=\"background-image: url(https:\/\/us.edu.pl\/wydzial\/wsne\/wp-content\/uploads\/sites\/20\/Bez-kategorii\/Chor-US-Harmonia-konkurs-Musica-Sacra-fot.-arch.-festiwalu-1200x900.jpg)\"> <span class=\"d-none\">https:\/\/us.edu.pl\/wydzial\/wsne\/wp-content\/uploads\/sites\/20\/Bez-kategorii\/Chor-US-Harmonia-konkurs-Musica-Sacra-fot.-arch.-festiwalu.jpg<\/span> <\/a><a data-fancybox-group=\"button\" title=\"\" data-fancybox=\"9669\" href=\"https:\/\/us.edu.pl\/wydzial\/wsne\/wp-content\/uploads\/sites\/20\/Bez-kategorii\/Chor-US-Harmonia-konkurs-Muzyka-wspolczesna-fot.-arch.-festiwalu..jpg\" class=\"gallery__item thumbnail\"\r\n                                    style=\"background-image: url(https:\/\/us.edu.pl\/wydzial\/wsne\/wp-content\/uploads\/sites\/20\/Bez-kategorii\/Chor-US-Harmonia-konkurs-Muzyka-wspolczesna-fot.-arch.-festiwalu.-1200x900.jpg)\"> <span class=\"d-none\">https:\/\/us.edu.pl\/wydzial\/wsne\/wp-content\/uploads\/sites\/20\/Bez-kategorii\/Chor-US-Harmonia-konkurs-Muzyka-wspolczesna-fot.-arch.-festiwalu..jpg<\/span> <\/a><a data-fancybox-group=\"button\" title=\"\" data-fancybox=\"9669\" href=\"https:\/\/us.edu.pl\/wydzial\/wsne\/wp-content\/uploads\/sites\/20\/Bez-kategorii\/Chor-US-Harmonia-proba-w-MDK-Miedzyzdroje-fot.-J.-Glenc-scaled.jpg\" class=\"gallery__item thumbnail\"\r\n                                    style=\"background-image: url(https:\/\/us.edu.pl\/wydzial\/wsne\/wp-content\/uploads\/sites\/20\/Bez-kategorii\/Chor-US-Harmonia-proba-w-MDK-Miedzyzdroje-fot.-J.-Glenc-1200x900.jpg)\"> <span class=\"d-none\">https:\/\/us.edu.pl\/wydzial\/wsne\/wp-content\/uploads\/sites\/20\/Bez-kategorii\/Chor-US-Harmonia-proba-w-MDK-Miedzyzdroje-fot.-J.-Glenc-scaled.jpg<\/span> <\/a><a data-fancybox-group=\"button\" title=\"\" data-fancybox=\"9669\" href=\"https:\/\/us.edu.pl\/wydzial\/wsne\/wp-content\/uploads\/sites\/20\/Bez-kategorii\/Chor-US-Harmonia-przed-budynkiem-MDK-Miedzyzdroje-fot.-arch.-choru..-scaled.jpg\" class=\"gallery__item thumbnail\"\r\n                                    style=\"background-image: url(https:\/\/us.edu.pl\/wydzial\/wsne\/wp-content\/uploads\/sites\/20\/Bez-kategorii\/Chor-US-Harmonia-przed-budynkiem-MDK-Miedzyzdroje-fot.-arch.-choru..-1200x900.jpg)\"> <span class=\"d-none\">https:\/\/us.edu.pl\/wydzial\/wsne\/wp-content\/uploads\/sites\/20\/Bez-kategorii\/Chor-US-Harmonia-przed-budynkiem-MDK-Miedzyzdroje-fot.-arch.-choru..-scaled.jpg<\/span> <\/a><a data-fancybox-group=\"button\" title=\"\" data-fancybox=\"9669\" href=\"https:\/\/us.edu.pl\/wydzial\/wsne\/wp-content\/uploads\/sites\/20\/Bez-kategorii\/Zdjecie-od-Kk-scaled.jpg\" class=\"gallery__item thumbnail\"\r\n                                    style=\"background-image: url(https:\/\/us.edu.pl\/wydzial\/wsne\/wp-content\/uploads\/sites\/20\/Bez-kategorii\/Zdjecie-od-Kk-900x1200.jpg)\"> <span class=\"d-none\">https:\/\/us.edu.pl\/wydzial\/wsne\/wp-content\/uploads\/sites\/20\/Bez-kategorii\/Zdjecie-od-Kk-scaled.jpg<\/span> <\/a><a data-fancybox-group=\"button\" title=\"\" data-fancybox=\"9669\" href=\"https:\/\/us.edu.pl\/wydzial\/wsne\/wp-content\/uploads\/sites\/20\/Bez-kategorii\/Zdjecie-od-Kkq-scaled.jpg\" class=\"gallery__item thumbnail\"\r\n                                    style=\"background-image: url(https:\/\/us.edu.pl\/wydzial\/wsne\/wp-content\/uploads\/sites\/20\/Bez-kategorii\/Zdjecie-od-Kkq-900x1200.jpg)\"> <span class=\"d-none\">https:\/\/us.edu.pl\/wydzial\/wsne\/wp-content\/uploads\/sites\/20\/Bez-kategorii\/Zdjecie-od-Kkq-scaled.jpg<\/span> <\/a><a data-fancybox-group=\"button\" title=\"\" data-fancybox=\"9669\" href=\"https:\/\/us.edu.pl\/wydzial\/wsne\/wp-content\/uploads\/sites\/20\/Bez-kategorii\/Dyplom.jpg\" class=\"gallery__item thumbnail\"\r\n                                    style=\"background-image: url(https:\/\/us.edu.pl\/wydzial\/wsne\/wp-content\/uploads\/sites\/20\/Bez-kategorii\/Dyplom.jpg)\"> <span class=\"d-none\">https:\/\/us.edu.pl\/wydzial\/wsne\/wp-content\/uploads\/sites\/20\/Bez-kategorii\/Dyplom.jpg<\/span> <\/a><a data-fancybox-group=\"button\" title=\"\" data-fancybox=\"9669\" href=\"https:\/\/us.edu.pl\/wydzial\/wsne\/wp-content\/uploads\/sites\/20\/Bez-kategorii\/Dyplom-Festiwal.jpg\" class=\"gallery__item thumbnail\"\r\n                                    style=\"background-image: url(https:\/\/us.edu.pl\/wydzial\/wsne\/wp-content\/uploads\/sites\/20\/Bez-kategorii\/Dyplom-Festiwal.jpg)\"> <span class=\"d-none\">https:\/\/us.edu.pl\/wydzial\/wsne\/wp-content\/uploads\/sites\/20\/Bez-kategorii\/Dyplom-Festiwal.jpg<\/span> <\/a><a data-fancybox-group=\"button\" title=\"\" data-fancybox=\"9669\" href=\"https:\/\/us.edu.pl\/wydzial\/wsne\/wp-content\/uploads\/sites\/20\/Bez-kategorii\/Dyplom-Musica-Sacra.jpg\" class=\"gallery__item thumbnail\"\r\n                                    style=\"background-image: url(https:\/\/us.edu.pl\/wydzial\/wsne\/wp-content\/uploads\/sites\/20\/Bez-kategorii\/Dyplom-Musica-Sacra.jpg)\"> <span class=\"d-none\">https:\/\/us.edu.pl\/wydzial\/wsne\/wp-content\/uploads\/sites\/20\/Bez-kategorii\/Dyplom-Musica-Sacra.jpg<\/span> <\/a>\r\n                            <\/div>\r\n                    <\/div>\r\n                <\/div>[\/vc_column][\/vc_row]<\/p>","protected":false},"excerpt":{"rendered":"<p>[vc_row][vc_column][vc_column_text]Szanowni Pa\u0144stwo, Z rado\u015bci\u0105 informuj\u0119, i\u017c podczas 59. Mi\u0119dzynarodowego Festiwalu Pie\u015bni Ch\u00f3ralnej im. Prof. Jana Szyrockiego odbywaj\u0105cego si\u0119 od 16 do 21 czerwca br. w Mi\u0119dzyzdrojach Ch\u00f3r U\u015a Harmonia otrzyma\u0142 dwie nagrody: Srebrny Dyplom w konkursie Muzyka Wsp\u00f3\u0142czesna oraz Srebrny Dyplom w konkursie Musica Sacra. W tym presti\u017cowym festiwalu udzia\u0142 wzi\u0119\u0142o kilkana\u015bcie znakomitych ch\u00f3r\u00f3w krajowych [&#8230;]<\/p>\n<p><a class=\"btn btn-secondary understrap-read-more-link\" href=\"https:\/\/us.edu.pl\/wydzial\/wsne\/2024\/06\/27\/dwie-nagrody-dla-choru-us-harmonia-na-59-miedzynarodowym-festiwalu-piesni-choralnej-im-prof-jana-szyrockiego\/\">Read More&#8230;<\/a><\/p>\n","protected":false},"author":110,"featured_media":161596,"comment_status":"open","ping_status":"open","sticky":false,"template":"","format":"standard","meta":{"_expiration-date-status":"","_expiration-date":0,"_expiration-date-type":"","_expiration-date-categories":[],"_expiration-date-options":[]},"categories":[13,10],"tags":[],"acf":[],"_links":{"self":[{"href":"https:\/\/us.edu.pl\/wydzial\/wsne\/wp-json\/wp\/v2\/posts\/161595"}],"collection":[{"href":"https:\/\/us.edu.pl\/wydzial\/wsne\/wp-json\/wp\/v2\/posts"}],"about":[{"href":"https:\/\/us.edu.pl\/wydzial\/wsne\/wp-json\/wp\/v2\/types\/post"}],"author":[{"embeddable":true,"href":"https:\/\/us.edu.pl\/wydzial\/wsne\/wp-json\/wp\/v2\/users\/110"}],"replies":[{"embeddable":true,"href":"https:\/\/us.edu.pl\/wydzial\/wsne\/wp-json\/wp\/v2\/comments?post=161595"}],"version-history":[{"count":3,"href":"https:\/\/us.edu.pl\/wydzial\/wsne\/wp-json\/wp\/v2\/posts\/161595\/revisions"}],"predecessor-version":[{"id":161610,"href":"https:\/\/us.edu.pl\/wydzial\/wsne\/wp-json\/wp\/v2\/posts\/161595\/revisions\/161610"}],"wp:featuredmedia":[{"embeddable":true,"href":"https:\/\/us.edu.pl\/wydzial\/wsne\/wp-json\/wp\/v2\/media\/161596"}],"wp:attachment":[{"href":"https:\/\/us.edu.pl\/wydzial\/wsne\/wp-json\/wp\/v2\/media?parent=161595"}],"wp:term":[{"taxonomy":"category","embeddable":true,"href":"https:\/\/us.edu.pl\/wydzial\/wsne\/wp-json\/wp\/v2\/categories?post=161595"},{"taxonomy":"post_tag","embeddable":true,"href":"https:\/\/us.edu.pl\/wydzial\/wsne\/wp-json\/wp\/v2\/tags?post=161595"}],"curies":[{"name":"wp","href":"https:\/\/api.w.org\/{rel}","templated":true}]}}