{"id":161824,"date":"2024-09-09T12:03:08","date_gmt":"2024-09-09T10:03:08","guid":{"rendered":"https:\/\/us.edu.pl\/wydzial\/wsne\/?p=161824"},"modified":"2024-09-09T12:03:08","modified_gmt":"2024-09-09T10:03:08","slug":"inauguracja-roku-akademickiego-2024-2025","status":"publish","type":"post","link":"https:\/\/us.edu.pl\/wydzial\/wsne\/2024\/09\/09\/inauguracja-roku-akademickiego-2024-2025\/","title":{"rendered":"Inauguracja Roku Akademickiego 2024\/2025"},"content":{"rendered":"<p>[vc_row][vc_column][vc_column_text]<\/p>\n<p style=\"text-align: center;\"><span class=\"x4k7w5x x1h91t0o x1h9r5lt x1jfb8zj xv2umb2 x1beo9mf xaigb6o x12ejxvf x3igimt xarpa2k xedcshv x1lytzrv x1t2pt76 x7ja8zs x1qrby5j\" style=\"font-size: 12pt;\">JEGO MAGNIFICENCJA REKTOR UNIWERSYTETU \u015aL\u0104SKIEGO ORAZ DZIEKAN WYDZIA\u0141U SZTUKI I NAUK O EDUKACJI<\/span><\/p>\n<p style=\"text-align: center;\"><span class=\"x4k7w5x x1h91t0o x1h9r5lt x1jfb8zj xv2umb2 x1beo9mf xaigb6o x12ejxvf x3igimt xarpa2k xedcshv x1lytzrv x1t2pt76 x7ja8zs x1qrby5j\" style=\"font-size: 12pt;\">maj\u0105 zaszczyt zaprosi\u0107 na: <\/span><\/p>\n<p style=\"text-align: center;\"><span class=\"x4k7w5x x1h91t0o x1h9r5lt x1jfb8zj xv2umb2 x1beo9mf xaigb6o x12ejxvf x3igimt xarpa2k xedcshv x1lytzrv x1t2pt76 x7ja8zs x1qrby5j\" style=\"font-size: 12pt;\">INAUGURACJ\u0118 ROKU AKADEMICKIEGO 2024\/2025 NA WYDZIALE SZTUKI I NAUK O EDUKACJI<\/span><\/p>\n<p style=\"text-align: center;\"><span style=\"font-size: 12pt;\">Wyk\u0142ad inauguracyjny wyg\u0142osi: dr hab. Jan Kajfosz, prof. U\u015a pt. &#8222;Na czym polega my\u015blenie antropologiczne&#8221;<\/span><\/p>\n<p style=\"text-align: center;\"><span style=\"font-size: 12pt;\">Uroczysto\u015b\u0107 odb\u0119dzie si\u0119 8 pa\u017adziernika 2024 roku, o godz. 11.00, w sali konferencyjnej Wydzia\u0142u Sztuki i Nauk o Edukacji w Cieszynie ul. Bielska 62.<\/span><\/p>\n<p style=\"text-align: center;\"><img class=\"alignnone size-medium wp-image-161826\" src=\"https:\/\/us.edu.pl\/wydzial\/wsne\/wp-content\/uploads\/sites\/20\/Bez-kategorii\/prezentacja_1920x1080px_WSNE-1-900x506.png\" alt=\"Grafika -Inauguracja Roku Akademickiego\" width=\"900\" height=\"506\" srcset=\"https:\/\/us.edu.pl\/wydzial\/wsne\/wp-content\/uploads\/sites\/20\/Bez-kategorii\/prezentacja_1920x1080px_WSNE-1-900x506.png 900w, https:\/\/us.edu.pl\/wydzial\/wsne\/wp-content\/uploads\/sites\/20\/Bez-kategorii\/prezentacja_1920x1080px_WSNE-1-1200x675.png 1200w, https:\/\/us.edu.pl\/wydzial\/wsne\/wp-content\/uploads\/sites\/20\/Bez-kategorii\/prezentacja_1920x1080px_WSNE-1-768x432.png 768w, https:\/\/us.edu.pl\/wydzial\/wsne\/wp-content\/uploads\/sites\/20\/Bez-kategorii\/prezentacja_1920x1080px_WSNE-1-1536x864.png 1536w, https:\/\/us.edu.pl\/wydzial\/wsne\/wp-content\/uploads\/sites\/20\/Bez-kategorii\/prezentacja_1920x1080px_WSNE-1-575x323.png 575w, https:\/\/us.edu.pl\/wydzial\/wsne\/wp-content\/uploads\/sites\/20\/Bez-kategorii\/prezentacja_1920x1080px_WSNE-1.png 1920w\" sizes=\"(max-width: 900px) 100vw, 900px\" \/><\/p>\n<p>[\/vc_column_text][\/vc_column][\/vc_row]<\/p>","protected":false},"excerpt":{"rendered":"<p>[vc_row][vc_column][vc_column_text] JEGO MAGNIFICENCJA REKTOR UNIWERSYTETU \u015aL\u0104SKIEGO ORAZ DZIEKAN WYDZIA\u0141U SZTUKI I NAUK O EDUKACJI maj\u0105 zaszczyt zaprosi\u0107 na: INAUGURACJ\u0118 ROKU AKADEMICKIEGO 2024\/2025 NA WYDZIALE SZTUKI I NAUK O EDUKACJI Wyk\u0142ad inauguracyjny wyg\u0142osi: dr hab. Jan Kajfosz, prof. U\u015a pt. &#8222;Na czym polega my\u015blenie antropologiczne&#8221; Uroczysto\u015b\u0107 odb\u0119dzie si\u0119 8 pa\u017adziernika 2024 roku, o godz. 11.00, w [&#8230;]<\/p>\n<p><a class=\"btn btn-secondary understrap-read-more-link\" href=\"https:\/\/us.edu.pl\/wydzial\/wsne\/2024\/09\/09\/inauguracja-roku-akademickiego-2024-2025\/\">Read More&#8230;<\/a><\/p>\n","protected":false},"author":110,"featured_media":161828,"comment_status":"open","ping_status":"open","sticky":false,"template":"","format":"standard","meta":{"_expiration-date-status":"","_expiration-date":0,"_expiration-date-type":"","_expiration-date-categories":[],"_expiration-date-options":[]},"categories":[13,10],"tags":[],"acf":[],"_links":{"self":[{"href":"https:\/\/us.edu.pl\/wydzial\/wsne\/wp-json\/wp\/v2\/posts\/161824"}],"collection":[{"href":"https:\/\/us.edu.pl\/wydzial\/wsne\/wp-json\/wp\/v2\/posts"}],"about":[{"href":"https:\/\/us.edu.pl\/wydzial\/wsne\/wp-json\/wp\/v2\/types\/post"}],"author":[{"embeddable":true,"href":"https:\/\/us.edu.pl\/wydzial\/wsne\/wp-json\/wp\/v2\/users\/110"}],"replies":[{"embeddable":true,"href":"https:\/\/us.edu.pl\/wydzial\/wsne\/wp-json\/wp\/v2\/comments?post=161824"}],"version-history":[{"count":1,"href":"https:\/\/us.edu.pl\/wydzial\/wsne\/wp-json\/wp\/v2\/posts\/161824\/revisions"}],"predecessor-version":[{"id":161830,"href":"https:\/\/us.edu.pl\/wydzial\/wsne\/wp-json\/wp\/v2\/posts\/161824\/revisions\/161830"}],"wp:featuredmedia":[{"embeddable":true,"href":"https:\/\/us.edu.pl\/wydzial\/wsne\/wp-json\/wp\/v2\/media\/161828"}],"wp:attachment":[{"href":"https:\/\/us.edu.pl\/wydzial\/wsne\/wp-json\/wp\/v2\/media?parent=161824"}],"wp:term":[{"taxonomy":"category","embeddable":true,"href":"https:\/\/us.edu.pl\/wydzial\/wsne\/wp-json\/wp\/v2\/categories?post=161824"},{"taxonomy":"post_tag","embeddable":true,"href":"https:\/\/us.edu.pl\/wydzial\/wsne\/wp-json\/wp\/v2\/tags?post=161824"}],"curies":[{"name":"wp","href":"https:\/\/api.w.org\/{rel}","templated":true}]}}