{"id":162270,"date":"2024-09-25T09:41:45","date_gmt":"2024-09-25T07:41:45","guid":{"rendered":"https:\/\/us.edu.pl\/wydzial\/wsne\/?p=162270"},"modified":"2024-09-25T09:41:45","modified_gmt":"2024-09-25T07:41:45","slug":"spotkanie-organizacyjne-2","status":"publish","type":"post","link":"https:\/\/us.edu.pl\/wydzial\/wsne\/2024\/09\/25\/spotkanie-organizacyjne-2\/","title":{"rendered":"Spotkanie organizacyjne"},"content":{"rendered":"<p>[vc_row][vc_column][vc_column_text]<\/p>\n<p style=\"text-align: center;\"><span style=\"font-size: 12pt;\"><strong>UWAGA! <\/strong><\/span><\/p>\n<p style=\"text-align: center;\"><span style=\"font-size: 12pt;\">Spotkanie organizacyjne dla studentek i student\u00f3w pierwszych lat studi\u00f3w stacjonarnych Wydzia\u0142u Sztuki i Nauk o Edukacji odb\u0119dzie si\u0119 1 pa\u017adziernika 2024r. (wtorek) o godz. 10.00 w sali konferencyjnej (budynek g\u0142\u00f3wny B.0.1).<\/span><\/p>\n<p style=\"text-align: center;\"><span style=\"font-size: 12pt;\">Serdecznie zapraszamy!<\/span><\/p>\n<p>[\/vc_column_text][\/vc_column][\/vc_row]<\/p>","protected":false},"excerpt":{"rendered":"<p>[vc_row][vc_column][vc_column_text] UWAGA! Spotkanie organizacyjne dla studentek i student\u00f3w pierwszych lat studi\u00f3w stacjonarnych Wydzia\u0142u Sztuki i Nauk o Edukacji odb\u0119dzie si\u0119 1 pa\u017adziernika 2024r. (wtorek) o godz. 10.00 w sali konferencyjnej (budynek g\u0142\u00f3wny B.0.1). Serdecznie zapraszamy! [\/vc_column_text][\/vc_column][\/vc_row] [&#8230;]<\/p>\n<p><a class=\"btn btn-secondary understrap-read-more-link\" href=\"https:\/\/us.edu.pl\/wydzial\/wsne\/2024\/09\/25\/spotkanie-organizacyjne-2\/\">Read More&#8230;<\/a><\/p>\n","protected":false},"author":110,"featured_media":162274,"comment_status":"open","ping_status":"open","sticky":false,"template":"","format":"standard","meta":{"_expiration-date-status":"","_expiration-date":0,"_expiration-date-type":"","_expiration-date-categories":[],"_expiration-date-options":[]},"categories":[13,10],"tags":[],"acf":[],"_links":{"self":[{"href":"https:\/\/us.edu.pl\/wydzial\/wsne\/wp-json\/wp\/v2\/posts\/162270"}],"collection":[{"href":"https:\/\/us.edu.pl\/wydzial\/wsne\/wp-json\/wp\/v2\/posts"}],"about":[{"href":"https:\/\/us.edu.pl\/wydzial\/wsne\/wp-json\/wp\/v2\/types\/post"}],"author":[{"embeddable":true,"href":"https:\/\/us.edu.pl\/wydzial\/wsne\/wp-json\/wp\/v2\/users\/110"}],"replies":[{"embeddable":true,"href":"https:\/\/us.edu.pl\/wydzial\/wsne\/wp-json\/wp\/v2\/comments?post=162270"}],"version-history":[{"count":1,"href":"https:\/\/us.edu.pl\/wydzial\/wsne\/wp-json\/wp\/v2\/posts\/162270\/revisions"}],"predecessor-version":[{"id":162277,"href":"https:\/\/us.edu.pl\/wydzial\/wsne\/wp-json\/wp\/v2\/posts\/162270\/revisions\/162277"}],"wp:featuredmedia":[{"embeddable":true,"href":"https:\/\/us.edu.pl\/wydzial\/wsne\/wp-json\/wp\/v2\/media\/162274"}],"wp:attachment":[{"href":"https:\/\/us.edu.pl\/wydzial\/wsne\/wp-json\/wp\/v2\/media?parent=162270"}],"wp:term":[{"taxonomy":"category","embeddable":true,"href":"https:\/\/us.edu.pl\/wydzial\/wsne\/wp-json\/wp\/v2\/categories?post=162270"},{"taxonomy":"post_tag","embeddable":true,"href":"https:\/\/us.edu.pl\/wydzial\/wsne\/wp-json\/wp\/v2\/tags?post=162270"}],"curies":[{"name":"wp","href":"https:\/\/api.w.org\/{rel}","templated":true}]}}