{"id":163232,"date":"2024-10-22T09:51:42","date_gmt":"2024-10-22T07:51:42","guid":{"rendered":"https:\/\/us.edu.pl\/wydzial\/wsne\/?p=163232"},"modified":"2024-10-23T12:14:26","modified_gmt":"2024-10-23T10:14:26","slug":"163232","status":"publish","type":"post","link":"https:\/\/us.edu.pl\/wydzial\/wsne\/2024\/10\/22\/163232\/","title":{"rendered":"Dzie\u0144 rektorski"},"content":{"rendered":"<p>[vc_row][vc_column][vc_column_text]<\/p>\n<p style=\"text-align: center;\"><span style=\"font-size: 12pt;\"><strong>KOMUNIKAT<br \/>\n<\/strong><\/span><span style=\"font-size: 12pt;\"><strong>Rektora Uniwersytetu \u015al\u0105skiego w Katowicach<br \/>\n<\/strong><\/span><span style=\"font-size: 12pt;\"><strong>z dnia 21 pa\u017adziernika 2024 r.<br \/>\n<\/strong><\/span><span style=\"font-size: 12pt;\"><strong>w sprawie ustalenia dnia <\/strong><strong>31<\/strong><strong> pa\u017adziernika 2024 r.<\/strong><strong> dniem rektorskim<br \/>\n<\/strong><\/span><span style=\"font-size: 12pt;\"><strong>dla student\u00f3w studi\u00f3w I i II stopnia, jednolitych studi\u00f3w magisterskich oraz doktorant\u00f3w.<\/strong><\/span><\/p>\n<p><span style=\"font-size: 12pt;\">W zwi\u0105zku z uroczysto\u015bci\u0105 Wszystkich \u015awi\u0119tych, na wniosek Samorz\u0105du Studenckiego oraz Samorz\u0105du Doktorant\u00f3w Uniwersytetu \u015al\u0105skiego, og\u0142aszam dzie\u0144 <strong>31\u00a0pa\u017adziernika 2024 r. (czwartek)<\/strong> dniem rektorskim wolnym od zaj\u0119\u0107 dydaktycznych.<\/span><\/p>\n<p><span style=\"font-size: 12pt;\">Z up. Rektora<br \/>\n<\/span><span style=\"font-size: 12pt;\">dr Katarzyna Trynda, prof. U\u015a<br \/>\n<\/span><span style=\"font-size: 12pt;\">Prorektor ds. Studenckich i Kszta\u0142cenia<\/span><\/p>\n<p><span style=\"font-size: 12pt;\"><a href=\"https:\/\/us.edu.pl\/wydzial\/wsne\/wp-content\/uploads\/sites\/20\/Bez-kategorii\/komunikat_11_2024-Swieto-zmarlych-sig.pdf\" class=\"mtli_attachment mtli_pdf\" data-mtli=\"mtli_filesize407,04kB\">komunikat_11_2024 \u015awieto zmarlych-sig<\/a><\/span>[\/vc_column_text][\/vc_column][\/vc_row]<\/p>\n<style type=\"text\/css\">a[data-mtli~=\"mtli_filesize407,04kB\"]:after {content:\" (407,04 kB)\"}<\/style>","protected":false},"excerpt":{"rendered":"<p>[vc_row][vc_column][vc_column_text] KOMUNIKAT Rektora Uniwersytetu \u015al\u0105skiego w Katowicach z dnia 21 pa\u017adziernika 2024 r. w sprawie ustalenia dnia 31 pa\u017adziernika 2024 r. dniem rektorskim dla student\u00f3w studi\u00f3w I i II stopnia, jednolitych studi\u00f3w magisterskich oraz doktorant\u00f3w. W zwi\u0105zku z uroczysto\u015bci\u0105 Wszystkich \u015awi\u0119tych, na wniosek Samorz\u0105du Studenckiego oraz Samorz\u0105du Doktorant\u00f3w Uniwersytetu \u015al\u0105skiego, og\u0142aszam dzie\u0144 31\u00a0pa\u017adziernika 2024 r. [&#8230;]<\/p>\n<p><a class=\"btn btn-secondary understrap-read-more-link\" href=\"https:\/\/us.edu.pl\/wydzial\/wsne\/2024\/10\/22\/163232\/\">Read More&#8230;<\/a><\/p>\n","protected":false},"author":110,"featured_media":162274,"comment_status":"open","ping_status":"open","sticky":false,"template":"","format":"standard","meta":{"_expiration-date-status":"","_expiration-date":0,"_expiration-date-type":"","_expiration-date-categories":[],"_expiration-date-options":[]},"categories":[13,10],"tags":[],"acf":[],"_links":{"self":[{"href":"https:\/\/us.edu.pl\/wydzial\/wsne\/wp-json\/wp\/v2\/posts\/163232"}],"collection":[{"href":"https:\/\/us.edu.pl\/wydzial\/wsne\/wp-json\/wp\/v2\/posts"}],"about":[{"href":"https:\/\/us.edu.pl\/wydzial\/wsne\/wp-json\/wp\/v2\/types\/post"}],"author":[{"embeddable":true,"href":"https:\/\/us.edu.pl\/wydzial\/wsne\/wp-json\/wp\/v2\/users\/110"}],"replies":[{"embeddable":true,"href":"https:\/\/us.edu.pl\/wydzial\/wsne\/wp-json\/wp\/v2\/comments?post=163232"}],"version-history":[{"count":4,"href":"https:\/\/us.edu.pl\/wydzial\/wsne\/wp-json\/wp\/v2\/posts\/163232\/revisions"}],"predecessor-version":[{"id":163333,"href":"https:\/\/us.edu.pl\/wydzial\/wsne\/wp-json\/wp\/v2\/posts\/163232\/revisions\/163333"}],"wp:featuredmedia":[{"embeddable":true,"href":"https:\/\/us.edu.pl\/wydzial\/wsne\/wp-json\/wp\/v2\/media\/162274"}],"wp:attachment":[{"href":"https:\/\/us.edu.pl\/wydzial\/wsne\/wp-json\/wp\/v2\/media?parent=163232"}],"wp:term":[{"taxonomy":"category","embeddable":true,"href":"https:\/\/us.edu.pl\/wydzial\/wsne\/wp-json\/wp\/v2\/categories?post=163232"},{"taxonomy":"post_tag","embeddable":true,"href":"https:\/\/us.edu.pl\/wydzial\/wsne\/wp-json\/wp\/v2\/tags?post=163232"}],"curies":[{"name":"wp","href":"https:\/\/api.w.org\/{rel}","templated":true}]}}