{"id":164812,"date":"2025-02-07T12:21:31","date_gmt":"2025-02-07T11:21:31","guid":{"rendered":"https:\/\/us.edu.pl\/wydzial\/wsne\/?p=164812"},"modified":"2025-03-07T16:23:36","modified_gmt":"2025-03-07T15:23:36","slug":"mystery-box-dzien-otwarty-wydzialu-sztuki-i-nauk-o-edukacji-us","status":"publish","type":"post","link":"https:\/\/us.edu.pl\/wydzial\/wsne\/2025\/02\/07\/mystery-box-dzien-otwarty-wydzialu-sztuki-i-nauk-o-edukacji-us\/","title":{"rendered":"Mystery Box. Dzie\u0144 otwarty Wydzia\u0142u Sztuki i Nauk o Edukacji U\u015a"},"content":{"rendered":"<p>[vc_row][vc_column]\r\n                <div class=\"text-modules \">\r\n                    <div class=\"container\">\r\n                         \r\n                        <div class=\"row m-0\">\r\n                            <div class=\"text-modules__content\">\r\n                                <span style=\"font-size: 12pt;\">Lubicie zagadki, tajemnice i niespodzianki? Studiowanie to rozwik\u0142ywanie zagadek,\u00a0 odkrywanie tajemnic i prze\u017cywanie niespodziewanych, ale pozytywnych do\u015bwiadcze\u0144.<\/span><br \/>\n<span style=\"font-size: 12pt;\">Przekonajcie si\u0119, jak to wygl\u0105da na naszym wydziale.<\/span><\/p>\n<p><span style=\"font-size: 12pt;\"><strong>12 marca 2025<\/strong>\u00a0zapraszamy uczni\u00f3w i uczennice szk\u00f3\u0142 ponadpodstawowych na Dzie\u0144 Otwarty, kt\u00f3remu towarzyszy has\u0142o: Mystery Box.<br \/>\n<\/span><span style=\"font-size: 12pt;\">B\u0119dziecie mie\u0107 okazj\u0119, m.in.:<\/span><\/p>\n<ul>\n<li><span style=\"font-size: 12pt;\">sprawdzi\u0107 si\u0119 w modelowaniu 3D,<\/span><\/li>\n<li><span style=\"font-size: 12pt;\">wybra\u0107 si\u0119 na prezentacje Motion Capture i VR,<\/span><\/li>\n<li><span style=\"font-size: 12pt;\">spotka\u0107 si\u0119 z robotem Kebbi Air,<\/span><\/li>\n<li><span style=\"font-size: 12pt;\">pos\u0142ucha\u0107 o realizacji d\u017awi\u0119ku na planie filmowym,<\/span><\/li>\n<li><span style=\"font-size: 12pt;\">uczestniczy\u0107 w pokazie dyrygowania,<\/span><\/li>\n<li><span style=\"font-size: 12pt;\">sprawdzi\u0107 jak\u0105 moc ma Cieszy\u0144ska Orkiestra D\u0119ta U\u015a,<\/span><\/li>\n<li><span style=\"font-size: 12pt;\">zerkn\u0105\u0107 do kilkunastu pracowni artystycznych,<\/span><\/li>\n<li><span style=\"font-size: 12pt;\">pokona\u0107 pok\u00f3j zagadek,<\/span><\/li>\n<li><span style=\"font-size: 12pt;\">odkrywa\u0107, bada\u0107 i relaksowa\u0107 si\u0119 albo ta\u0144czy\u0107 na warsztatach,<\/span><\/li>\n<li><span style=\"font-size: 12pt;\">skonsultowa\u0107 swoje teczki z pracami,<\/span><\/li>\n<li><span style=\"font-size: 12pt;\">porozmawia\u0107 z wyk\u0142adowcami i studentami,<\/span><\/li>\n<li><span style=\"font-size: 12pt;\">przej\u015b\u0107 si\u0119 po Kampusie Cieszyn,<\/span><\/li>\n<li><span style=\"font-size: 12pt;\">sp\u0119dzi\u0107 z nami mi\u0142o dzie\u0144\u2026<\/span><\/li>\n<\/ul>\n<p><span style=\"font-size: 12pt;\"><strong>Mystery Box. Dzie\u0144 Otwarty WSNE<br \/>\n12 marca 2025<\/strong><\/span><\/p>\n<p><span style=\"font-size: 12pt;\">12.00-12.15<\/span><br \/>\n<span style=\"font-size: 12pt;\">Oficjalne rozpocz\u0119cie Mystery Box. Dnia Otwartego WSNE <\/span><br \/>\n<span style=\"font-size: 12pt;\">dr hab. Katarzyna Marcol, prof. U\u015a \u2013 Dziekan Wydzia\u0142u Sztuki i Nauk o Edukacji U\u015a<\/span><br \/>\n<span style=\"font-size: 12pt;\">miejsce: budynek B (g\u0142\u00f3wny), sala konferencyjna<\/span><\/p>\n<p><span style=\"font-size: 12pt;\">12.15-12.30<\/span><br \/>\n<span style=\"font-size: 12pt;\">koncert Cieszy\u0144skiej Orkiestry D\u0119tej Uniwersytetu \u015al\u0105skiego<\/span><br \/>\n<span style=\"font-size: 12pt;\">prowadz\u0105cy: dr hab. Karol Pyka, prof. U\u015a miejsce: budynek B (g\u0142\u00f3wny), sala konferencyjna<\/span><\/p>\n<p><span style=\"font-size: 12pt;\">Na cz\u0119\u015b\u0107 wydarze\u0144 obowi\u0105zuj\u0105 zg\u0142oszenia poprzez formularz rejestracyjny: <\/span><br \/>\n<span style=\"font-size: 12pt;\"><a href=\"https:\/\/formularze.us.edu.pl\/site\/index\/961\">https:\/\/formularze.us.edu.pl\/site\/index\/961<\/a><\/span><\/p>\n<p><strong><span style=\"font-size: 12pt;\"><a href=\"https:\/\/us.edu.pl\/wydzial\/wsne\/wp-content\/uploads\/sites\/20\/Bez-kategorii\/PROGRAM_Mystery-Box.-Dzien-Otwarty-WSNE-1.pdf\" class=\"mtli_attachment mtli_pdf\" data-mtli=\"mtli_filesize1,47MB\">PROGRAM_Mystery Box. Dzien Otwarty WSNE<\/a><\/span><\/strong><\/p>\n<p><span style=\"font-size: 12pt;\"><a href=\"https:\/\/studiujwcieszynie.pl\/\">https:\/\/studiujwcieszynie.pl\/<\/a><\/span><\/p>\n<p><span style=\"font-size: 12pt;\">* Osoby ma\u0142oletnie zapraszamy pod opiek\u0105 nauczyciela \/ opiekuna. <\/span> \r\n                                <div class=\"mt-3\"><\/div>\r\n                            <\/div>\r\n                            \r\n                            <div class=\"text-modules__img\"><img src=\"https:\/\/us.edu.pl\/wydzial\/wsne\/wp-content\/uploads\/sites\/20\/Bez-kategorii\/IG-relacja.png\" alt=\"img\"><\/div>\r\n                        <\/div>\r\n                    <\/div>\r\n                <\/div>[\/vc_column][\/vc_row]<\/p>\n<style type=\"text\/css\">a[data-mtli~=\"mtli_filesize1,47MB\"]:after {content:\" (1,47 MB)\"}<\/style>","protected":false},"excerpt":{"rendered":"<p>[vc_row][vc_column][\/vc_column][\/vc_row] [&#8230;]<\/p>\n<p><a class=\"btn btn-secondary understrap-read-more-link\" href=\"https:\/\/us.edu.pl\/wydzial\/wsne\/2025\/02\/07\/mystery-box-dzien-otwarty-wydzialu-sztuki-i-nauk-o-edukacji-us\/\">Read More&#8230;<\/a><\/p>\n","protected":false},"author":110,"featured_media":164826,"comment_status":"open","ping_status":"open","sticky":false,"template":"","format":"standard","meta":{"_expiration-date-status":"","_expiration-date":0,"_expiration-date-type":"","_expiration-date-categories":[],"_expiration-date-options":[]},"categories":[13,10],"tags":[],"acf":[],"_links":{"self":[{"href":"https:\/\/us.edu.pl\/wydzial\/wsne\/wp-json\/wp\/v2\/posts\/164812"}],"collection":[{"href":"https:\/\/us.edu.pl\/wydzial\/wsne\/wp-json\/wp\/v2\/posts"}],"about":[{"href":"https:\/\/us.edu.pl\/wydzial\/wsne\/wp-json\/wp\/v2\/types\/post"}],"author":[{"embeddable":true,"href":"https:\/\/us.edu.pl\/wydzial\/wsne\/wp-json\/wp\/v2\/users\/110"}],"replies":[{"embeddable":true,"href":"https:\/\/us.edu.pl\/wydzial\/wsne\/wp-json\/wp\/v2\/comments?post=164812"}],"version-history":[{"count":7,"href":"https:\/\/us.edu.pl\/wydzial\/wsne\/wp-json\/wp\/v2\/posts\/164812\/revisions"}],"predecessor-version":[{"id":165687,"href":"https:\/\/us.edu.pl\/wydzial\/wsne\/wp-json\/wp\/v2\/posts\/164812\/revisions\/165687"}],"wp:featuredmedia":[{"embeddable":true,"href":"https:\/\/us.edu.pl\/wydzial\/wsne\/wp-json\/wp\/v2\/media\/164826"}],"wp:attachment":[{"href":"https:\/\/us.edu.pl\/wydzial\/wsne\/wp-json\/wp\/v2\/media?parent=164812"}],"wp:term":[{"taxonomy":"category","embeddable":true,"href":"https:\/\/us.edu.pl\/wydzial\/wsne\/wp-json\/wp\/v2\/categories?post=164812"},{"taxonomy":"post_tag","embeddable":true,"href":"https:\/\/us.edu.pl\/wydzial\/wsne\/wp-json\/wp\/v2\/tags?post=164812"}],"curies":[{"name":"wp","href":"https:\/\/api.w.org\/{rel}","templated":true}]}}