{"id":165690,"date":"2025-03-07T16:31:05","date_gmt":"2025-03-07T15:31:05","guid":{"rendered":"https:\/\/us.edu.pl\/wydzial\/wsne\/?p=165690"},"modified":"2025-03-10T10:26:10","modified_gmt":"2025-03-10T09:26:10","slug":"inicjatywa-tworcza-konkurs","status":"publish","type":"post","link":"https:\/\/us.edu.pl\/wydzial\/wsne\/2025\/03\/07\/inicjatywa-tworcza-konkurs\/","title":{"rendered":"Inicjatywa Tw\u00f3rcza. Konkurs dla student\u00f3w"},"content":{"rendered":"<p>[vc_row][vc_column][vc_column_text]<span style=\"font-size: 12pt;\">Zapraszamy do udzia\u0142u w konkursie <strong>Inicjatywa Tw\u00f3rcza <\/strong>na sfinansowanie projekt\u00f3w os\u00f3b studiuj\u0105cych na Wydziale Sztuki i Nauk o Edukacji U\u015a<strong>.<\/strong><\/span><\/p>\n<p><span style=\"font-size: 12pt;\"><strong>Kto mo\u017ce z\u0142o\u017cy\u0107 wniosek?<br \/>\n<\/strong><\/span><span style=\"font-size: 12pt;\">Konkursowy wniosek mo\u017ce z\u0142o\u017cy\u0107 <strong>ka\u017cdy student, studentka, osoba studiuj\u0105ca na Wydziale Sztuki i Nauk o Edukacji w Cieszynie. <\/strong><\/span><\/p>\n<p><span style=\"font-size: 12pt;\"><strong>Jaki jest cel konkursu?<br \/>\n<\/strong>Chcemy zainspirowa\u0107 spo\u0142eczno\u015b\u0107 studenck\u0105 WSNE do aktywno\u015bci w obszarze szeroko rozumianej tw\u00f3rczo\u015bci, obejmuj\u0105cej takie formy inicjatyw, jak: koncerty, wystawy, pokazy, spotkania, warsztaty, imprezy, badania, itp.<\/span><\/p>\n<p><span style=\"font-size: 12pt;\"><strong>Kategorie konkursu:<\/strong><\/span><\/p>\n<p><span style=\"font-size: 12pt;\"><strong>Inicjatywa mi\u0119dzynarodowa <\/strong>(sfinansowane zostan\u0105 dwa projekty \u2013 maksymalna kwota 5.000 z\u0142 ka\u017cdy)<\/span><\/p>\n<p><span style=\"font-size: 12pt;\">Przyk\u0142ady:<\/span><\/p>\n<ul>\n<li><span style=\"font-size: 12pt;\">impreza artystyczna z udzia\u0142em go\u015bci zagranicznych,<\/span><\/li>\n<li><span style=\"font-size: 12pt;\">prezentacja projektu artystycznego za granic\u0105,<\/span><\/li>\n<li><span style=\"font-size: 12pt;\">organizacja warsztat\u00f3w i spotka\u0144 z udzia\u0142em go\u015bci\u00a0z r\u00f3\u017cnych kraj\u00f3w,<\/span><\/li>\n<li><span style=\"font-size: 12pt;\">organizacja debaty\/dyskusji z udzia\u0142em partner\u00f3w zagranicznych,<\/span><\/li>\n<li><span style=\"font-size: 12pt;\">badania w partnerstwie mi\u0119dzynarodowym,<\/span><\/li>\n<li><span style=\"font-size: 12pt;\">koncert lub impreza muzyczna integruj\u0105ca \u015brodowisko mi\u0119dzynarodowe,<\/span><\/li>\n<li><span style=\"font-size: 12pt;\">wszelkie inne tw\u00f3rcze formy uwzgl\u0119dniaj\u0105ce aspekt mi\u0119dzynarodowo\u015bci.<\/span><\/li>\n<\/ul>\n<p><span style=\"font-size: 12pt;\"><strong>Inicjatywa interdyscyplinarna <\/strong>(sfinansowane zostan\u0105 dwa projekty \u2013maksymalna kwota 3.000 z\u0142 ka\u017cdy)<\/span><\/p>\n<p><span style=\"font-size: 12pt;\">Przyk\u0142ady:<\/span><\/p>\n<ul>\n<li><span style=\"font-size: 12pt;\">projekt artystyczny \u0142\u0105cz\u0105cy r\u00f3\u017cne dyscypliny sztuki,<\/span><\/li>\n<li><span style=\"font-size: 12pt;\">wystawa interdyscyplinarna,<\/span><\/li>\n<li><span style=\"font-size: 12pt;\">warsztaty, gry, spotkania \u2013 integruj\u0105ce przedstawicieli r\u00f3\u017cnych dyscyplin,<\/span><\/li>\n<li><span style=\"font-size: 12pt;\">interdyscyplinarne seminarium naukowe, np.: sztuczna inteligencja, neurobiologia i pedagogika,<\/span><\/li>\n<li><span style=\"font-size: 12pt;\">organizacja performensu\/spektaklu teatralnego prezentuj\u0105cego wyniki bada\u0144,<\/span><\/li>\n<li><span style=\"font-size: 12pt;\">wsp\u00f3\u0142praca projektowa przedstawicieli r\u00f3\u017cnych dyscyplin sztuki\/nauki,<\/span><\/li>\n<li><span style=\"font-size: 12pt;\">wydarzenie \u0142\u0105cz\u0105ce potencja\u0142y wielu dyscyplin,<\/span><\/li>\n<li><span style=\"font-size: 12pt;\">wszelkie inne tw\u00f3rcze formy uwzgl\u0119dniaj\u0105ce aspekt interdyscyplinarno\u015bci.<\/span><\/li>\n<\/ul>\n<p><span style=\"font-size: 12pt;\"><strong>Jak zg\u0142osi\u0107 projekt? <\/strong><\/span><\/p>\n<ul>\n<li><span style=\"font-size: 12pt;\">Opisz kr\u00f3tko sw\u00f3j projekt (max. 4000 znak\u00f3w) \u2013 napisz m.in. jaki jest planowany rezultat, lokalizacja, partnerzy, jak wp\u0142ynie na spo\u0142eczno\u015b\u0107 akademick\u0105, na czym polega umi\u0119dzynarodowienie. Uzupe\u0142nij kosztorys (za\u0142\u0105cznik 1 na stronie) i harmonogramem (za\u0142\u0105cznik 2 na stronie). Ca\u0142o\u015b\u0107 prze\u015blij poprzez formularz: <a href=\"https:\/\/formularze.us.edu.pl\/site\/index\/975\">https:\/\/formularze.us.edu.pl\/site\/index\/975<\/a><\/span><\/li>\n<li><span style=\"font-size: 12pt;\">Termin sk\u0142adania wniosk\u00f3w: <strong>do 6 kwietnia 2025 r.<\/strong><\/span><\/li>\n<li><span style=\"font-size: 12pt;\">Ka\u017cda osoba studiuj\u0105ca mo\u017ce zg\u0142osi\u0107 jeden wniosek \u2013 w imieniu w\u0142asnym lub jako reprezentant \/ reprezentantka zespo\u0142u.<\/span><\/li>\n<li><span style=\"font-size: 12pt;\">Informacje o tym, kt\u00f3re projekty zosta\u0142y wybrane do sfinansowania, b\u0119d\u0105 og\u0142oszone <strong>do 15 kwietnia 2025 r. <\/strong>na stronie wydzia\u0142u: <a href=\"https:\/\/us.edu.pl\/wydzial\/wsne\/\">https:\/\/us.edu.pl\/wydzial\/wsne\/<\/a><\/span><\/li>\n<li><span style=\"font-size: 12pt;\">Projekty musz\u0105 zosta\u0107 zrealizowane do <strong>30 czerwca 2025 r.<\/strong><\/span><\/li>\n<li><span style=\"font-size: 12pt;\">Informacje odno\u015bnie warunk\u00f3w konkursu znajdziesz w regulaminie.<\/span><\/li>\n<\/ul>\n<p><span style=\"font-size: 12pt;\"><strong>Kontakt do organizator\u00f3w<br \/>\n<\/strong><a href=\"mailto:InicjatywaTworcza@us.edu.pl\">inicjatywatworcza@us.edu.pl<\/a><\/span><\/p>\n<p><span style=\"font-size: 12pt;\"><a href=\"https:\/\/us.edu.pl\/wydzial\/wsne\/wp-content\/uploads\/sites\/20\/Bez-kategorii\/zal.-nr-1-Kosztorys.-Inicjatywa-Tworcza.xlsx\" class=\"mtli_attachment mtli_xlsx\" data-mtli=\"mtli_filesize14,06kB\">za\u0142. nr 1 Kosztorys. Inicjatywa Tw\u00f3rcza<\/a><\/span><\/p>\n<p><span style=\"font-size: 12pt;\"><a href=\"https:\/\/us.edu.pl\/wydzial\/wsne\/wp-content\/uploads\/sites\/20\/Bez-kategorii\/zal.-nr-2-Harmonogram.-Inicjatywa-Tworcza.docx\" class=\"mtli_attachment mtli_docx\" data-mtli=\"mtli_filesize15,05kB\">za\u0142. nr 2 Harmonogram. Inicjatywa Tw\u00f3rcza<\/a><\/span><\/p>\n<p><span style=\"font-size: 12pt;\"><a href=\"https:\/\/us.edu.pl\/wydzial\/wsne\/wp-content\/uploads\/sites\/20\/Bez-kategorii\/zal.-nr-3.-Protokol-uzgodnien.-Inicjatywa-Tworcza.docx\" class=\"mtli_attachment mtli_docx\" data-mtli=\"mtli_filesize19,45kB\">za\u0142. nr 3. Protok\u00f3\u0142 uzgodnie\u0144. Inicjatywa Tw\u00f3rcza<\/a><\/span><\/p>\n<p><span style=\"font-size: 12pt;\"><a href=\"https:\/\/us.edu.pl\/wydzial\/wsne\/wp-content\/uploads\/sites\/20\/Bez-kategorii\/Regulamin-konkursu-Inicjatywa-Tworcza.pdf\" class=\"mtli_attachment mtli_pdf\" data-mtli=\"mtli_filesize217,02kB\">Regulamin konkursu Inicjatywa Tw\u00f3rcza<\/a><\/span><\/p>\n<p><span style=\"font-size: 12pt;\"><a href=\"https:\/\/us.edu.pl\/wydzial\/wsne\/wp-content\/uploads\/sites\/20\/Bez-kategorii\/Regulamin-konkursu-Inicjatywa-Tworcza.docx\" class=\"mtli_attachment mtli_docx\" data-mtli=\"mtli_filesize221,04kB\">Regulamin konkursu Inicjatywa Tw\u00f3rcza<\/a><\/span>[\/vc_column_text][\/vc_column][\/vc_row]<\/p>\n<style type=\"text\/css\">a[data-mtli~=\"mtli_filesize14,06kB\"]:after {content:\" (14,06 kB)\"}a[data-mtli~=\"mtli_filesize15,05kB\"]:after {content:\" (15,05 kB)\"}a[data-mtli~=\"mtli_filesize19,45kB\"]:after {content:\" (19,45 kB)\"}a[data-mtli~=\"mtli_filesize217,02kB\"]:after {content:\" (217,02 kB)\"}a[data-mtli~=\"mtli_filesize221,04kB\"]:after {content:\" (221,04 kB)\"}<\/style>","protected":false},"excerpt":{"rendered":"<p>[vc_row][vc_column][vc_column_text]Zapraszamy do udzia\u0142u w konkursie Inicjatywa Tw\u00f3rcza na sfinansowanie projekt\u00f3w os\u00f3b studiuj\u0105cych na Wydziale Sztuki i Nauk o Edukacji U\u015a. Kto mo\u017ce z\u0142o\u017cy\u0107 wniosek? Konkursowy wniosek mo\u017ce z\u0142o\u017cy\u0107 ka\u017cdy student, studentka, osoba studiuj\u0105ca na Wydziale Sztuki i Nauk o Edukacji w Cieszynie. Jaki jest cel konkursu? Chcemy zainspirowa\u0107 spo\u0142eczno\u015b\u0107 studenck\u0105 WSNE do aktywno\u015bci w obszarze [&#8230;]<\/p>\n<p><a class=\"btn btn-secondary understrap-read-more-link\" href=\"https:\/\/us.edu.pl\/wydzial\/wsne\/2025\/03\/07\/inicjatywa-tworcza-konkurs\/\">Read More&#8230;<\/a><\/p>\n","protected":false},"author":110,"featured_media":165706,"comment_status":"open","ping_status":"open","sticky":false,"template":"","format":"standard","meta":{"_expiration-date-status":"","_expiration-date":0,"_expiration-date-type":"","_expiration-date-categories":[],"_expiration-date-options":[]},"categories":[13,10],"tags":[],"acf":[],"_links":{"self":[{"href":"https:\/\/us.edu.pl\/wydzial\/wsne\/wp-json\/wp\/v2\/posts\/165690"}],"collection":[{"href":"https:\/\/us.edu.pl\/wydzial\/wsne\/wp-json\/wp\/v2\/posts"}],"about":[{"href":"https:\/\/us.edu.pl\/wydzial\/wsne\/wp-json\/wp\/v2\/types\/post"}],"author":[{"embeddable":true,"href":"https:\/\/us.edu.pl\/wydzial\/wsne\/wp-json\/wp\/v2\/users\/110"}],"replies":[{"embeddable":true,"href":"https:\/\/us.edu.pl\/wydzial\/wsne\/wp-json\/wp\/v2\/comments?post=165690"}],"version-history":[{"count":3,"href":"https:\/\/us.edu.pl\/wydzial\/wsne\/wp-json\/wp\/v2\/posts\/165690\/revisions"}],"predecessor-version":[{"id":165744,"href":"https:\/\/us.edu.pl\/wydzial\/wsne\/wp-json\/wp\/v2\/posts\/165690\/revisions\/165744"}],"wp:featuredmedia":[{"embeddable":true,"href":"https:\/\/us.edu.pl\/wydzial\/wsne\/wp-json\/wp\/v2\/media\/165706"}],"wp:attachment":[{"href":"https:\/\/us.edu.pl\/wydzial\/wsne\/wp-json\/wp\/v2\/media?parent=165690"}],"wp:term":[{"taxonomy":"category","embeddable":true,"href":"https:\/\/us.edu.pl\/wydzial\/wsne\/wp-json\/wp\/v2\/categories?post=165690"},{"taxonomy":"post_tag","embeddable":true,"href":"https:\/\/us.edu.pl\/wydzial\/wsne\/wp-json\/wp\/v2\/tags?post=165690"}],"curies":[{"name":"wp","href":"https:\/\/api.w.org\/{rel}","templated":true}]}}