{"id":168170,"date":"2025-05-09T12:11:29","date_gmt":"2025-05-09T10:11:29","guid":{"rendered":"https:\/\/us.edu.pl\/wydzial\/wsne\/?p=168170"},"modified":"2025-05-09T12:11:29","modified_gmt":"2025-05-09T10:11:29","slug":"polsko-hiszpanska-wspolpraca-kadry-akademickiej","status":"publish","type":"post","link":"https:\/\/us.edu.pl\/wydzial\/wsne\/2025\/05\/09\/polsko-hiszpanska-wspolpraca-kadry-akademickiej\/","title":{"rendered":"Polsko-Hiszpa\u0144ska Wsp\u00f3\u0142praca Kadry Akademickiej"},"content":{"rendered":"<p>[vc_row][vc_column][vc_column_text]<span style=\"font-size: 12pt;\">W ubieg\u0142ym tygodniu zako\u0144czy\u0142 si\u0119 wyjazd w ramach Programu Erasmus+ pracownik\u00f3w Instytutu Pedagogiki \u2013 dr Anny Porczy\u0144skiej-Ciszewskiej, dr Barbary Chojnackiej-Synaszko i dr Anny Trzcionki-Wieczorek \u2013 do Uniwersytetu w Kordobie \/ Universidad de Cordoba.<\/span><\/p>\n<p><span style=\"font-size: 12pt;\">Program wizyty obejmowa\u0142 zaj\u0119cia ze studentami studi\u00f3w I stopnia na kierunku edukacja wczesnoszkolna z Wydzia\u0142u Nauk o Edukacji i Psychologii (Facultad de Ciencias de la Educaci\u00f3n y Psicolog\u00eda ). Problematyka oscylowa\u0142a wok\u00f3\u0142 zagadnienia okre\u015blonego przez dr An\u0119 Bravo \u00a0\u201ePsychology of School Coexistence in Primary Education\u201d. Nauczycielki akademickie z Polski w nawi\u0105zaniu do problematyki om\u00f3wi\u0142y dzia\u0142ania w plac\u00f3wce o\u015bwiatowej ukierunkowane w stron\u0119 optymalnego uwzgl\u0119dniania r\u00f3\u017cnorodno\u015bci w spo\u0142ecznej przestrzeni szko\u0142y (wynikaj\u0105cej z odmienno\u015bci kulturowej oraz odmienno\u015bci ucznia w obszarze rozwoju), odwo\u0142uj\u0105c si\u0119 do bada\u0144 w\u0142asnych, reali\u00f3w w praktyce edukacyjnej i obowi\u0105zuj\u0105cych w Polsce regulacji prawnych. Ponadto uczestniczy\u0142y w zaj\u0119ciach poprowadzonych w formie warsztatowej i grupowej ze studentami i uczniami edukacji wczesnoszkolnej ze Szko\u0142y Podstawowej CEIP Albolafia (C\u00f3rdoba) w ramach zorganizowanych pedagogicznych praktyk \u015br\u00f3drocznych.<\/span><\/p>\n<p><span style=\"font-size: 12pt;\">Partycypacja w obszarze dzia\u0142a\u0144 dydaktycznych zosta\u0142a uzupe\u0142niona o cz\u0119\u015b\u0107 naukow\u0105. W ramach zorganizowanego spotkania z prof. Rosario Ruiz (badawczo zainteresowan\u0105 interwencj\u0105 psychologiczn\u0105 w obszarze edukacji i zachowaniami prospo\u0142ecznymi, altruistycznymi dzieci) oraz seminarium z zespo\u0142em pracownik\u00f3w z Instytutu Psychologii pod kierunkiem dr hab. Sebasti\u00e1na Vivas dosz\u0142o nie tylko do przedstawienia obustronnej prezentacji poszczeg\u00f3lnych badaczy i ich dzia\u0142alno\u015bci naukowej, ale podj\u0119to pr\u00f3b\u0119 wyodr\u0119bnienia wsp\u00f3lnych w\u0105tk\u00f3w, kt\u00f3re zosta\u0142y ulokowane w koncepcji bada\u0144 zespo\u0142owych, co stanowi podstaw\u0119 do dalszego rozwoju mi\u0119dzynarodowego partnerstwa w obszarze pracy badawczej.<\/span>[\/vc_column_text][\/vc_column][\/vc_row][vc_row][vc_column]            \r\n                    <div class=\"container\">\r\n                        <div class=\"gallery gallery_4\" data-images-in-row=\"4\">\r\n                            \r\n                            <div class=\"row m-0\">\r\n                                <a data-fancybox-group=\"button\" title=\"\" data-fancybox=\"575\" href=\"https:\/\/us.edu.pl\/wydzial\/wsne\/wp-content\/uploads\/sites\/20\/Bez-kategorii\/Fot-001-24.jpg\" class=\"gallery__item thumbnail\"\r\n                                    style=\"background-image: url(https:\/\/us.edu.pl\/wydzial\/wsne\/wp-content\/uploads\/sites\/20\/Bez-kategorii\/Fot-001-24.jpg)\"> <span class=\"d-none\">https:\/\/us.edu.pl\/wydzial\/wsne\/wp-content\/uploads\/sites\/20\/Bez-kategorii\/Fot-001-24.jpg<\/span> <\/a><a data-fancybox-group=\"button\" title=\"\" data-fancybox=\"575\" href=\"https:\/\/us.edu.pl\/wydzial\/wsne\/wp-content\/uploads\/sites\/20\/Bez-kategorii\/Fot-002-23.jpg\" class=\"gallery__item thumbnail\"\r\n                                    style=\"background-image: url(https:\/\/us.edu.pl\/wydzial\/wsne\/wp-content\/uploads\/sites\/20\/Bez-kategorii\/Fot-002-23.jpg)\"> <span class=\"d-none\">https:\/\/us.edu.pl\/wydzial\/wsne\/wp-content\/uploads\/sites\/20\/Bez-kategorii\/Fot-002-23.jpg<\/span> <\/a><a data-fancybox-group=\"button\" title=\"\" data-fancybox=\"575\" href=\"https:\/\/us.edu.pl\/wydzial\/wsne\/wp-content\/uploads\/sites\/20\/Bez-kategorii\/Fot-003-22.jpg\" class=\"gallery__item thumbnail\"\r\n                                    style=\"background-image: url(https:\/\/us.edu.pl\/wydzial\/wsne\/wp-content\/uploads\/sites\/20\/Bez-kategorii\/Fot-003-22.jpg)\"> <span class=\"d-none\">https:\/\/us.edu.pl\/wydzial\/wsne\/wp-content\/uploads\/sites\/20\/Bez-kategorii\/Fot-003-22.jpg<\/span> <\/a><a data-fancybox-group=\"button\" title=\"\" data-fancybox=\"575\" href=\"https:\/\/us.edu.pl\/wydzial\/wsne\/wp-content\/uploads\/sites\/20\/Bez-kategorii\/Fot-004-22.jpg\" class=\"gallery__item thumbnail\"\r\n                                    style=\"background-image: url(https:\/\/us.edu.pl\/wydzial\/wsne\/wp-content\/uploads\/sites\/20\/Bez-kategorii\/Fot-004-22.jpg)\"> <span class=\"d-none\">https:\/\/us.edu.pl\/wydzial\/wsne\/wp-content\/uploads\/sites\/20\/Bez-kategorii\/Fot-004-22.jpg<\/span> <\/a><a data-fancybox-group=\"button\" title=\"\" data-fancybox=\"575\" href=\"https:\/\/us.edu.pl\/wydzial\/wsne\/wp-content\/uploads\/sites\/20\/Bez-kategorii\/Fot-005-22.jpg\" class=\"gallery__item thumbnail\"\r\n                                    style=\"background-image: url(https:\/\/us.edu.pl\/wydzial\/wsne\/wp-content\/uploads\/sites\/20\/Bez-kategorii\/Fot-005-22.jpg)\"> <span class=\"d-none\">https:\/\/us.edu.pl\/wydzial\/wsne\/wp-content\/uploads\/sites\/20\/Bez-kategorii\/Fot-005-22.jpg<\/span> <\/a><a data-fancybox-group=\"button\" title=\"\" data-fancybox=\"575\" href=\"https:\/\/us.edu.pl\/wydzial\/wsne\/wp-content\/uploads\/sites\/20\/Bez-kategorii\/Fot-006-22.jpg\" class=\"gallery__item thumbnail\"\r\n                                    style=\"background-image: url(https:\/\/us.edu.pl\/wydzial\/wsne\/wp-content\/uploads\/sites\/20\/Bez-kategorii\/Fot-006-22.jpg)\"> <span class=\"d-none\">https:\/\/us.edu.pl\/wydzial\/wsne\/wp-content\/uploads\/sites\/20\/Bez-kategorii\/Fot-006-22.jpg<\/span> <\/a><a data-fancybox-group=\"button\" title=\"\" data-fancybox=\"575\" href=\"https:\/\/us.edu.pl\/wydzial\/wsne\/wp-content\/uploads\/sites\/20\/Bez-kategorii\/Fot-007-19.jpg\" class=\"gallery__item thumbnail\"\r\n                                    style=\"background-image: url(https:\/\/us.edu.pl\/wydzial\/wsne\/wp-content\/uploads\/sites\/20\/Bez-kategorii\/Fot-007-19.jpg)\"> <span class=\"d-none\">https:\/\/us.edu.pl\/wydzial\/wsne\/wp-content\/uploads\/sites\/20\/Bez-kategorii\/Fot-007-19.jpg<\/span> <\/a><a data-fancybox-group=\"button\" title=\"\" data-fancybox=\"575\" href=\"https:\/\/us.edu.pl\/wydzial\/wsne\/wp-content\/uploads\/sites\/20\/Bez-kategorii\/Fot-008-19.jpg\" class=\"gallery__item thumbnail\"\r\n                                    style=\"background-image: url(https:\/\/us.edu.pl\/wydzial\/wsne\/wp-content\/uploads\/sites\/20\/Bez-kategorii\/Fot-008-19.jpg)\"> <span class=\"d-none\">https:\/\/us.edu.pl\/wydzial\/wsne\/wp-content\/uploads\/sites\/20\/Bez-kategorii\/Fot-008-19.jpg<\/span> <\/a><a data-fancybox-group=\"button\" title=\"\" data-fancybox=\"575\" href=\"https:\/\/us.edu.pl\/wydzial\/wsne\/wp-content\/uploads\/sites\/20\/Bez-kategorii\/Fot-009-19.jpg\" class=\"gallery__item thumbnail\"\r\n                                    style=\"background-image: url(https:\/\/us.edu.pl\/wydzial\/wsne\/wp-content\/uploads\/sites\/20\/Bez-kategorii\/Fot-009-19.jpg)\"> <span class=\"d-none\">https:\/\/us.edu.pl\/wydzial\/wsne\/wp-content\/uploads\/sites\/20\/Bez-kategorii\/Fot-009-19.jpg<\/span> <\/a><a data-fancybox-group=\"button\" title=\"\" data-fancybox=\"575\" href=\"https:\/\/us.edu.pl\/wydzial\/wsne\/wp-content\/uploads\/sites\/20\/Bez-kategorii\/Fot-010-17.jpg\" class=\"gallery__item thumbnail\"\r\n                                    style=\"background-image: url(https:\/\/us.edu.pl\/wydzial\/wsne\/wp-content\/uploads\/sites\/20\/Bez-kategorii\/Fot-010-17.jpg)\"> <span class=\"d-none\">https:\/\/us.edu.pl\/wydzial\/wsne\/wp-content\/uploads\/sites\/20\/Bez-kategorii\/Fot-010-17.jpg<\/span> <\/a><a data-fancybox-group=\"button\" title=\"\" data-fancybox=\"575\" href=\"https:\/\/us.edu.pl\/wydzial\/wsne\/wp-content\/uploads\/sites\/20\/Bez-kategorii\/Fot-011-16.jpg\" class=\"gallery__item thumbnail\"\r\n                                    style=\"background-image: url(https:\/\/us.edu.pl\/wydzial\/wsne\/wp-content\/uploads\/sites\/20\/Bez-kategorii\/Fot-011-16.jpg)\"> <span class=\"d-none\">https:\/\/us.edu.pl\/wydzial\/wsne\/wp-content\/uploads\/sites\/20\/Bez-kategorii\/Fot-011-16.jpg<\/span> <\/a><a data-fancybox-group=\"button\" title=\"\" data-fancybox=\"575\" href=\"https:\/\/us.edu.pl\/wydzial\/wsne\/wp-content\/uploads\/sites\/20\/Bez-kategorii\/Fot-012-16.jpg\" class=\"gallery__item thumbnail\"\r\n                                    style=\"background-image: url(https:\/\/us.edu.pl\/wydzial\/wsne\/wp-content\/uploads\/sites\/20\/Bez-kategorii\/Fot-012-16.jpg)\"> <span class=\"d-none\">https:\/\/us.edu.pl\/wydzial\/wsne\/wp-content\/uploads\/sites\/20\/Bez-kategorii\/Fot-012-16.jpg<\/span> <\/a>\r\n                            <\/div>\r\n                    <\/div>\r\n                <\/div>[\/vc_column][\/vc_row]<\/p>","protected":false},"excerpt":{"rendered":"<p>[vc_row][vc_column][vc_column_text]W ubieg\u0142ym tygodniu zako\u0144czy\u0142 si\u0119 wyjazd w ramach Programu Erasmus+ pracownik\u00f3w Instytutu Pedagogiki \u2013 dr Anny Porczy\u0144skiej-Ciszewskiej, dr Barbary Chojnackiej-Synaszko i dr Anny Trzcionki-Wieczorek \u2013 do Uniwersytetu w Kordobie \/ Universidad de Cordoba. Program wizyty obejmowa\u0142 zaj\u0119cia ze studentami studi\u00f3w I stopnia na kierunku edukacja wczesnoszkolna z Wydzia\u0142u Nauk o Edukacji i Psychologii (Facultad de [&#8230;]<\/p>\n<p><a class=\"btn btn-secondary understrap-read-more-link\" href=\"https:\/\/us.edu.pl\/wydzial\/wsne\/2025\/05\/09\/polsko-hiszpanska-wspolpraca-kadry-akademickiej\/\">Read More&#8230;<\/a><\/p>\n","protected":false},"author":110,"featured_media":168179,"comment_status":"open","ping_status":"open","sticky":false,"template":"","format":"standard","meta":{"_expiration-date-status":"","_expiration-date":0,"_expiration-date-type":"","_expiration-date-categories":[],"_expiration-date-options":[]},"categories":[13,10],"tags":[],"acf":[],"_links":{"self":[{"href":"https:\/\/us.edu.pl\/wydzial\/wsne\/wp-json\/wp\/v2\/posts\/168170"}],"collection":[{"href":"https:\/\/us.edu.pl\/wydzial\/wsne\/wp-json\/wp\/v2\/posts"}],"about":[{"href":"https:\/\/us.edu.pl\/wydzial\/wsne\/wp-json\/wp\/v2\/types\/post"}],"author":[{"embeddable":true,"href":"https:\/\/us.edu.pl\/wydzial\/wsne\/wp-json\/wp\/v2\/users\/110"}],"replies":[{"embeddable":true,"href":"https:\/\/us.edu.pl\/wydzial\/wsne\/wp-json\/wp\/v2\/comments?post=168170"}],"version-history":[{"count":1,"href":"https:\/\/us.edu.pl\/wydzial\/wsne\/wp-json\/wp\/v2\/posts\/168170\/revisions"}],"predecessor-version":[{"id":168204,"href":"https:\/\/us.edu.pl\/wydzial\/wsne\/wp-json\/wp\/v2\/posts\/168170\/revisions\/168204"}],"wp:featuredmedia":[{"embeddable":true,"href":"https:\/\/us.edu.pl\/wydzial\/wsne\/wp-json\/wp\/v2\/media\/168179"}],"wp:attachment":[{"href":"https:\/\/us.edu.pl\/wydzial\/wsne\/wp-json\/wp\/v2\/media?parent=168170"}],"wp:term":[{"taxonomy":"category","embeddable":true,"href":"https:\/\/us.edu.pl\/wydzial\/wsne\/wp-json\/wp\/v2\/categories?post=168170"},{"taxonomy":"post_tag","embeddable":true,"href":"https:\/\/us.edu.pl\/wydzial\/wsne\/wp-json\/wp\/v2\/tags?post=168170"}],"curies":[{"name":"wp","href":"https:\/\/api.w.org\/{rel}","templated":true}]}}