{"id":169720,"date":"2025-06-06T11:56:18","date_gmt":"2025-06-06T09:56:18","guid":{"rendered":"https:\/\/us.edu.pl\/wydzial\/wsne\/?p=169720"},"modified":"2025-06-06T11:57:44","modified_gmt":"2025-06-06T09:57:44","slug":"wewnetrzne-demony-wystawa-fotografii-w-ramach-konkursu-dla-studentow-wsne-inicjatywa-tworcza","status":"publish","type":"post","link":"https:\/\/us.edu.pl\/wydzial\/wsne\/2025\/06\/06\/wewnetrzne-demony-wystawa-fotografii-w-ramach-konkursu-dla-studentow-wsne-inicjatywa-tworcza\/","title":{"rendered":"Wewn\u0119trzne Demony. Wystawa fotografii w ramach konkursu dla student\u00f3w WSNE: Inicjatywa Tw\u00f3rcza"},"content":{"rendered":"<p>[vc_row][vc_column][vc_column_text]<span style=\"font-size: 12pt;\">W imieniu student\u00f3w i studentek I i II roku kierunku edukacja artystyczna w zakresie sztuk plastycznych oraz student\u00f3w go\u015bcinnych serdecznie zapraszamy na wernisa\u017c wystawy fotografii pod tytu\u0142em ,,Wewn\u0119trzne Demony&#8221;.<\/span><\/p>\n<p><span style=\"font-size: 12pt;\">Odb\u0119dzie si\u0119 on <strong>10 czerwca 2025<\/strong> roku o godzinie 14.00 w pracowni fotograficznej na WSNE U\u015a w Cieszynie. O godzinie 20.00 zapraszamy na after w klubie studenckim Panoptikum.<\/span><\/p>\n<p><span style=\"font-size: 12pt;\">Projekt o charakterze mi\u0119dzynarodowym zosta\u0142 zrealizowany w ramach konkursu \u201eInicjatywa Tw\u00f3rcza&#8221; organizowanego przez Wydzia\u0142 Sztuki i Nauk o Edukacji U\u015a.<\/span><\/p>\n<p><span style=\"font-size: 12pt;\"><strong>Inicjatywa Tw\u00f3rcza. Konkurs dla student\u00f3w WSNE<\/strong><strong><br \/>\n<\/strong>\u2192\u00a0<a href=\"https:\/\/us.edu.pl\/wydzial\/wsne\/2025\/03\/07\/inicjatywa-tworcza-konkurs\/\">https:\/\/us.edu.pl\/wydzial\/wsne\/2025\/03\/07\/inicjatywa-tworcza-konkurs\/<\/a><\/span><\/p>\n<p style=\"text-align: center;\"><img class=\"alignnone wp-image-169724 size-full\" src=\"https:\/\/us.edu.pl\/wydzial\/wsne\/wp-content\/uploads\/sites\/20\/Bez-kategorii\/WEWNETRZNE-DEMONY.jpg\" alt=\"Wewn\u0119trzne Demony. Wystawa fotografii w ramach konkursu dla student\u00f3w WSNE-plakat\" width=\"840\" height=\"1200\" srcset=\"https:\/\/us.edu.pl\/wydzial\/wsne\/wp-content\/uploads\/sites\/20\/Bez-kategorii\/WEWNETRZNE-DEMONY.jpg 840w, https:\/\/us.edu.pl\/wydzial\/wsne\/wp-content\/uploads\/sites\/20\/Bez-kategorii\/WEWNETRZNE-DEMONY-630x900.jpg 630w, https:\/\/us.edu.pl\/wydzial\/wsne\/wp-content\/uploads\/sites\/20\/Bez-kategorii\/WEWNETRZNE-DEMONY-768x1097.jpg 768w, https:\/\/us.edu.pl\/wydzial\/wsne\/wp-content\/uploads\/sites\/20\/Bez-kategorii\/WEWNETRZNE-DEMONY-403x575.jpg 403w\" sizes=\"(max-width: 840px) 100vw, 840px\" \/><\/p>\n<p>[\/vc_column_text][\/vc_column][\/vc_row]<\/p>","protected":false},"excerpt":{"rendered":"<p>[vc_row][vc_column][vc_column_text]W imieniu student\u00f3w i studentek I i II roku kierunku edukacja artystyczna w zakresie sztuk plastycznych oraz student\u00f3w go\u015bcinnych serdecznie zapraszamy na wernisa\u017c wystawy fotografii pod tytu\u0142em ,,Wewn\u0119trzne Demony&#8221;. Odb\u0119dzie si\u0119 on 10 czerwca 2025 roku o godzinie 14.00 w pracowni fotograficznej na WSNE U\u015a w Cieszynie. O godzinie 20.00 zapraszamy na after w klubie [&#8230;]<\/p>\n<p><a class=\"btn btn-secondary understrap-read-more-link\" href=\"https:\/\/us.edu.pl\/wydzial\/wsne\/2025\/06\/06\/wewnetrzne-demony-wystawa-fotografii-w-ramach-konkursu-dla-studentow-wsne-inicjatywa-tworcza\/\">Read More&#8230;<\/a><\/p>\n","protected":false},"author":110,"featured_media":169724,"comment_status":"open","ping_status":"open","sticky":false,"template":"","format":"standard","meta":{"_expiration-date-status":"","_expiration-date":0,"_expiration-date-type":"","_expiration-date-categories":[],"_expiration-date-options":[]},"categories":[13,10],"tags":[],"acf":[],"_links":{"self":[{"href":"https:\/\/us.edu.pl\/wydzial\/wsne\/wp-json\/wp\/v2\/posts\/169720"}],"collection":[{"href":"https:\/\/us.edu.pl\/wydzial\/wsne\/wp-json\/wp\/v2\/posts"}],"about":[{"href":"https:\/\/us.edu.pl\/wydzial\/wsne\/wp-json\/wp\/v2\/types\/post"}],"author":[{"embeddable":true,"href":"https:\/\/us.edu.pl\/wydzial\/wsne\/wp-json\/wp\/v2\/users\/110"}],"replies":[{"embeddable":true,"href":"https:\/\/us.edu.pl\/wydzial\/wsne\/wp-json\/wp\/v2\/comments?post=169720"}],"version-history":[{"count":1,"href":"https:\/\/us.edu.pl\/wydzial\/wsne\/wp-json\/wp\/v2\/posts\/169720\/revisions"}],"predecessor-version":[{"id":169727,"href":"https:\/\/us.edu.pl\/wydzial\/wsne\/wp-json\/wp\/v2\/posts\/169720\/revisions\/169727"}],"wp:featuredmedia":[{"embeddable":true,"href":"https:\/\/us.edu.pl\/wydzial\/wsne\/wp-json\/wp\/v2\/media\/169724"}],"wp:attachment":[{"href":"https:\/\/us.edu.pl\/wydzial\/wsne\/wp-json\/wp\/v2\/media?parent=169720"}],"wp:term":[{"taxonomy":"category","embeddable":true,"href":"https:\/\/us.edu.pl\/wydzial\/wsne\/wp-json\/wp\/v2\/categories?post=169720"},{"taxonomy":"post_tag","embeddable":true,"href":"https:\/\/us.edu.pl\/wydzial\/wsne\/wp-json\/wp\/v2\/tags?post=169720"}],"curies":[{"name":"wp","href":"https:\/\/api.w.org\/{rel}","templated":true}]}}