{"id":170580,"date":"2025-06-18T10:52:40","date_gmt":"2025-06-18T08:52:40","guid":{"rendered":"https:\/\/us.edu.pl\/wydzial\/wsne\/?p=170580"},"modified":"2025-10-06T13:08:50","modified_gmt":"2025-10-06T11:08:50","slug":"konferencja-naukowa-antropologia-na-pograniczu-pogranicza-w-antropologii","status":"publish","type":"post","link":"https:\/\/us.edu.pl\/wydzial\/wsne\/2025\/06\/18\/konferencja-naukowa-antropologia-na-pograniczu-pogranicza-w-antropologii\/","title":{"rendered":"Konferencja naukowa Antropologia na pograniczu \u2013 pogranicza w antropologii"},"content":{"rendered":"<p>[vc_row][vc_column][vc_column_text]<span style=\"font-size: 12pt;\">Szanowni Pa\u0144stwo,\u00a0<\/span><\/p>\n<p><span style=\"font-size: 12pt;\">przypominamy o\u00a0trwaj\u0105cym naborze referat\u00f3w\/ zg\u0142osze\u0144 na konferencj\u0119 naukow\u0105\u00a0<strong>Antropologia na pograniczu \u2013 pogranicza w antropologii <\/strong><\/span><\/p>\n<p><span style=\"font-size: 12pt;\">w ramach 17. Europejskiej Naukowej Konferencji\u00a0 Kultury Ludowej IOV-WORLD, kt\u00f3ra jest po\u0142\u0105czona z Jubileuszem 30-lecia o\u015brodka Etnologii i Antropologii Kulturowej Uniwersytetu \u015al\u0105skiego w Cieszynie. Wydarzenie odb\u0119dzie si\u0119 w\u00a0<strong>Cieszynie, <\/strong>w dniach<strong> 22-23 pa\u017adziernika 2025 roku.<\/strong><\/span><\/p>\n<p><span style=\"font-size: 12pt;\">Wszystkie szczeg\u00f3\u0142y w za\u0142\u0105czniku.<strong>\u00a0<\/strong>Serdecznie zapraszamy!<\/span><\/p>\n<p><span style=\"font-size: 12pt;\"><a href=\"https:\/\/us.edu.pl\/wydzial\/wsne\/wp-content\/uploads\/sites\/20\/Bez-kategorii\/Zaproszenie-konferencja.pdf\" class=\"mtli_attachment mtli_pdf\" data-mtli=\"mtli_filesize1,17MB\">Zaproszenie konferencja<\/a><\/span><\/p>\n<p><span style=\"font-size: 12pt;\"><a href=\"https:\/\/us.edu.pl\/wydzial\/wsne\/wp-content\/uploads\/sites\/20\/Bez-kategorii\/Invitation.pdf\" class=\"mtli_attachment mtli_pdf\" data-mtli=\"mtli_filesize1,05MB\">Invitation<\/a><\/span><\/p>\n<p><span style=\"font-size: 12pt;\">W imieniu organizator\u00f3w,\u00a0<\/span><\/p>\n<p><span style=\"font-size: 12pt;\">Kinga Czerwi\u0144ska<\/span><\/p>\n<p style=\"text-align: center;\"><img class=\"alignnone size-full wp-image-170586\" src=\"https:\/\/us.edu.pl\/wydzial\/wsne\/wp-content\/uploads\/sites\/20\/Bez-kategorii\/Baner-pol-ng.jpg\" alt=\"Baner-Antropologia na pograniczu \u2013 pogranicza w antropologii\" width=\"762\" height=\"500\" srcset=\"https:\/\/us.edu.pl\/wydzial\/wsne\/wp-content\/uploads\/sites\/20\/Bez-kategorii\/Baner-pol-ng.jpg 762w, https:\/\/us.edu.pl\/wydzial\/wsne\/wp-content\/uploads\/sites\/20\/Bez-kategorii\/Baner-pol-ng-575x377.jpg 575w\" sizes=\"(max-width: 762px) 100vw, 762px\" \/><\/p>\n<p>[\/vc_column_text][\/vc_column][\/vc_row]<\/p>\n<style type=\"text\/css\">a[data-mtli~=\"mtli_filesize1,17MB\"]:after {content:\" (1,17 MB)\"}a[data-mtli~=\"mtli_filesize1,05MB\"]:after {content:\" (1,05 MB)\"}<\/style>","protected":false},"excerpt":{"rendered":"<p>[vc_row][vc_column][vc_column_text]Szanowni Pa\u0144stwo,\u00a0 przypominamy o\u00a0trwaj\u0105cym naborze referat\u00f3w\/ zg\u0142osze\u0144 na konferencj\u0119 naukow\u0105\u00a0Antropologia na pograniczu \u2013 pogranicza w antropologii w ramach 17. Europejskiej Naukowej Konferencji\u00a0 Kultury Ludowej IOV-WORLD, kt\u00f3ra jest po\u0142\u0105czona z Jubileuszem 30-lecia o\u015brodka Etnologii i Antropologii Kulturowej Uniwersytetu \u015al\u0105skiego w Cieszynie. Wydarzenie odb\u0119dzie si\u0119 w\u00a0Cieszynie, w dniach 22-23 pa\u017adziernika 2025 roku. Wszystkie szczeg\u00f3\u0142y w za\u0142\u0105czniku.\u00a0Serdecznie zapraszamy! [&#8230;]<\/p>\n<p><a class=\"btn btn-secondary understrap-read-more-link\" href=\"https:\/\/us.edu.pl\/wydzial\/wsne\/2025\/06\/18\/konferencja-naukowa-antropologia-na-pograniczu-pogranicza-w-antropologii\/\">Read More&#8230;<\/a><\/p>\n","protected":false},"author":110,"featured_media":170586,"comment_status":"open","ping_status":"open","sticky":false,"template":"","format":"standard","meta":{"_expiration-date-status":"","_expiration-date":0,"_expiration-date-type":"","_expiration-date-categories":[],"_expiration-date-options":[]},"categories":[13,10,18],"tags":[],"acf":[],"_links":{"self":[{"href":"https:\/\/us.edu.pl\/wydzial\/wsne\/wp-json\/wp\/v2\/posts\/170580"}],"collection":[{"href":"https:\/\/us.edu.pl\/wydzial\/wsne\/wp-json\/wp\/v2\/posts"}],"about":[{"href":"https:\/\/us.edu.pl\/wydzial\/wsne\/wp-json\/wp\/v2\/types\/post"}],"author":[{"embeddable":true,"href":"https:\/\/us.edu.pl\/wydzial\/wsne\/wp-json\/wp\/v2\/users\/110"}],"replies":[{"embeddable":true,"href":"https:\/\/us.edu.pl\/wydzial\/wsne\/wp-json\/wp\/v2\/comments?post=170580"}],"version-history":[{"count":1,"href":"https:\/\/us.edu.pl\/wydzial\/wsne\/wp-json\/wp\/v2\/posts\/170580\/revisions"}],"predecessor-version":[{"id":170587,"href":"https:\/\/us.edu.pl\/wydzial\/wsne\/wp-json\/wp\/v2\/posts\/170580\/revisions\/170587"}],"wp:featuredmedia":[{"embeddable":true,"href":"https:\/\/us.edu.pl\/wydzial\/wsne\/wp-json\/wp\/v2\/media\/170586"}],"wp:attachment":[{"href":"https:\/\/us.edu.pl\/wydzial\/wsne\/wp-json\/wp\/v2\/media?parent=170580"}],"wp:term":[{"taxonomy":"category","embeddable":true,"href":"https:\/\/us.edu.pl\/wydzial\/wsne\/wp-json\/wp\/v2\/categories?post=170580"},{"taxonomy":"post_tag","embeddable":true,"href":"https:\/\/us.edu.pl\/wydzial\/wsne\/wp-json\/wp\/v2\/tags?post=170580"}],"curies":[{"name":"wp","href":"https:\/\/api.w.org\/{rel}","templated":true}]}}