{"id":172046,"date":"2025-10-16T09:52:18","date_gmt":"2025-10-16T07:52:18","guid":{"rendered":"https:\/\/us.edu.pl\/wydzial\/wsne\/?p=172046"},"modified":"2025-10-17T11:36:26","modified_gmt":"2025-10-17T09:36:26","slug":"antropologia-na-pograniczu-pogranicza-w-antropologii-jubileusz-30-lecia-osrodka-etnologii-i-antropologii-kulturowej-w-cieszynie","status":"publish","type":"post","link":"https:\/\/us.edu.pl\/wydzial\/wsne\/2025\/10\/16\/antropologia-na-pograniczu-pogranicza-w-antropologii-jubileusz-30-lecia-osrodka-etnologii-i-antropologii-kulturowej-w-cieszynie\/","title":{"rendered":"Antropologia na pograniczu \u2013 pogranicza w antropologii. Jubileusz 30-lecia O\u015brodka Etnologii i Antropologii Kulturowej w Cieszynie"},"content":{"rendered":"<p>[vc_row][vc_column][vc_column_text]<span style=\"font-size: 12pt;\">Zapraszamy na obchody jubileuszu 30-lecia O\u015brodka Etnologii i\u00a0Antropologii Kulturowej w\u00a0Cieszynie Uniwersytetu \u015al\u0105skiego po\u0142\u0105czone z\u00a017. Europejsk\u0105 Naukow\u0105 Konferencj\u0105\u00a0 Kultury Ludowej IOV-WORLD<\/span><\/p>\n<p><span style=\"font-size: 12pt;\"><strong>Antropologia na\u00a0pograniczu \u2013 pogranicza w\u00a0antropologii<br \/>\n22-23 pa\u017adziernika 2025 roku, Cieszyn <\/strong><\/span><\/p>\n<p><span style=\"font-size: 12pt;\">Konferencja ma na celu poszerzenie wiedzy i wymian\u0119 do\u015bwiadcze\u0144 zwi\u0105zanych z szeroko rozumianym pograniczem, zar\u00f3wno w wymiarze spo\u0142ecznym, jak i kulturowym. <\/span><\/p>\n<p><span style=\"font-size: 12pt;\">Etnologia cieszy\u0144ska zosta\u0142a osadzona na pograniczu polsko-czeskim trzydzie\u015bci lat temu, co sprawi\u0142o, \u017ce te dwa fundamentalne tematy s\u0105 nieustannie obecne w badaniach prowadzonych w tym o\u015brodku: pogranicza kulturowe oraz ich to\u017csamo\u015b\u0107 regionalna i etniczna. Spotkanie stanowi okazj\u0119 do uczczenia 30-lecia bada\u0144 i dzia\u0142alno\u015bci dydaktycznej w zakresie etnologii i antropologii kulturowej na Uniwersytecie \u015al\u0105skim, a tak\u017ce do debaty i refleksji nad rol\u0105 etnologii i antropologii kulturowej jako dyscyplin otwartych na analiz\u0119, poszukiwanie i przekraczanie granic problem\u00f3w badawczych oraz \u2013 z praktycznego punktu widzenia \u2013 na projektowanie i wdra\u017canie r\u00f3\u017cnych dzia\u0142a\u0144 na rzecz lokalnych spo\u0142eczno\u015bci.<\/span><\/p>\n<p><span style=\"font-size: 12pt;\">W programie przewidziano wyst\u0105pienia zar\u00f3wno polskich, jak i zagranicznych badaczy reprezentuj\u0105cych r\u00f3\u017cnorodne podej\u015bcia do tematyki konferencji.<\/span><\/p>\n<p><span style=\"font-size: 12pt;\"><a href=\"https:\/\/us.edu.pl\/wydzial\/wsne\/wp-content\/uploads\/sites\/20\/Bez-kategorii\/Antropologia-na-pograniczu-pogranicza-w-antropologii_Program-konferencji.pdf\" class=\"mtli_attachment mtli_pdf\" data-mtli=\"mtli_filesize16,33MB\">Antropologia na pograniczu &#8211; pogranicza w antropologii Program konferencji<\/a><\/span><\/p>\n<p><span style=\"font-size: 12pt;\">Program konferencji<\/span><\/p>\n<p><img class=\"alignnone wp-image-172048 size-thumbnail\" src=\"https:\/\/us.edu.pl\/wydzial\/wsne\/wp-content\/uploads\/sites\/20\/Bez-kategorii\/Program-konferencji-300x300.png\" alt=\"Program konferencji\" width=\"300\" height=\"300\" srcset=\"https:\/\/us.edu.pl\/wydzial\/wsne\/wp-content\/uploads\/sites\/20\/Bez-kategorii\/Program-konferencji-300x300.png 300w, https:\/\/us.edu.pl\/wydzial\/wsne\/wp-content\/uploads\/sites\/20\/Bez-kategorii\/Program-konferencji-900x900.png 900w, https:\/\/us.edu.pl\/wydzial\/wsne\/wp-content\/uploads\/sites\/20\/Bez-kategorii\/Program-konferencji-768x768.png 768w, https:\/\/us.edu.pl\/wydzial\/wsne\/wp-content\/uploads\/sites\/20\/Bez-kategorii\/Program-konferencji-575x575.png 575w, https:\/\/us.edu.pl\/wydzial\/wsne\/wp-content\/uploads\/sites\/20\/Bez-kategorii\/Program-konferencji.png 1000w\" sizes=\"(max-width: 300px) 100vw, 300px\" \/><\/p>\n<p><span style=\"font-size: 12pt;\">Conference programme<\/span><\/p>\n<p><img class=\"alignnone wp-image-172049 size-thumbnail\" src=\"https:\/\/us.edu.pl\/wydzial\/wsne\/wp-content\/uploads\/sites\/20\/Bez-kategorii\/Conference-programme-300x300.png\" alt=\"Conference programme\" width=\"300\" height=\"300\" srcset=\"https:\/\/us.edu.pl\/wydzial\/wsne\/wp-content\/uploads\/sites\/20\/Bez-kategorii\/Conference-programme-300x300.png 300w, https:\/\/us.edu.pl\/wydzial\/wsne\/wp-content\/uploads\/sites\/20\/Bez-kategorii\/Conference-programme-900x900.png 900w, https:\/\/us.edu.pl\/wydzial\/wsne\/wp-content\/uploads\/sites\/20\/Bez-kategorii\/Conference-programme-768x768.png 768w, https:\/\/us.edu.pl\/wydzial\/wsne\/wp-content\/uploads\/sites\/20\/Bez-kategorii\/Conference-programme-575x575.png 575w, https:\/\/us.edu.pl\/wydzial\/wsne\/wp-content\/uploads\/sites\/20\/Bez-kategorii\/Conference-programme.png 1000w\" sizes=\"(max-width: 300px) 100vw, 300px\" \/><\/p>\n<p><span style=\"font-size: 12pt;\">Ksi\u0119ga abstrakt\u00f3w<\/span><\/p>\n<p><img class=\"alignnone wp-image-172050 size-thumbnail\" src=\"https:\/\/us.edu.pl\/wydzial\/wsne\/wp-content\/uploads\/sites\/20\/Bez-kategorii\/Ksiega-abstraktow-300x300.png\" alt=\"Ksi\u0119ga abstrakt\u00f3w\" width=\"300\" height=\"300\" srcset=\"https:\/\/us.edu.pl\/wydzial\/wsne\/wp-content\/uploads\/sites\/20\/Bez-kategorii\/Ksiega-abstraktow-300x300.png 300w, https:\/\/us.edu.pl\/wydzial\/wsne\/wp-content\/uploads\/sites\/20\/Bez-kategorii\/Ksiega-abstraktow-900x900.png 900w, https:\/\/us.edu.pl\/wydzial\/wsne\/wp-content\/uploads\/sites\/20\/Bez-kategorii\/Ksiega-abstraktow-768x768.png 768w, https:\/\/us.edu.pl\/wydzial\/wsne\/wp-content\/uploads\/sites\/20\/Bez-kategorii\/Ksiega-abstraktow-575x575.png 575w, https:\/\/us.edu.pl\/wydzial\/wsne\/wp-content\/uploads\/sites\/20\/Bez-kategorii\/Ksiega-abstraktow.png 1000w\" sizes=\"(max-width: 300px) 100vw, 300px\" \/>[\/vc_column_text][\/vc_column][\/vc_row]<\/p>\n<style type=\"text\/css\">a[data-mtli~=\"mtli_filesize16,33MB\"]:after {content:\" (16,33 MB)\"}<\/style>","protected":false},"excerpt":{"rendered":"<p>[vc_row][vc_column][vc_column_text]Zapraszamy na obchody jubileuszu 30-lecia O\u015brodka Etnologii i\u00a0Antropologii Kulturowej w\u00a0Cieszynie Uniwersytetu \u015al\u0105skiego po\u0142\u0105czone z\u00a017. Europejsk\u0105 Naukow\u0105 Konferencj\u0105\u00a0 Kultury Ludowej IOV-WORLD Antropologia na\u00a0pograniczu \u2013 pogranicza w\u00a0antropologii 22-23 pa\u017adziernika 2025 roku, Cieszyn Konferencja ma na celu poszerzenie wiedzy i wymian\u0119 do\u015bwiadcze\u0144 zwi\u0105zanych z szeroko rozumianym pograniczem, zar\u00f3wno w wymiarze spo\u0142ecznym, jak i kulturowym. Etnologia cieszy\u0144ska zosta\u0142a osadzona [&#8230;]<\/p>\n<p><a class=\"btn btn-secondary understrap-read-more-link\" href=\"https:\/\/us.edu.pl\/wydzial\/wsne\/2025\/10\/16\/antropologia-na-pograniczu-pogranicza-w-antropologii-jubileusz-30-lecia-osrodka-etnologii-i-antropologii-kulturowej-w-cieszynie\/\">Read More&#8230;<\/a><\/p>\n","protected":false},"author":110,"featured_media":172051,"comment_status":"open","ping_status":"open","sticky":false,"template":"","format":"standard","meta":{"_expiration-date-status":"","_expiration-date":0,"_expiration-date-type":"","_expiration-date-categories":[],"_expiration-date-options":[]},"categories":[13,10],"tags":[],"acf":[],"_links":{"self":[{"href":"https:\/\/us.edu.pl\/wydzial\/wsne\/wp-json\/wp\/v2\/posts\/172046"}],"collection":[{"href":"https:\/\/us.edu.pl\/wydzial\/wsne\/wp-json\/wp\/v2\/posts"}],"about":[{"href":"https:\/\/us.edu.pl\/wydzial\/wsne\/wp-json\/wp\/v2\/types\/post"}],"author":[{"embeddable":true,"href":"https:\/\/us.edu.pl\/wydzial\/wsne\/wp-json\/wp\/v2\/users\/110"}],"replies":[{"embeddable":true,"href":"https:\/\/us.edu.pl\/wydzial\/wsne\/wp-json\/wp\/v2\/comments?post=172046"}],"version-history":[{"count":1,"href":"https:\/\/us.edu.pl\/wydzial\/wsne\/wp-json\/wp\/v2\/posts\/172046\/revisions"}],"predecessor-version":[{"id":172052,"href":"https:\/\/us.edu.pl\/wydzial\/wsne\/wp-json\/wp\/v2\/posts\/172046\/revisions\/172052"}],"wp:featuredmedia":[{"embeddable":true,"href":"https:\/\/us.edu.pl\/wydzial\/wsne\/wp-json\/wp\/v2\/media\/172051"}],"wp:attachment":[{"href":"https:\/\/us.edu.pl\/wydzial\/wsne\/wp-json\/wp\/v2\/media?parent=172046"}],"wp:term":[{"taxonomy":"category","embeddable":true,"href":"https:\/\/us.edu.pl\/wydzial\/wsne\/wp-json\/wp\/v2\/categories?post=172046"},{"taxonomy":"post_tag","embeddable":true,"href":"https:\/\/us.edu.pl\/wydzial\/wsne\/wp-json\/wp\/v2\/tags?post=172046"}],"curies":[{"name":"wp","href":"https:\/\/api.w.org\/{rel}","templated":true}]}}