{"id":174279,"date":"2026-04-28T14:37:40","date_gmt":"2026-04-28T12:37:40","guid":{"rendered":"https:\/\/us.edu.pl\/wydzial\/wsne\/?p=174279"},"modified":"2026-04-28T14:38:55","modified_gmt":"2026-04-28T12:38:55","slug":"dzien-rektorski","status":"publish","type":"post","link":"https:\/\/us.edu.pl\/wydzial\/wsne\/2026\/04\/28\/dzien-rektorski\/","title":{"rendered":"Dzie\u0144 rektorski"},"content":{"rendered":"<p>[vc_row][vc_column][vc_column_text]<\/p>\n<p style=\"text-align: center;\"><span style=\"font-size: 12pt;\"><strong>KOMUNIKAT<br \/>\n<\/strong><strong>Rektora Uniwersytetu \u015al\u0105skiego w Katowicach<br \/>\n<\/strong><strong>z dnia 27 kwietnia 2026 r.<br \/>\n<\/strong><strong>w sprawie ustalenia godzin rektorskich<br \/>\n<\/strong><strong>w dniu 4 maja 2026 r.<br \/>\n<\/strong><strong>dla studentek i student\u00f3w studi\u00f3w I i II stopnia <\/strong><strong>oraz jednolitych studi\u00f3w magisterskich<\/strong><\/span><\/p>\n<p><span style=\"font-size: 12pt;\">W zwi\u0105zku ze zbli\u017caj\u0105c\u0105 si\u0119 \u201emaj\u00f3wk\u0105\u201d i dniami ustawowo wolnymi od pracy tj. 1\u00a0maja (\u015awi\u0119to Pracy) i 3 maja (\u015awi\u0119to Konstytucji 3 maja), na wniosek Samorz\u0105du Studenckiego Uniwersytetu \u015al\u0105skiego w Katowicach, og\u0142aszam <strong>4\u00a0maja 2026 r. <\/strong>dniem rektorskim wolnym od zaj\u0119\u0107 dydaktycznych.<\/span><\/p>\n<p style=\"text-align: right;\"><span style=\"font-size: 12pt;\">Z up. REKTORA<br \/>\nProrektor ds. studenckich i kszta\u0142cenia<\/span><\/p>\n<p style=\"text-align: right;\"><span style=\"font-size: 12pt;\"><strong>dr Katarzyna Trynda, prof. U\u015a<\/strong><\/span><br \/>\n<span style=\"font-size: 12pt;\">\/podpisano kwalifikowanym podpisem elektronicznym\/<\/span><\/p>\n<p>[\/vc_column_text][\/vc_column][\/vc_row]<\/p>","protected":false},"excerpt":{"rendered":"<p>[vc_row][vc_column][vc_column_text] KOMUNIKAT Rektora Uniwersytetu \u015al\u0105skiego w Katowicach z dnia 27 kwietnia 2026 r. w sprawie ustalenia godzin rektorskich w dniu 4 maja 2026 r. dla studentek i student\u00f3w studi\u00f3w I i II stopnia oraz jednolitych studi\u00f3w magisterskich W zwi\u0105zku ze zbli\u017caj\u0105c\u0105 si\u0119 \u201emaj\u00f3wk\u0105\u201d i dniami ustawowo wolnymi od pracy tj. 1\u00a0maja (\u015awi\u0119to Pracy) i 3 [&#8230;]<\/p>\n<p><a class=\"btn btn-secondary understrap-read-more-link\" href=\"https:\/\/us.edu.pl\/wydzial\/wsne\/2026\/04\/28\/dzien-rektorski\/\">Read More&#8230;<\/a><\/p>\n","protected":false},"author":110,"featured_media":174280,"comment_status":"open","ping_status":"open","sticky":false,"template":"","format":"standard","meta":{"_expiration-date-status":"","_expiration-date":0,"_expiration-date-type":"","_expiration-date-categories":[],"_expiration-date-options":[]},"categories":[13,10],"tags":[],"acf":[],"_links":{"self":[{"href":"https:\/\/us.edu.pl\/wydzial\/wsne\/wp-json\/wp\/v2\/posts\/174279"}],"collection":[{"href":"https:\/\/us.edu.pl\/wydzial\/wsne\/wp-json\/wp\/v2\/posts"}],"about":[{"href":"https:\/\/us.edu.pl\/wydzial\/wsne\/wp-json\/wp\/v2\/types\/post"}],"author":[{"embeddable":true,"href":"https:\/\/us.edu.pl\/wydzial\/wsne\/wp-json\/wp\/v2\/users\/110"}],"replies":[{"embeddable":true,"href":"https:\/\/us.edu.pl\/wydzial\/wsne\/wp-json\/wp\/v2\/comments?post=174279"}],"version-history":[{"count":2,"href":"https:\/\/us.edu.pl\/wydzial\/wsne\/wp-json\/wp\/v2\/posts\/174279\/revisions"}],"predecessor-version":[{"id":174282,"href":"https:\/\/us.edu.pl\/wydzial\/wsne\/wp-json\/wp\/v2\/posts\/174279\/revisions\/174282"}],"wp:featuredmedia":[{"embeddable":true,"href":"https:\/\/us.edu.pl\/wydzial\/wsne\/wp-json\/wp\/v2\/media\/174280"}],"wp:attachment":[{"href":"https:\/\/us.edu.pl\/wydzial\/wsne\/wp-json\/wp\/v2\/media?parent=174279"}],"wp:term":[{"taxonomy":"category","embeddable":true,"href":"https:\/\/us.edu.pl\/wydzial\/wsne\/wp-json\/wp\/v2\/categories?post=174279"},{"taxonomy":"post_tag","embeddable":true,"href":"https:\/\/us.edu.pl\/wydzial\/wsne\/wp-json\/wp\/v2\/tags?post=174279"}],"curies":[{"name":"wp","href":"https:\/\/api.w.org\/{rel}","templated":true}]}}