{"id":174284,"date":"2026-04-28T15:04:15","date_gmt":"2026-04-28T13:04:15","guid":{"rendered":"https:\/\/us.edu.pl\/wydzial\/wsne\/?p=174284"},"modified":"2026-04-28T15:04:15","modified_gmt":"2026-04-28T13:04:15","slug":"studentka-nagrodzona-w-konkursie-konfrontacje-mlodych-dyrygentow-chormistrzow","status":"publish","type":"post","link":"https:\/\/us.edu.pl\/wydzial\/wsne\/2026\/04\/28\/studentka-nagrodzona-w-konkursie-konfrontacje-mlodych-dyrygentow-chormistrzow\/","title":{"rendered":"Studentka nagrodzona w konkursie: Konfrontacje M\u0142odych Dyrygent\u00f3w Ch\u00f3rmistrz\u00f3w"},"content":{"rendered":"<p>[vc_row][vc_column][vc_column_text]<span style=\"font-size: 12pt;\">Kinga Drabek, studentka 2. roku studi\u00f3w magisterskich na kierunku edukacja artystyczna w zakresie sztuk muzycznych uzyska\u0142a III miejsce w Uniwersytecki Forum Dyrygenckim \u2013 Konfrontacje M\u0142odych Ch\u00f3rmistrz\u00f3w. Studentk\u0119 przygotowa\u0142a prof. dr hab. Izabella Zielecka-Panek z Instytutu Sztuk Muzycznych Uniwersytetu \u015al\u0105skiego w Cieszynie. Gratulujemy!<\/span><\/p>\n<p><span style=\"font-size: 12pt;\">Konfrontacje M\u0142odych Dyrygent\u00f3w Ch\u00f3rmistrz\u00f3w to presti\u017cowy, og\u00f3lnopolski konkurs b\u0119d\u0105cy sercem projektu Uniwersyteckie Forum Dyrygenckie. Wydarzenie jest kierowane do student\u00f3w kierunku edukacja artystyczna w zakresie sztuki muzycznej <\/span><br \/>\n<span style=\"font-size: 12pt;\">z polskich uniwersytet\u00f3w. Uniwersyteckie Forum Dyrygenckie ma charakter \u201ew\u0119druj\u0105cy\u201d \u2013 co roku organizuje je inny o\u015brodek akademicki w Polsce.\u00a0 W tym roku organizatorem by\u0142 Wydzia\u0142 Pedagogiczno-Artystyczny w Kaliszu.<\/span><\/p>\n<p><span style=\"font-size: 12pt;\">Konkurs s\u0142u\u017cy wymianie pogl\u0105d\u00f3w na temat wsp\u00f3\u0142czesnej ch\u00f3ralistyki i metodyki prowadzenia zespo\u0142\u00f3w. Uczestnicy maj\u0105 rzadk\u0105 okazj\u0119 pracy z r\u00f3\u017cnorodnymi sk\u0142adami wykonawczymi (ch\u00f3ry dzieci\u0119ce, akademickie, mieszane, czasem orkiestra d\u0119ta lub smyczkowa) pod okiem profesjonalnego jury. Jurorzy bior\u0105 pod uwag\u0119 efektywno\u015b\u0107 metod pracy, innowacyjno\u015b\u0107 oraz umiej\u0119tno\u015b\u0107 nawi\u0105zania kontaktu z zespo\u0142em przez adept\u00f3w sztuki dyrygenckiej.<\/span><\/p>\n<p><span style=\"font-size: 12pt;\">Podczas Forum M\u0142odych Dyrygent\u00f3w Kalisz 2026 do konkursu dyrygenckiego stan\u0119\u0142o 11 student\u00f3w reprezentuj\u0105cych: Uniwersytet Rzeszowski, Uniwersytet Zielonog\u00f3rski, Uniwersytet Marii Curie-Sk\u0142odowskiej w Lublinie, Uniwersytet Warmi\u0144sko-Mazurskiego w Olsztynie, Uniwersytet \u015al\u0105ski w Katowicach Filia w Cieszynie, Uniwersytet Jana Kochanowskiego w Kielcach, Uniwersytet im. A. Mickiewicza w Poznaniu Filia w Kaliszu,<\/span><\/p>\n<p><span style=\"font-size: 12pt;\">Uniwersytet Kazimierza Wielkiego w Bydgoszczy.<\/span><\/p>\n<p><span style=\"font-size: 12pt;\">Zwyci\u0119\u017cczyni\u0105 zosta\u0142a Joanna Str\u0105k \u2013 studentka reprezentuj\u0105ca Uniwersytet Jana Kochanowskiego \u00a0w Kielcach.<\/span>[\/vc_column_text][\/vc_column][\/vc_row][vc_row][vc_column]            \r\n                    <div class=\"container\">\r\n                        <div class=\"gallery gallery_4\" data-images-in-row=\"4\">\r\n                            \r\n                            <div class=\"row m-0\">\r\n                                <a data-fancybox-group=\"button\" title=\"\" data-fancybox=\"3038\" href=\"https:\/\/us.edu.pl\/wydzial\/wsne\/wp-content\/uploads\/sites\/20\/Bez-kategorii\/III-miejsce-w-Uniwersytecki-Forum-Dyrygenckim-1.jpeg\" class=\"gallery__item thumbnail\"\r\n                                    style=\"background-image: url(https:\/\/us.edu.pl\/wydzial\/wsne\/wp-content\/uploads\/sites\/20\/Bez-kategorii\/III-miejsce-w-Uniwersytecki-Forum-Dyrygenckim-1-900x1200.jpeg)\"> <span class=\"d-none\">https:\/\/us.edu.pl\/wydzial\/wsne\/wp-content\/uploads\/sites\/20\/Bez-kategorii\/III-miejsce-w-Uniwersytecki-Forum-Dyrygenckim-1.jpeg<\/span> <\/a><a data-fancybox-group=\"button\" title=\"\" data-fancybox=\"3038\" href=\"https:\/\/us.edu.pl\/wydzial\/wsne\/wp-content\/uploads\/sites\/20\/Bez-kategorii\/III-miejsce-w-Uniwersytecki-Forum-Dyrygenckim-2.jpg\" class=\"gallery__item thumbnail\"\r\n                                    style=\"background-image: url(https:\/\/us.edu.pl\/wydzial\/wsne\/wp-content\/uploads\/sites\/20\/Bez-kategorii\/III-miejsce-w-Uniwersytecki-Forum-Dyrygenckim-2-695x1200.jpg)\"> <span class=\"d-none\">https:\/\/us.edu.pl\/wydzial\/wsne\/wp-content\/uploads\/sites\/20\/Bez-kategorii\/III-miejsce-w-Uniwersytecki-Forum-Dyrygenckim-2.jpg<\/span> <\/a><a data-fancybox-group=\"button\" title=\"\" data-fancybox=\"3038\" href=\"https:\/\/us.edu.pl\/wydzial\/wsne\/wp-content\/uploads\/sites\/20\/Bez-kategorii\/III-miejsce-w-Uniwersytecki-Forum-Dyrygenckim-1.jpg\" class=\"gallery__item thumbnail\"\r\n                                    style=\"background-image: url(https:\/\/us.edu.pl\/wydzial\/wsne\/wp-content\/uploads\/sites\/20\/Bez-kategorii\/III-miejsce-w-Uniwersytecki-Forum-Dyrygenckim-1-827x1200.jpg)\"> <span class=\"d-none\">https:\/\/us.edu.pl\/wydzial\/wsne\/wp-content\/uploads\/sites\/20\/Bez-kategorii\/III-miejsce-w-Uniwersytecki-Forum-Dyrygenckim-1.jpg<\/span> <\/a>\r\n                            <\/div>\r\n                    <\/div>\r\n                <\/div>[\/vc_column][\/vc_row]<\/p>","protected":false},"excerpt":{"rendered":"<p>[vc_row][vc_column][vc_column_text]Kinga Drabek, studentka 2. roku studi\u00f3w magisterskich na kierunku edukacja artystyczna w zakresie sztuk muzycznych uzyska\u0142a III miejsce w Uniwersytecki Forum Dyrygenckim \u2013 Konfrontacje M\u0142odych Ch\u00f3rmistrz\u00f3w. Studentk\u0119 przygotowa\u0142a prof. dr hab. Izabella Zielecka-Panek z Instytutu Sztuk Muzycznych Uniwersytetu \u015al\u0105skiego w Cieszynie. Gratulujemy! Konfrontacje M\u0142odych Dyrygent\u00f3w Ch\u00f3rmistrz\u00f3w to presti\u017cowy, og\u00f3lnopolski konkurs b\u0119d\u0105cy sercem projektu Uniwersyteckie Forum [&#8230;]<\/p>\n<p><a class=\"btn btn-secondary understrap-read-more-link\" href=\"https:\/\/us.edu.pl\/wydzial\/wsne\/2026\/04\/28\/studentka-nagrodzona-w-konkursie-konfrontacje-mlodych-dyrygentow-chormistrzow\/\">Read More&#8230;<\/a><\/p>\n","protected":false},"author":110,"featured_media":174285,"comment_status":"open","ping_status":"open","sticky":false,"template":"","format":"standard","meta":{"_expiration-date-status":"","_expiration-date":0,"_expiration-date-type":"","_expiration-date-categories":[],"_expiration-date-options":[]},"categories":[13,10],"tags":[],"acf":[],"_links":{"self":[{"href":"https:\/\/us.edu.pl\/wydzial\/wsne\/wp-json\/wp\/v2\/posts\/174284"}],"collection":[{"href":"https:\/\/us.edu.pl\/wydzial\/wsne\/wp-json\/wp\/v2\/posts"}],"about":[{"href":"https:\/\/us.edu.pl\/wydzial\/wsne\/wp-json\/wp\/v2\/types\/post"}],"author":[{"embeddable":true,"href":"https:\/\/us.edu.pl\/wydzial\/wsne\/wp-json\/wp\/v2\/users\/110"}],"replies":[{"embeddable":true,"href":"https:\/\/us.edu.pl\/wydzial\/wsne\/wp-json\/wp\/v2\/comments?post=174284"}],"version-history":[{"count":1,"href":"https:\/\/us.edu.pl\/wydzial\/wsne\/wp-json\/wp\/v2\/posts\/174284\/revisions"}],"predecessor-version":[{"id":174290,"href":"https:\/\/us.edu.pl\/wydzial\/wsne\/wp-json\/wp\/v2\/posts\/174284\/revisions\/174290"}],"wp:featuredmedia":[{"embeddable":true,"href":"https:\/\/us.edu.pl\/wydzial\/wsne\/wp-json\/wp\/v2\/media\/174285"}],"wp:attachment":[{"href":"https:\/\/us.edu.pl\/wydzial\/wsne\/wp-json\/wp\/v2\/media?parent=174284"}],"wp:term":[{"taxonomy":"category","embeddable":true,"href":"https:\/\/us.edu.pl\/wydzial\/wsne\/wp-json\/wp\/v2\/categories?post=174284"},{"taxonomy":"post_tag","embeddable":true,"href":"https:\/\/us.edu.pl\/wydzial\/wsne\/wp-json\/wp\/v2\/tags?post=174284"}],"curies":[{"name":"wp","href":"https:\/\/api.w.org\/{rel}","templated":true}]}}