{"id":174751,"date":"2026-06-09T13:19:00","date_gmt":"2026-06-09T11:19:00","guid":{"rendered":"https:\/\/us.edu.pl\/wydzial\/wsne\/?p=174751"},"modified":"2026-06-09T13:19:00","modified_gmt":"2026-06-09T11:19:00","slug":"studenci-edukacji-artystycznej-w-zakresie-sztuki-muzycznej-na-festiwalu-festu-w-saint-etienne","status":"publish","type":"post","link":"https:\/\/us.edu.pl\/wydzial\/wsne\/2026\/06\/09\/studenci-edukacji-artystycznej-w-zakresie-sztuki-muzycznej-na-festiwalu-festu-w-saint-etienne\/","title":{"rendered":"Studenci edukacji artystycznej w zakresie sztuki muzycznej na festiwalu Fest\u2019U w Saint-\u00c9tienne"},"content":{"rendered":"<p>[vc_row][vc_column][vc_column_text]<span style=\"font-size: 12pt;\">Nina Kumorek (wokal) i Wojciech Brzoza (gitara), studiuj\u0105cy na edukacji artystycznej w zakresie sztuki muzycznej, studiach II stopnia, zostali wybrani do udzia\u0142u w mi\u0119dzynarodowym festiwalu Fest\u2019U, organizowanym przez Uniwersytet Jeana Monneta w Saint-\u00c9tienne we Francji.<\/span><\/p>\n<p><span style=\"font-size: 12pt;\">Udzia\u0142 w wydarzeniu by\u0142 du\u017cym wyr\u00f3\u017cnieniem. Organizatorzy otrzymali \u0142\u0105cznie 105 zg\u0142osze\u0144 z 11 europejskich uczelni zrzeszonych w sojuszu Transform4Europe, spo\u015br\u00f3d kt\u00f3rych wy\u0142oniono zaledwie pi\u0119cioro uczestnik\u00f3w. Studenci naszego wydzia\u0142u byli jedynymi uczestnikami z Polski.<\/span><\/p>\n<p><span style=\"font-size: 12pt;\">Podczas festiwalu, kt\u00f3ry odby\u0142 si\u0119 w ostatnim tygodniu maja, wyst\u0105pili dla publiczno\u015bci z\u0142o\u017conej ze student\u00f3w i pracownik\u00f3w uczelni partnerskich T4E, prezentuj\u0105c standardy jazzowe, w\u0142asne kompozycje i aran\u017cacje. \u00a0Program wydarzenia obejmowa\u0142 r\u00f3wnie\u017c warsztaty z zakresu profesjonalnej produkcji audio-wideo, spotkania integracyjne oraz dzia\u0142ania maj\u0105ce na celu rozwijanie wsp\u00f3\u0142pracy mi\u0119dzy studentami z r\u00f3\u017cnych kraj\u00f3w Europy.<\/span><\/p>\n<p><span style=\"font-size: 12pt;\">Pobyt w Saint-\u00c9tienne by\u0142 dla student\u00f3w nie tylko okazj\u0105 do zaprezentowania ich tw\u00f3rczo\u015bci, ale tak\u017ce do zdobycia nowych do\u015bwiadcze\u0144 artystycznych i kulturowych oraz wymiany inspiracji. By\u0142y to cztery intensywne dni pe\u0142ne muzyki, kreatywnej pracy i zacie\u015bniania mi\u0119dzynarodowych wi\u0119zi. Zaproszenie do udzia\u0142u w wydarzeniu by\u0142o du\u017cym wyr\u00f3\u017cnieniem i form\u0105 docenienia naszej dotychczasowej dzia\u0142alno\u015bci artystycznej.<\/span><\/p>\n<p><span style=\"font-size: 12pt;\">Wyjazd zosta\u0142 zorganizowany dzi\u0119ki wsp\u00f3\u0142pracy Uniwersytetu \u015al\u0105skiego, Uniwersytetu Jeana Monneta (Universit\u00e9 Jean Monnet) oraz sojuszu Transform4Europe.<\/span><\/p>\n<p><span style=\"font-size: 12pt;\">Zdj\u0119cia organizatora oraz z archiwum student\u00f3w<\/span>[\/vc_column_text][\/vc_column][\/vc_row][vc_row][vc_column]            \r\n                    <div class=\"container\">\r\n                        <div class=\"gallery gallery_4\" data-images-in-row=\"4\">\r\n                            \r\n                            <div class=\"row m-0\">\r\n                                <a data-fancybox-group=\"button\" title=\"\" data-fancybox=\"3000\" href=\"https:\/\/us.edu.pl\/wydzial\/wsne\/wp-content\/uploads\/sites\/20\/Bez-kategorii\/01-6.jpg\" class=\"gallery__item thumbnail\"\r\n                                    style=\"background-image: url(https:\/\/us.edu.pl\/wydzial\/wsne\/wp-content\/uploads\/sites\/20\/Bez-kategorii\/01-6-1200x900.jpg)\"> <span class=\"d-none\">https:\/\/us.edu.pl\/wydzial\/wsne\/wp-content\/uploads\/sites\/20\/Bez-kategorii\/01-6.jpg<\/span> <\/a><a data-fancybox-group=\"button\" title=\"\" data-fancybox=\"3000\" href=\"https:\/\/us.edu.pl\/wydzial\/wsne\/wp-content\/uploads\/sites\/20\/Bez-kategorii\/02-3.jpg\" class=\"gallery__item thumbnail\"\r\n                                    style=\"background-image: url(https:\/\/us.edu.pl\/wydzial\/wsne\/wp-content\/uploads\/sites\/20\/Bez-kategorii\/02-3-1200x1200.jpg)\"> <span class=\"d-none\">https:\/\/us.edu.pl\/wydzial\/wsne\/wp-content\/uploads\/sites\/20\/Bez-kategorii\/02-3.jpg<\/span> <\/a><a data-fancybox-group=\"button\" title=\"\" data-fancybox=\"3000\" href=\"https:\/\/us.edu.pl\/wydzial\/wsne\/wp-content\/uploads\/sites\/20\/Bez-kategorii\/03-4.jpg\" class=\"gallery__item thumbnail\"\r\n                                    style=\"background-image: url(https:\/\/us.edu.pl\/wydzial\/wsne\/wp-content\/uploads\/sites\/20\/Bez-kategorii\/03-4-1200x800.jpg)\"> <span class=\"d-none\">https:\/\/us.edu.pl\/wydzial\/wsne\/wp-content\/uploads\/sites\/20\/Bez-kategorii\/03-4.jpg<\/span> <\/a><a data-fancybox-group=\"button\" title=\"\" data-fancybox=\"3000\" href=\"https:\/\/us.edu.pl\/wydzial\/wsne\/wp-content\/uploads\/sites\/20\/Bez-kategorii\/04-2.jpg\" class=\"gallery__item thumbnail\"\r\n                                    style=\"background-image: url(https:\/\/us.edu.pl\/wydzial\/wsne\/wp-content\/uploads\/sites\/20\/Bez-kategorii\/04-2-800x1200.jpg)\"> <span class=\"d-none\">https:\/\/us.edu.pl\/wydzial\/wsne\/wp-content\/uploads\/sites\/20\/Bez-kategorii\/04-2.jpg<\/span> <\/a><a data-fancybox-group=\"button\" title=\"\" data-fancybox=\"3000\" href=\"https:\/\/us.edu.pl\/wydzial\/wsne\/wp-content\/uploads\/sites\/20\/Bez-kategorii\/05-1.jpg\" class=\"gallery__item thumbnail\"\r\n                                    style=\"background-image: url(https:\/\/us.edu.pl\/wydzial\/wsne\/wp-content\/uploads\/sites\/20\/Bez-kategorii\/05-1-800x1200.jpg)\"> <span class=\"d-none\">https:\/\/us.edu.pl\/wydzial\/wsne\/wp-content\/uploads\/sites\/20\/Bez-kategorii\/05-1.jpg<\/span> <\/a><a data-fancybox-group=\"button\" title=\"\" data-fancybox=\"3000\" href=\"https:\/\/us.edu.pl\/wydzial\/wsne\/wp-content\/uploads\/sites\/20\/Bez-kategorii\/06-1.jpg\" class=\"gallery__item thumbnail\"\r\n                                    style=\"background-image: url(https:\/\/us.edu.pl\/wydzial\/wsne\/wp-content\/uploads\/sites\/20\/Bez-kategorii\/06-1-1200x800.jpg)\"> <span class=\"d-none\">https:\/\/us.edu.pl\/wydzial\/wsne\/wp-content\/uploads\/sites\/20\/Bez-kategorii\/06-1.jpg<\/span> <\/a><a data-fancybox-group=\"button\" title=\"\" data-fancybox=\"3000\" href=\"https:\/\/us.edu.pl\/wydzial\/wsne\/wp-content\/uploads\/sites\/20\/Bez-kategorii\/07-1.jpg\" class=\"gallery__item thumbnail\"\r\n                                    style=\"background-image: url(https:\/\/us.edu.pl\/wydzial\/wsne\/wp-content\/uploads\/sites\/20\/Bez-kategorii\/07-1-1200x800.jpg)\"> <span class=\"d-none\">https:\/\/us.edu.pl\/wydzial\/wsne\/wp-content\/uploads\/sites\/20\/Bez-kategorii\/07-1.jpg<\/span> <\/a><a data-fancybox-group=\"button\" title=\"\" data-fancybox=\"3000\" href=\"https:\/\/us.edu.pl\/wydzial\/wsne\/wp-content\/uploads\/sites\/20\/Bez-kategorii\/08-1.jpg\" class=\"gallery__item thumbnail\"\r\n                                    style=\"background-image: url(https:\/\/us.edu.pl\/wydzial\/wsne\/wp-content\/uploads\/sites\/20\/Bez-kategorii\/08-1-1200x800.jpg)\"> <span class=\"d-none\">https:\/\/us.edu.pl\/wydzial\/wsne\/wp-content\/uploads\/sites\/20\/Bez-kategorii\/08-1.jpg<\/span> <\/a><a data-fancybox-group=\"button\" title=\"\" data-fancybox=\"3000\" href=\"https:\/\/us.edu.pl\/wydzial\/wsne\/wp-content\/uploads\/sites\/20\/Bez-kategorii\/09-1.jpg\" class=\"gallery__item thumbnail\"\r\n                                    style=\"background-image: url(https:\/\/us.edu.pl\/wydzial\/wsne\/wp-content\/uploads\/sites\/20\/Bez-kategorii\/09-1-1200x800.jpg)\"> <span class=\"d-none\">https:\/\/us.edu.pl\/wydzial\/wsne\/wp-content\/uploads\/sites\/20\/Bez-kategorii\/09-1.jpg<\/span> <\/a><a data-fancybox-group=\"button\" title=\"\" data-fancybox=\"3000\" href=\"https:\/\/us.edu.pl\/wydzial\/wsne\/wp-content\/uploads\/sites\/20\/Bez-kategorii\/10-3.jpg\" class=\"gallery__item thumbnail\"\r\n                                    style=\"background-image: url(https:\/\/us.edu.pl\/wydzial\/wsne\/wp-content\/uploads\/sites\/20\/Bez-kategorii\/10-3-800x1200.jpg)\"> <span class=\"d-none\">https:\/\/us.edu.pl\/wydzial\/wsne\/wp-content\/uploads\/sites\/20\/Bez-kategorii\/10-3.jpg<\/span> <\/a><a data-fancybox-group=\"button\" title=\"\" data-fancybox=\"3000\" href=\"https:\/\/us.edu.pl\/wydzial\/wsne\/wp-content\/uploads\/sites\/20\/Bez-kategorii\/11-5.jpg\" class=\"gallery__item thumbnail\"\r\n                                    style=\"background-image: url(https:\/\/us.edu.pl\/wydzial\/wsne\/wp-content\/uploads\/sites\/20\/Bez-kategorii\/11-5-800x1200.jpg)\"> <span class=\"d-none\">https:\/\/us.edu.pl\/wydzial\/wsne\/wp-content\/uploads\/sites\/20\/Bez-kategorii\/11-5.jpg<\/span> <\/a><a data-fancybox-group=\"button\" title=\"\" data-fancybox=\"3000\" href=\"https:\/\/us.edu.pl\/wydzial\/wsne\/wp-content\/uploads\/sites\/20\/Bez-kategorii\/12-3.jpg\" class=\"gallery__item thumbnail\"\r\n                                    style=\"background-image: url(https:\/\/us.edu.pl\/wydzial\/wsne\/wp-content\/uploads\/sites\/20\/Bez-kategorii\/12-3-800x1200.jpg)\"> <span class=\"d-none\">https:\/\/us.edu.pl\/wydzial\/wsne\/wp-content\/uploads\/sites\/20\/Bez-kategorii\/12-3.jpg<\/span> <\/a>\r\n                            <\/div>\r\n                    <\/div>\r\n                <\/div>[\/vc_column][\/vc_row]<\/p>","protected":false},"excerpt":{"rendered":"<p>[vc_row][vc_column][vc_column_text]Nina Kumorek (wokal) i Wojciech Brzoza (gitara), studiuj\u0105cy na edukacji artystycznej w zakresie sztuki muzycznej, studiach II stopnia, zostali wybrani do udzia\u0142u w mi\u0119dzynarodowym festiwalu Fest\u2019U, organizowanym przez Uniwersytet Jeana Monneta w Saint-\u00c9tienne we Francji. Udzia\u0142 w wydarzeniu by\u0142 du\u017cym wyr\u00f3\u017cnieniem. Organizatorzy otrzymali \u0142\u0105cznie 105 zg\u0142osze\u0144 z 11 europejskich uczelni zrzeszonych w sojuszu Transform4Europe, spo\u015br\u00f3d [&#8230;]<\/p>\n<p><a class=\"btn btn-secondary understrap-read-more-link\" href=\"https:\/\/us.edu.pl\/wydzial\/wsne\/2026\/06\/09\/studenci-edukacji-artystycznej-w-zakresie-sztuki-muzycznej-na-festiwalu-festu-w-saint-etienne\/\">Read More&#8230;<\/a><\/p>\n","protected":false},"author":110,"featured_media":174752,"comment_status":"open","ping_status":"open","sticky":false,"template":"","format":"standard","meta":{"_expiration-date-status":"","_expiration-date":0,"_expiration-date-type":"","_expiration-date-categories":[],"_expiration-date-options":[]},"categories":[13,10],"tags":[],"acf":[],"_links":{"self":[{"href":"https:\/\/us.edu.pl\/wydzial\/wsne\/wp-json\/wp\/v2\/posts\/174751"}],"collection":[{"href":"https:\/\/us.edu.pl\/wydzial\/wsne\/wp-json\/wp\/v2\/posts"}],"about":[{"href":"https:\/\/us.edu.pl\/wydzial\/wsne\/wp-json\/wp\/v2\/types\/post"}],"author":[{"embeddable":true,"href":"https:\/\/us.edu.pl\/wydzial\/wsne\/wp-json\/wp\/v2\/users\/110"}],"replies":[{"embeddable":true,"href":"https:\/\/us.edu.pl\/wydzial\/wsne\/wp-json\/wp\/v2\/comments?post=174751"}],"version-history":[{"count":1,"href":"https:\/\/us.edu.pl\/wydzial\/wsne\/wp-json\/wp\/v2\/posts\/174751\/revisions"}],"predecessor-version":[{"id":174764,"href":"https:\/\/us.edu.pl\/wydzial\/wsne\/wp-json\/wp\/v2\/posts\/174751\/revisions\/174764"}],"wp:featuredmedia":[{"embeddable":true,"href":"https:\/\/us.edu.pl\/wydzial\/wsne\/wp-json\/wp\/v2\/media\/174752"}],"wp:attachment":[{"href":"https:\/\/us.edu.pl\/wydzial\/wsne\/wp-json\/wp\/v2\/media?parent=174751"}],"wp:term":[{"taxonomy":"category","embeddable":true,"href":"https:\/\/us.edu.pl\/wydzial\/wsne\/wp-json\/wp\/v2\/categories?post=174751"},{"taxonomy":"post_tag","embeddable":true,"href":"https:\/\/us.edu.pl\/wydzial\/wsne\/wp-json\/wp\/v2\/tags?post=174751"}],"curies":[{"name":"wp","href":"https:\/\/api.w.org\/{rel}","templated":true}]}}