{"id":175681,"date":"2026-09-04T14:02:14","date_gmt":"2026-09-04T12:02:14","guid":{"rendered":"https:\/\/us.edu.pl\/wydzial\/wsne\/?p=175681"},"modified":"2026-09-04T14:06:32","modified_gmt":"2026-09-04T12:06:32","slug":"inauguracja-roku-akademickiego-2026-2027-na-wsne","status":"publish","type":"post","link":"https:\/\/us.edu.pl\/wydzial\/wsne\/2026\/09\/04\/inauguracja-roku-akademickiego-2026-2027-na-wsne\/","title":{"rendered":"Inauguracja Roku Akademickiego 2026\/2027 na WSNE"},"content":{"rendered":"<p>[vc_row][vc_column][vc_column_text]<\/p>\n<p style=\"text-align: center;\"><span style=\"font-size: 14pt;\">Jego Magnificencja<br \/>\nRektor Uniwersytetu \u015bl\u0105skiego w Katowicach oraz Dziekana Wydzia\u0142u Sztuki i Nauk o Edukacji<\/span><\/p>\n<p style=\"text-align: center;\"><span style=\"font-size: 14pt;\">\u00a0maj\u0105 zaszczyt zaprosi\u0107 na<\/span><\/p>\n<p style=\"text-align: center;\"><span style=\"font-size: 14pt;\">Uroczyst\u0105 Inauguracj\u0119 Roku Akademickiego 2026\/2027, kt\u00f3ra odb\u0119dzie si\u0119 <strong>7 pa\u017adziernika o godz. 11.00<\/strong> w sali konferencyjnej\u00a0 (Cieszyn, ul. Bielska 62, sala B0.1)<\/span><\/p>\n<p><span style=\"font-size: 14pt;\">Program uroczysto\u015bci:<\/span><\/p>\n<p><span style=\"font-size: 14pt;\"><strong>Przem\u00f3wienie inauguracyjne<\/strong><\/span><br \/>\n<span style=\"font-size: 14pt;\">W\u0142adz Rektorskich Uniwersytetu \u015al\u0105skiego<\/span><\/p>\n<p><span style=\"font-size: 14pt;\"><strong>Przem\u00f3wienie inauguracyjne<\/strong><\/span><br \/>\n<span style=\"font-size: 14pt;\">Dziekany Wydzia\u0142u Sztuki i Nauk o Edukacji \u2013 dr hab. Katarzyny Marcol, prof. U\u015a<\/span><\/p>\n<p><span style=\"font-size: 14pt;\"><strong>Immatrykulacja student\u00f3w<\/strong><\/span><\/p>\n<p><span style=\"font-size: 14pt;\"><strong>Wyk\u0142ad inauguracyjny<\/strong><\/span><br \/>\n<span style=\"font-size: 14pt;\">prof. dr hab. Tadeusz S\u0142awek<\/span><br \/>\n<span style=\"font-size: 14pt;\"><em>Ci, kt\u00f3rzy s\u0142ysz\u0105 tykanie. Humanistyka w czasie marnym<\/em><\/span><\/p>\n<p><span style=\"font-size: 14pt;\"><strong>Wyst\u0119p Ch\u00f3ru Uniwersytetu \u015al\u0105skiego \u201eHarmonia\u201d<\/strong><\/span><br \/>\n<span style=\"font-size: 14pt;\">dyrygent: prof. dr hab. Joanna Glenc<\/span><\/p>\n<p style=\"text-align: center;\"><img class=\"alignnone wp-image-175686 size-full\" src=\"https:\/\/us.edu.pl\/wydzial\/wsne\/wp-content\/uploads\/sites\/20\/Bez-kategorii\/2026_zaproszenie_wsne.png\" alt=\"Uroczyst\u0105 Inauguracj\u0119 Roku Akademickiego 2026\/2027\" width=\"1400\" height=\"1000\" srcset=\"https:\/\/us.edu.pl\/wydzial\/wsne\/wp-content\/uploads\/sites\/20\/Bez-kategorii\/2026_zaproszenie_wsne.png 1400w, https:\/\/us.edu.pl\/wydzial\/wsne\/wp-content\/uploads\/sites\/20\/Bez-kategorii\/2026_zaproszenie_wsne-900x643.png 900w, https:\/\/us.edu.pl\/wydzial\/wsne\/wp-content\/uploads\/sites\/20\/Bez-kategorii\/2026_zaproszenie_wsne-1200x857.png 1200w, https:\/\/us.edu.pl\/wydzial\/wsne\/wp-content\/uploads\/sites\/20\/Bez-kategorii\/2026_zaproszenie_wsne-768x549.png 768w, https:\/\/us.edu.pl\/wydzial\/wsne\/wp-content\/uploads\/sites\/20\/Bez-kategorii\/2026_zaproszenie_wsne-575x411.png 575w\" sizes=\"(max-width: 1400px) 100vw, 1400px\" \/><\/p>\n<p>[\/vc_column_text][\/vc_column][\/vc_row]<\/p>","protected":false},"excerpt":{"rendered":"<p>[vc_row][vc_column][vc_column_text] Jego Magnificencja Rektor Uniwersytetu \u015bl\u0105skiego w Katowicach oraz Dziekana Wydzia\u0142u Sztuki i Nauk o Edukacji \u00a0maj\u0105 zaszczyt zaprosi\u0107 na Uroczyst\u0105 Inauguracj\u0119 Roku Akademickiego 2026\/2027, kt\u00f3ra odb\u0119dzie si\u0119 7 pa\u017adziernika o godz. 11.00 w sali konferencyjnej\u00a0 (Cieszyn, ul. Bielska 62, sala B0.1) Program uroczysto\u015bci: Przem\u00f3wienie inauguracyjne W\u0142adz Rektorskich Uniwersytetu \u015al\u0105skiego Przem\u00f3wienie inauguracyjne Dziekany Wydzia\u0142u Sztuki [&#8230;]<\/p>\n<p><a class=\"btn btn-secondary understrap-read-more-link\" href=\"https:\/\/us.edu.pl\/wydzial\/wsne\/2026\/09\/04\/inauguracja-roku-akademickiego-2026-2027-na-wsne\/\">Read More&#8230;<\/a><\/p>\n","protected":false},"author":110,"featured_media":175682,"comment_status":"open","ping_status":"open","sticky":false,"template":"","format":"standard","meta":{"_expiration-date-status":"","_expiration-date":0,"_expiration-date-type":"","_expiration-date-categories":[],"_expiration-date-options":[]},"categories":[13,10],"tags":[],"acf":[],"_links":{"self":[{"href":"https:\/\/us.edu.pl\/wydzial\/wsne\/wp-json\/wp\/v2\/posts\/175681"}],"collection":[{"href":"https:\/\/us.edu.pl\/wydzial\/wsne\/wp-json\/wp\/v2\/posts"}],"about":[{"href":"https:\/\/us.edu.pl\/wydzial\/wsne\/wp-json\/wp\/v2\/types\/post"}],"author":[{"embeddable":true,"href":"https:\/\/us.edu.pl\/wydzial\/wsne\/wp-json\/wp\/v2\/users\/110"}],"replies":[{"embeddable":true,"href":"https:\/\/us.edu.pl\/wydzial\/wsne\/wp-json\/wp\/v2\/comments?post=175681"}],"version-history":[{"count":4,"href":"https:\/\/us.edu.pl\/wydzial\/wsne\/wp-json\/wp\/v2\/posts\/175681\/revisions"}],"predecessor-version":[{"id":175688,"href":"https:\/\/us.edu.pl\/wydzial\/wsne\/wp-json\/wp\/v2\/posts\/175681\/revisions\/175688"}],"wp:featuredmedia":[{"embeddable":true,"href":"https:\/\/us.edu.pl\/wydzial\/wsne\/wp-json\/wp\/v2\/media\/175682"}],"wp:attachment":[{"href":"https:\/\/us.edu.pl\/wydzial\/wsne\/wp-json\/wp\/v2\/media?parent=175681"}],"wp:term":[{"taxonomy":"category","embeddable":true,"href":"https:\/\/us.edu.pl\/wydzial\/wsne\/wp-json\/wp\/v2\/categories?post=175681"},{"taxonomy":"post_tag","embeddable":true,"href":"https:\/\/us.edu.pl\/wydzial\/wsne\/wp-json\/wp\/v2\/tags?post=175681"}],"curies":[{"name":"wp","href":"https:\/\/api.w.org\/{rel}","templated":true}]}}