{"id":175694,"date":"2026-09-04T10:07:17","date_gmt":"2026-09-04T08:07:17","guid":{"rendered":"https:\/\/us.edu.pl\/wydzial\/wsne\/?p=175694"},"modified":"2026-09-04T15:15:10","modified_gmt":"2026-09-04T13:15:10","slug":"open-classics-festival-in-beskids","status":"publish","type":"post","link":"https:\/\/us.edu.pl\/wydzial\/wsne\/2026\/09\/04\/open-classics-festival-in-beskids\/","title":{"rendered":"OPEN CLASSICS FESTIVAL IN BESKIDS"},"content":{"rendered":"<p>[vc_row][vc_column][vc_column_text]<img class=\"alignnone wp-image-175691\" src=\"https:\/\/us.edu.pl\/wydzial\/wsne\/wp-content\/uploads\/sites\/20\/Bez-kategorii\/Interrreg-900x226.jpg\" alt=\"\" width=\"542\" height=\"136\" srcset=\"https:\/\/us.edu.pl\/wydzial\/wsne\/wp-content\/uploads\/sites\/20\/Bez-kategorii\/Interrreg-900x226.jpg 900w, https:\/\/us.edu.pl\/wydzial\/wsne\/wp-content\/uploads\/sites\/20\/Bez-kategorii\/Interrreg-768x193.jpg 768w, https:\/\/us.edu.pl\/wydzial\/wsne\/wp-content\/uploads\/sites\/20\/Bez-kategorii\/Interrreg-575x144.jpg 575w, https:\/\/us.edu.pl\/wydzial\/wsne\/wp-content\/uploads\/sites\/20\/Bez-kategorii\/Interrreg.jpg 953w\" sizes=\"(max-width: 542px) 100vw, 542px\" \/><\/p>\n<p>OPEN CLASSICS FESTIVAL IN BESKIDS<\/p>\n<p><strong>Program:<\/strong>\u00a0Interreg Czechy &#8211; Polska 2021-2027 Fundusz Ma\u0142ych Projekt\u00f3w Euroregionu \u015al\u0105sk Cieszy\u0144ski, cel 4.2,<\/p>\n<p><strong>Dofinansowanie dla projektu:<\/strong>\u00a036\u00a0935,86 EUR<\/p>\n<p><strong>Dofinansowanie dla U\u015a:<\/strong>\u00a031 529,41 EUR<\/p>\n<p><strong>Jednostka realizuj\u0105ca projekt w U\u015a:\u00a0<\/strong>Wydzia\u0142 Sztuki i Nauk o Edukacji<\/p>\n<p><strong>Partner projektu: <\/strong>Ostravsk\u00e1 univerzita, Fakulta um\u011bn\u00ed<\/p>\n<p><strong>Kierownik Projektu:<\/strong>\u00a0dr. Aleksandra Ha\u0142at, prof. U\u015a<\/p>\n<p><strong>Okres realizacji projektu:<\/strong>\u00a001.09.2026 r. \u2013 31.08.2027 r.<\/p>\n<p><strong>Cel projektu:<\/strong><\/p>\n<p>Open Classics Festival in Beskids to wydarzenie kulturalne prezentuj\u0105ce muzyk\u0119 klasyczn\u0105 w nowoczesnym kontek\u015bcie, \u0142\u0105cz\u0105c j\u0105 ze sztuk\u0105 cyfrow\u0105 oraz literatur\u0105. Planowane wyst\u0119py odb\u0119d\u0105 si\u0119 w Karwinie, Ostrawie, Cieszynie, Ustroniu oraz Jastrz\u0119biu-Zdroju. G\u0142\u00f3wnym celem jest upowszechnienie muzyki klasycznej i improwizowanej poprzez zestawienie jej z innymi dziedzinami sztuki: sztuk\u0105 cyfrow\u0105 i literatur\u0105.<\/p>\n<p><strong>Za\u0142o\u017cenia projektu:<\/strong><\/p>\n<p>Udzia\u0142 w festiwalu jest dedykowany ka\u017cdej grupie wiekowej, a jego ide\u0105 jest ukazanie \u015bwiatowej rangi dzie\u0142 muzycznych, prezentowanych przez uznanych i m\u0142odych artyst\u00f3w. Festiwal b\u0119dzie integrowa\u0107 dziedzictwo muzyki klasycznej z nowoczesnymi formami sztuki cyfrowej oraz budowa\u0107 przestrze\u0144 spotkania tradycji kulturowych po obu stronach granicy czesko-polskiej.<\/p>\n<p>Udzia\u0142 w wydarzeniach jest otwarty i dedykowany szerokiemu gronu odbiorc\u00f3w w tym mieszka\u0144com z miast i okolic takich jak: Karwina, Ostrawa, Cieszyn, Ustro\u0144 oraz Jastrz\u0119bie-Zdr\u00f3j oraz wszystkim osobom zainteresowanym muzyk\u0105 klasyczn\u0105 i improwizowan\u0105 w nowym wydaniu.<\/p>\n<p><img class=\"alignnone size-medium wp-image-175692\" src=\"https:\/\/us.edu.pl\/wydzial\/wsne\/wp-content\/uploads\/sites\/20\/Bez-kategorii\/logo-1-900x106.jpg\" alt=\"\" width=\"900\" height=\"106\" srcset=\"https:\/\/us.edu.pl\/wydzial\/wsne\/wp-content\/uploads\/sites\/20\/Bez-kategorii\/logo-1-900x106.jpg 900w, https:\/\/us.edu.pl\/wydzial\/wsne\/wp-content\/uploads\/sites\/20\/Bez-kategorii\/logo-1-768x91.jpg 768w, https:\/\/us.edu.pl\/wydzial\/wsne\/wp-content\/uploads\/sites\/20\/Bez-kategorii\/logo-1-575x68.jpg 575w, https:\/\/us.edu.pl\/wydzial\/wsne\/wp-content\/uploads\/sites\/20\/Bez-kategorii\/logo-1.jpg 1000w\" sizes=\"(max-width: 900px) 100vw, 900px\" \/>[\/vc_column_text][\/vc_column][\/vc_row]<\/p>","protected":false},"excerpt":{"rendered":"<p>[vc_row][vc_column][vc_column_text] OPEN CLASSICS FESTIVAL IN BESKIDS Program:\u00a0Interreg Czechy &#8211; Polska 2021-2027 Fundusz Ma\u0142ych Projekt\u00f3w Euroregionu \u015al\u0105sk Cieszy\u0144ski, cel 4.2, Dofinansowanie dla projektu:\u00a036\u00a0935,86 EUR Dofinansowanie dla U\u015a:\u00a031 529,41 EUR Jednostka realizuj\u0105ca projekt w U\u015a:\u00a0Wydzia\u0142 Sztuki i Nauk o Edukacji Partner projektu: Ostravsk\u00e1 univerzita, Fakulta um\u011bn\u00ed Kierownik Projektu:\u00a0dr. Aleksandra Ha\u0142at, prof. U\u015a Okres realizacji projektu:\u00a001.09.2026 r. \u2013 [&#8230;]<\/p>\n<p><a class=\"btn btn-secondary understrap-read-more-link\" href=\"https:\/\/us.edu.pl\/wydzial\/wsne\/2026\/09\/04\/open-classics-festival-in-beskids\/\">Read More&#8230;<\/a><\/p>\n","protected":false},"author":110,"featured_media":175699,"comment_status":"open","ping_status":"open","sticky":false,"template":"","format":"standard","meta":{"_expiration-date-status":"","_expiration-date":0,"_expiration-date-type":"","_expiration-date-categories":[],"_expiration-date-options":[]},"categories":[18],"tags":[],"acf":[],"_links":{"self":[{"href":"https:\/\/us.edu.pl\/wydzial\/wsne\/wp-json\/wp\/v2\/posts\/175694"}],"collection":[{"href":"https:\/\/us.edu.pl\/wydzial\/wsne\/wp-json\/wp\/v2\/posts"}],"about":[{"href":"https:\/\/us.edu.pl\/wydzial\/wsne\/wp-json\/wp\/v2\/types\/post"}],"author":[{"embeddable":true,"href":"https:\/\/us.edu.pl\/wydzial\/wsne\/wp-json\/wp\/v2\/users\/110"}],"replies":[{"embeddable":true,"href":"https:\/\/us.edu.pl\/wydzial\/wsne\/wp-json\/wp\/v2\/comments?post=175694"}],"version-history":[{"count":1,"href":"https:\/\/us.edu.pl\/wydzial\/wsne\/wp-json\/wp\/v2\/posts\/175694\/revisions"}],"predecessor-version":[{"id":175696,"href":"https:\/\/us.edu.pl\/wydzial\/wsne\/wp-json\/wp\/v2\/posts\/175694\/revisions\/175696"}],"wp:featuredmedia":[{"embeddable":true,"href":"https:\/\/us.edu.pl\/wydzial\/wsne\/wp-json\/wp\/v2\/media\/175699"}],"wp:attachment":[{"href":"https:\/\/us.edu.pl\/wydzial\/wsne\/wp-json\/wp\/v2\/media?parent=175694"}],"wp:term":[{"taxonomy":"category","embeddable":true,"href":"https:\/\/us.edu.pl\/wydzial\/wsne\/wp-json\/wp\/v2\/categories?post=175694"},{"taxonomy":"post_tag","embeddable":true,"href":"https:\/\/us.edu.pl\/wydzial\/wsne\/wp-json\/wp\/v2\/tags?post=175694"}],"curies":[{"name":"wp","href":"https:\/\/api.w.org\/{rel}","templated":true}]}}