{"id":3917,"date":"2020-10-06T15:45:29","date_gmt":"2020-10-06T13:45:29","guid":{"rendered":"https:\/\/us.edu.pl\/wydzial\/wsne\/?p=3917"},"modified":"2020-10-06T15:47:02","modified_gmt":"2020-10-06T13:47:02","slug":"3917","status":"publish","type":"post","link":"https:\/\/us.edu.pl\/wydzial\/wsne\/2020\/10\/06\/3917\/","title":{"rendered":"Zarz\u0105dzenie 1\/2020  Dziekana Wydzia\u0142u Sztuki i Nauk o Edukacji"},"content":{"rendered":"<p><span style=\"font-size: 14pt\">Zarz\u0105dzenie 1\/2020<\/span><\/p>\n<p><span style=\"font-size: 14pt\">Dziekana Wydzia\u0142u Sztuki i Nauk o Edukacji<\/span><\/p>\n<p><span style=\"font-size: 14pt\">Z dnia 05.10.2020<\/span><\/p>\n<p><span style=\"font-size: 14pt\">W zwi\u0105zku z rozwijaj\u0105c\u0105 si\u0119 sytuacj\u0105 pandemiczn\u0105 postanawiam, \u017ce na <\/span><span style=\"font-size: 14pt\">Wydziale Sztuki i Nauk o Edukacji<\/span><\/p>\n<ol>\n<li><span style=\"font-size: 14pt\">W czasie trwania 1 poziomu zagro\u017cenia Covid-19 (poziom \u017c\u00f3\u0142ty) dzia\u0142alno\u015b\u0107\u00a0studenckich zespo\u0142\u00f3w, grup i k\u00f3\u0142 naukowych mo\u017ce odbywa\u0107 si\u0119 w\u00a0trybie zdalnym lub przy zachowaniu \u015bcis\u0142ego re\u017cimu sanitarnego. Tym samym zawiesza si\u0119 dzia\u0142alno\u015b\u0107 grupow\u0105 powy\u017cej 6 os\u00f3b. Zawieszenie dotyczy aktywno\u015bci nie b\u0119d\u0105cej cz\u0119\u015bci\u0105 realizacji obowi\u0105zkowych efekt\u00f3w kszta\u0142cenia opisanych we w\u0142a\u015bciwych modu\u0142ach.<\/span><\/li>\n<li><span style=\"font-size: 14pt\">W czasie trwania 2 poziomu zagro\u017cenia Covid-19 (poziom pomara\u0144czowy) dzia\u0142alno\u015b\u0107 studenckich zespo\u0142\u00f3w, grup i k\u00f3\u0142 naukowych mo\u017ce odbywa\u0107 si\u0119 tylko <\/span><span style=\"font-size: 14pt\">i wy\u0142\u0105cznie w\u00a0trybie zdalnym.<\/span><\/li>\n<li><span style=\"font-size: 14pt\">W czasie trwania 2 poziomu zagro\u017cenia Covid-19 (poziom pomara\u0144czowy) aktywno\u015b\u0107 b\u0119d\u0105ca cz\u0119\u015bci\u0105 realizacji obowi\u0105zkowych efekt\u00f3w kszta\u0142cenia mo\u017ce si\u0119 odbywa\u0107 w grupach do 6 os\u00f3b \u2014 o ile Dziekan nie wyda innej decyzji.<\/span><\/li>\n<li><span style=\"font-size: 14pt\">Powy\u017csze regulacje dotycz\u0105 aktywno\u015bci na terenie filii w Cieszynie oraz poza ni\u0105 o ile dzia\u0142alno\u015b\u0107 jest afiliowana przy Wydziale Sztuki i Nauk o Edukacji.<\/span><\/li>\n<\/ol>\n<p><span style=\"font-size: 14pt\">Zarz\u0105dzenie wchodzi w \u017cycie 06.10.2020<\/span><\/p>\n<p><span style=\"font-size: 14pt\"><a href=\"https:\/\/us.edu.pl\/wydzial\/wsne\/wp-content\/uploads\/sites\/20\/Nieprzypisane\/Zarz\u0105dzenie.pdf\" class=\"mtli_attachment mtli_pdf\" data-mtli=\"mtli_filesize1,30MB\">Zarz\u0105dzenie<\/a><\/span><\/p>\n<p>&nbsp;<\/p>\n<style type=\"text\/css\">a[data-mtli~=\"mtli_filesize1,30MB\"]:after {content:\" (1,30 MB)\"}<\/style>","protected":false},"excerpt":{"rendered":"<p>Zarz\u0105dzenie 1\/2020 Dziekana Wydzia\u0142u Sztuki i Nauk o Edukacji Z dnia 05.10.2020 W zwi\u0105zku z rozwijaj\u0105c\u0105 si\u0119 sytuacj\u0105 pandemiczn\u0105 postanawiam, \u017ce na Wydziale Sztuki i Nauk o Edukacji W czasie trwania 1 poziomu zagro\u017cenia Covid-19 (poziom \u017c\u00f3\u0142ty) dzia\u0142alno\u015b\u0107\u00a0studenckich zespo\u0142\u00f3w, grup i k\u00f3\u0142 naukowych mo\u017ce odbywa\u0107 si\u0119 w\u00a0trybie zdalnym lub przy zachowaniu \u015bcis\u0142ego re\u017cimu sanitarnego. Tym [&#8230;]<\/p>\n<p><a class=\"btn btn-secondary understrap-read-more-link\" href=\"https:\/\/us.edu.pl\/wydzial\/wsne\/2020\/10\/06\/3917\/\">Read More&#8230;<\/a><\/p>\n","protected":false},"author":110,"featured_media":0,"comment_status":"open","ping_status":"open","sticky":false,"template":"","format":"standard","meta":{"_expiration-date-status":"saved","_expiration-date":0,"_expiration-date-type":"","_expiration-date-categories":[],"_expiration-date-options":[]},"categories":[13,12,10],"tags":[],"acf":[],"_links":{"self":[{"href":"https:\/\/us.edu.pl\/wydzial\/wsne\/wp-json\/wp\/v2\/posts\/3917"}],"collection":[{"href":"https:\/\/us.edu.pl\/wydzial\/wsne\/wp-json\/wp\/v2\/posts"}],"about":[{"href":"https:\/\/us.edu.pl\/wydzial\/wsne\/wp-json\/wp\/v2\/types\/post"}],"author":[{"embeddable":true,"href":"https:\/\/us.edu.pl\/wydzial\/wsne\/wp-json\/wp\/v2\/users\/110"}],"replies":[{"embeddable":true,"href":"https:\/\/us.edu.pl\/wydzial\/wsne\/wp-json\/wp\/v2\/comments?post=3917"}],"version-history":[{"count":3,"href":"https:\/\/us.edu.pl\/wydzial\/wsne\/wp-json\/wp\/v2\/posts\/3917\/revisions"}],"predecessor-version":[{"id":3923,"href":"https:\/\/us.edu.pl\/wydzial\/wsne\/wp-json\/wp\/v2\/posts\/3917\/revisions\/3923"}],"wp:attachment":[{"href":"https:\/\/us.edu.pl\/wydzial\/wsne\/wp-json\/wp\/v2\/media?parent=3917"}],"wp:term":[{"taxonomy":"category","embeddable":true,"href":"https:\/\/us.edu.pl\/wydzial\/wsne\/wp-json\/wp\/v2\/categories?post=3917"},{"taxonomy":"post_tag","embeddable":true,"href":"https:\/\/us.edu.pl\/wydzial\/wsne\/wp-json\/wp\/v2\/tags?post=3917"}],"curies":[{"name":"wp","href":"https:\/\/api.w.org\/{rel}","templated":true}]}}